{"id":9773,"date":"2024-08-31T08:06:49","date_gmt":"2024-08-31T08:06:49","guid":{"rendered":"https:\/\/koylio-seura.fi\/?p=9773"},"modified":"2024-09-20T10:14:08","modified_gmt":"2024-09-20T10:14:08","slug":"18-9-2024-klo-17-turun-lukupiiri-turussa-cafe-artissa","status":"publish","type":"post","link":"https:\/\/koylio-seura.fi\/?p=9773","title":{"rendered":"18.9.2024 klo 17 Turun lukupiiri Turussa Caf\u00e9 Artissa"},"content":{"rendered":"\t\t<div data-elementor-type=\"wp-post\" data-elementor-id=\"9773\" class=\"elementor elementor-9773\" data-elementor-post-type=\"post\">\n\t\t\t\t\t\t<section class=\"elementor-section elementor-top-section elementor-element elementor-element-104ab1e5 elementor-section-boxed elementor-section-height-default elementor-section-height-default\" data-id=\"104ab1e5\" data-element_type=\"section\">\n\t\t\t\t\t\t<div class=\"elementor-container elementor-column-gap-default\">\n\t\t\t\t\t<div class=\"elementor-column elementor-col-100 elementor-top-column elementor-element elementor-element-2e169f7f\" data-id=\"2e169f7f\" data-element_type=\"column\">\n\t\t\t<div class=\"elementor-widget-wrap elementor-element-populated\">\n\t\t\t\t\t\t<div class=\"elementor-element elementor-element-10a99f1d elementor-widget elementor-widget-text-editor\" data-id=\"10a99f1d\" data-element_type=\"widget\" data-widget_type=\"text-editor.default\">\n\t\t\t\t<div class=\"elementor-widget-container\">\n\t\t\t\t\t\t\t\t\t<p><\/p>\n<p>Seuraavaksi kokoonnumme keskiviikkona syyskuun 18. p\u00e4iv\u00e4 Turussa Caf\u00e9 Artissa klo 17. Kirjaksi valitsimme Olli Jalosen romaanin Stalker-vuodet. Kalevi Salmi esittelee kirjailijan ja kirjan.<br \/>Tervetuloa!<\/p>\n<p><a href=\"https:\/\/koylio-seura.fi\/?page_id=1033\" target=\"_blank\" rel=\"noopener\">T\u00e4st\u00e4 linkist\u00e4<\/a> l\u00f6yd\u00e4t tiedot Turun lukupiirist\u00e4 18.9.2024 Caf\u00e9 Artissa Turussa<\/p>\n<p><a href=\"https:\/\/koylio-seura.fi\/?page_id=1033\" target=\"_blank\" rel=\"noopener\">T\u00e4st\u00e4 linkist\u00e4<\/a> l\u00f6yd\u00e4t tiedot Turun lukupiirist\u00e4 1.7.2024 Villa Linturissa K\u00f6yli\u00f6ss\u00e4<\/p>\n<p><\/p>\t\t\t\t\t\t\t\t<\/div>\n\t\t\t\t<\/div>\n\t\t\t\t\t<\/div>\n\t\t<\/div>\n\t\t\t\t\t<\/div>\n\t\t<\/section>\n\t\t\t\t<\/div>\n\t\t","protected":false},"excerpt":{"rendered":"<p>Seuraavaksi kokoonnumme keskiviikkona syyskuun 18. p\u00e4iv\u00e4 Turussa Caf\u00e9 Artissa klo 17. Kirjaksi valitsimme Olli Jalosen romaanin Stalker-vuodet. Kalevi Salmi esittelee kirjailijan ja kirjan.Tervetuloa! T\u00e4st\u00e4 linkist\u00e4 l\u00f6yd\u00e4t tiedot Turun lukupiirist\u00e4 18.9.2024 Caf\u00e9 Artissa Turussa T\u00e4st\u00e4 linkist\u00e4 l\u00f6yd\u00e4t tiedot Turun lukupiirist\u00e4 1.7.2024 &#8230; <a title=\"18.9.2024 klo 17 Turun lukupiiri Turussa Caf\u00e9 Artissa\" class=\"read-more\" href=\"https:\/\/koylio-seura.fi\/?p=9773\" aria-label=\"Lue lis\u00e4\u00e4 aiheesta 18.9.2024 klo 17 Turun lukupiiri Turussa Caf\u00e9 Artissa\">Lue lis\u00e4\u00e4<\/a><\/p>\n","protected":false},"author":6,"featured_media":0,"comment_status":"closed","ping_status":"closed","sticky":false,"template":"","format":"standard","meta":{"footnotes":""},"categories":[4,6],"tags":[],"class_list":["post-9773","post","type-post","status-publish","format-standard","hentry","category-koylio-seura","category-turun-seutu","infinite-scroll-item"],"yoast_head":"<!-- This site is optimized with the Yoast SEO plugin v26.6 - https:\/\/yoast.com\/wordpress\/plugins\/seo\/ -->\n<title>18.9.2024 klo 17 Turun lukupiiri Turussa Caf\u00e9 Artissa - K\u00f6yli\u00f6-seura<\/title>\n<meta name=\"robots\" content=\"index, follow, max-snippet:-1, max-image-preview:large, max-video-preview:-1\" \/>\n<link rel=\"canonical\" href=\"https:\/\/koylio-seura.fi\/?p=9773\" \/>\n<meta property=\"og:locale\" content=\"fi_FI\" \/>\n<meta property=\"og:type\" content=\"article\" \/>\n<meta property=\"og:title\" content=\"18.9.2024 klo 17 Turun lukupiiri Turussa Caf\u00e9 Artissa - K\u00f6yli\u00f6-seura\" \/>\n<meta property=\"og:description\" content=\"Seuraavaksi kokoonnumme keskiviikkona syyskuun 18. p\u00e4iv\u00e4 Turussa Caf\u00e9 Artissa klo 17. Kirjaksi valitsimme Olli Jalosen romaanin Stalker-vuodet. Kalevi Salmi esittelee kirjailijan ja kirjan.Tervetuloa! T\u00e4st\u00e4 linkist\u00e4 l\u00f6yd\u00e4t tiedot Turun lukupiirist\u00e4 18.9.2024 Caf\u00e9 Artissa Turussa T\u00e4st\u00e4 linkist\u00e4 l\u00f6yd\u00e4t tiedot Turun lukupiirist\u00e4 1.7.2024 ... Lue lis\u00e4\u00e4\" \/>\n<meta property=\"og:url\" content=\"https:\/\/koylio-seura.fi\/?p=9773\" \/>\n<meta property=\"og:site_name\" content=\"K\u00f6yli\u00f6-seura\" \/>\n<meta property=\"article:published_time\" content=\"2024-08-31T08:06:49+00:00\" \/>\n<meta property=\"article:modified_time\" content=\"2024-09-20T10:14:08+00:00\" \/>\n<meta name=\"author\" content=\"Marita Holkeri\" \/>\n<meta name=\"twitter:card\" content=\"summary_large_image\" \/>\n<meta name=\"twitter:label1\" content=\"Kirjoittanut\" \/>\n\t<meta name=\"twitter:data1\" content=\"Marita Holkeri\" \/>\n\t<meta name=\"twitter:label2\" content=\"Arvioitu lukuaika\" \/>\n\t<meta name=\"twitter:data2\" content=\"1 minuutti\" \/>\n<script type=\"application\/ld+json\" class=\"yoast-schema-graph\">{\"@context\":\"https:\/\/schema.org\",\"@graph\":[{\"@type\":\"Article\",\"@id\":\"https:\/\/koylio-seura.fi\/?p=9773#article\",\"isPartOf\":{\"@id\":\"https:\/\/koylio-seura.fi\/?p=9773\"},\"author\":{\"name\":\"Marita Holkeri\",\"@id\":\"https:\/\/koylio-seura.fi\/#\/schema\/person\/df27e5a4e7c9a06b7b1b7d0fb9c6b2b9\"},\"headline\":\"18.9.2024 klo 17 Turun lukupiiri Turussa Caf\u00e9 Artissa\",\"datePublished\":\"2024-08-31T08:06:49+00:00\",\"dateModified\":\"2024-09-20T10:14:08+00:00\",\"mainEntityOfPage\":{\"@id\":\"https:\/\/koylio-seura.fi\/?p=9773\"},\"wordCount\":55,\"publisher\":{\"@id\":\"https:\/\/koylio-seura.fi\/#organization\"},\"articleSection\":[\"K\u00f6yli\u00f6-seura\",\"Turun seutu\"],\"inLanguage\":\"fi\"},{\"@type\":\"WebPage\",\"@id\":\"https:\/\/koylio-seura.fi\/?p=9773\",\"url\":\"https:\/\/koylio-seura.fi\/?p=9773\",\"name\":\"18.9.2024 klo 17 Turun lukupiiri Turussa Caf\u00e9 Artissa - K\u00f6yli\u00f6-seura\",\"isPartOf\":{\"@id\":\"https:\/\/koylio-seura.fi\/#website\"},\"datePublished\":\"2024-08-31T08:06:49+00:00\",\"dateModified\":\"2024-09-20T10:14:08+00:00\",\"breadcrumb\":{\"@id\":\"https:\/\/koylio-seura.fi\/?p=9773#breadcrumb\"},\"inLanguage\":\"fi\",\"potentialAction\":[{\"@type\":\"ReadAction\",\"target\":[\"https:\/\/koylio-seura.fi\/?p=9773\"]}]},{\"@type\":\"BreadcrumbList\",\"@id\":\"https:\/\/koylio-seura.fi\/?p=9773#breadcrumb\",\"itemListElement\":[{\"@type\":\"ListItem\",\"position\":1,\"name\":\"Etusivu\",\"item\":\"https:\/\/koylio-seura.fi\/\"},{\"@type\":\"ListItem\",\"position\":2,\"name\":\"18.9.2024 klo 17 Turun lukupiiri Turussa Caf\u00e9 Artissa\"}]},{\"@type\":\"WebSite\",\"@id\":\"https:\/\/koylio-seura.fi\/#website\",\"url\":\"https:\/\/koylio-seura.fi\/\",\"name\":\"K\u00f6yli\u00f6-seura\",\"description\":\"\",\"publisher\":{\"@id\":\"https:\/\/koylio-seura.fi\/#organization\"},\"potentialAction\":[{\"@type\":\"SearchAction\",\"target\":{\"@type\":\"EntryPoint\",\"urlTemplate\":\"https:\/\/koylio-seura.fi\/?s={search_term_string}\"},\"query-input\":{\"@type\":\"PropertyValueSpecification\",\"valueRequired\":true,\"valueName\":\"search_term_string\"}}],\"inLanguage\":\"fi\"},{\"@type\":\"Organization\",\"@id\":\"https:\/\/koylio-seura.fi\/#organization\",\"name\":\"K\u00f6yli\u00f6-seura\",\"url\":\"https:\/\/koylio-seura.fi\/\",\"logo\":{\"@type\":\"ImageObject\",\"inLanguage\":\"fi\",\"@id\":\"https:\/\/koylio-seura.fi\/#\/schema\/logo\/image\/\",\"url\":\"https:\/\/koylio-seura.fi\/wp-content\/uploads\/2023\/07\/cropped-KS-logo-23.png\",\"contentUrl\":\"https:\/\/koylio-seura.fi\/wp-content\/uploads\/2023\/07\/cropped-KS-logo-23.png\",\"width\":530,\"height\":619,\"caption\":\"K\u00f6yli\u00f6-seura\"},\"image\":{\"@id\":\"https:\/\/koylio-seura.fi\/#\/schema\/logo\/image\/\"}},{\"@type\":\"Person\",\"@id\":\"https:\/\/koylio-seura.fi\/#\/schema\/person\/df27e5a4e7c9a06b7b1b7d0fb9c6b2b9\",\"name\":\"Marita Holkeri\",\"image\":{\"@type\":\"ImageObject\",\"inLanguage\":\"fi\",\"@id\":\"https:\/\/koylio-seura.fi\/#\/schema\/person\/image\/\",\"url\":\"https:\/\/secure.gravatar.com\/avatar\/515eac4f85d7b2a6cf676cd832e866082201cebc019f8d4e6bb2872e20c2d0fa?s=96&d=mm&r=g\",\"contentUrl\":\"https:\/\/secure.gravatar.com\/avatar\/515eac4f85d7b2a6cf676cd832e866082201cebc019f8d4e6bb2872e20c2d0fa?s=96&d=mm&r=g\",\"caption\":\"Marita Holkeri\"},\"url\":\"https:\/\/koylio-seura.fi\/?author=6\"}]}<\/script>\n<!-- \/ Yoast SEO plugin. -->","yoast_head_json":{"title":"18.9.2024 klo 17 Turun lukupiiri Turussa Caf\u00e9 Artissa - K\u00f6yli\u00f6-seura","robots":{"index":"index","follow":"follow","max-snippet":"max-snippet:-1","max-image-preview":"max-image-preview:large","max-video-preview":"max-video-preview:-1"},"canonical":"https:\/\/koylio-seura.fi\/?p=9773","og_locale":"fi_FI","og_type":"article","og_title":"18.9.2024 klo 17 Turun lukupiiri Turussa Caf\u00e9 Artissa - K\u00f6yli\u00f6-seura","og_description":"Seuraavaksi kokoonnumme keskiviikkona syyskuun 18. p\u00e4iv\u00e4 Turussa Caf\u00e9 Artissa klo 17. Kirjaksi valitsimme Olli Jalosen romaanin Stalker-vuodet. Kalevi Salmi esittelee kirjailijan ja kirjan.Tervetuloa! T\u00e4st\u00e4 linkist\u00e4 l\u00f6yd\u00e4t tiedot Turun lukupiirist\u00e4 18.9.2024 Caf\u00e9 Artissa Turussa T\u00e4st\u00e4 linkist\u00e4 l\u00f6yd\u00e4t tiedot Turun lukupiirist\u00e4 1.7.2024 ... Lue lis\u00e4\u00e4","og_url":"https:\/\/koylio-seura.fi\/?p=9773","og_site_name":"K\u00f6yli\u00f6-seura","article_published_time":"2024-08-31T08:06:49+00:00","article_modified_time":"2024-09-20T10:14:08+00:00","author":"Marita Holkeri","twitter_card":"summary_large_image","twitter_misc":{"Kirjoittanut":"Marita Holkeri","Arvioitu lukuaika":"1 minuutti"},"schema":{"@context":"https:\/\/schema.org","@graph":[{"@type":"Article","@id":"https:\/\/koylio-seura.fi\/?p=9773#article","isPartOf":{"@id":"https:\/\/koylio-seura.fi\/?p=9773"},"author":{"name":"Marita Holkeri","@id":"https:\/\/koylio-seura.fi\/#\/schema\/person\/df27e5a4e7c9a06b7b1b7d0fb9c6b2b9"},"headline":"18.9.2024 klo 17 Turun lukupiiri Turussa Caf\u00e9 Artissa","datePublished":"2024-08-31T08:06:49+00:00","dateModified":"2024-09-20T10:14:08+00:00","mainEntityOfPage":{"@id":"https:\/\/koylio-seura.fi\/?p=9773"},"wordCount":55,"publisher":{"@id":"https:\/\/koylio-seura.fi\/#organization"},"articleSection":["K\u00f6yli\u00f6-seura","Turun seutu"],"inLanguage":"fi"},{"@type":"WebPage","@id":"https:\/\/koylio-seura.fi\/?p=9773","url":"https:\/\/koylio-seura.fi\/?p=9773","name":"18.9.2024 klo 17 Turun lukupiiri Turussa Caf\u00e9 Artissa - K\u00f6yli\u00f6-seura","isPartOf":{"@id":"https:\/\/koylio-seura.fi\/#website"},"datePublished":"2024-08-31T08:06:49+00:00","dateModified":"2024-09-20T10:14:08+00:00","breadcrumb":{"@id":"https:\/\/koylio-seura.fi\/?p=9773#breadcrumb"},"inLanguage":"fi","potentialAction":[{"@type":"ReadAction","target":["https:\/\/koylio-seura.fi\/?p=9773"]}]},{"@type":"BreadcrumbList","@id":"https:\/\/koylio-seura.fi\/?p=9773#breadcrumb","itemListElement":[{"@type":"ListItem","position":1,"name":"Etusivu","item":"https:\/\/koylio-seura.fi\/"},{"@type":"ListItem","position":2,"name":"18.9.2024 klo 17 Turun lukupiiri Turussa Caf\u00e9 Artissa"}]},{"@type":"WebSite","@id":"https:\/\/koylio-seura.fi\/#website","url":"https:\/\/koylio-seura.fi\/","name":"K\u00f6yli\u00f6-seura","description":"","publisher":{"@id":"https:\/\/koylio-seura.fi\/#organization"},"potentialAction":[{"@type":"SearchAction","target":{"@type":"EntryPoint","urlTemplate":"https:\/\/koylio-seura.fi\/?s={search_term_string}"},"query-input":{"@type":"PropertyValueSpecification","valueRequired":true,"valueName":"search_term_string"}}],"inLanguage":"fi"},{"@type":"Organization","@id":"https:\/\/koylio-seura.fi\/#organization","name":"K\u00f6yli\u00f6-seura","url":"https:\/\/koylio-seura.fi\/","logo":{"@type":"ImageObject","inLanguage":"fi","@id":"https:\/\/koylio-seura.fi\/#\/schema\/logo\/image\/","url":"https:\/\/koylio-seura.fi\/wp-content\/uploads\/2023\/07\/cropped-KS-logo-23.png","contentUrl":"https:\/\/koylio-seura.fi\/wp-content\/uploads\/2023\/07\/cropped-KS-logo-23.png","width":530,"height":619,"caption":"K\u00f6yli\u00f6-seura"},"image":{"@id":"https:\/\/koylio-seura.fi\/#\/schema\/logo\/image\/"}},{"@type":"Person","@id":"https:\/\/koylio-seura.fi\/#\/schema\/person\/df27e5a4e7c9a06b7b1b7d0fb9c6b2b9","name":"Marita Holkeri","image":{"@type":"ImageObject","inLanguage":"fi","@id":"https:\/\/koylio-seura.fi\/#\/schema\/person\/image\/","url":"https:\/\/secure.gravatar.com\/avatar\/515eac4f85d7b2a6cf676cd832e866082201cebc019f8d4e6bb2872e20c2d0fa?s=96&d=mm&r=g","contentUrl":"https:\/\/secure.gravatar.com\/avatar\/515eac4f85d7b2a6cf676cd832e866082201cebc019f8d4e6bb2872e20c2d0fa?s=96&d=mm&r=g","caption":"Marita Holkeri"},"url":"https:\/\/koylio-seura.fi\/?author=6"}]}},"_links":{"self":[{"href":"https:\/\/koylio-seura.fi\/index.php?rest_route=\/wp\/v2\/posts\/9773","targetHints":{"allow":["GET"]}}],"collection":[{"href":"https:\/\/koylio-seura.fi\/index.php?rest_route=\/wp\/v2\/posts"}],"about":[{"href":"https:\/\/koylio-seura.fi\/index.php?rest_route=\/wp\/v2\/types\/post"}],"author":[{"embeddable":true,"href":"https:\/\/koylio-seura.fi\/index.php?rest_route=\/wp\/v2\/users\/6"}],"replies":[{"embeddable":true,"href":"https:\/\/koylio-seura.fi\/index.php?rest_route=%2Fwp%2Fv2%2Fcomments&post=9773"}],"version-history":[{"count":12,"href":"https:\/\/koylio-seura.fi\/index.php?rest_route=\/wp\/v2\/posts\/9773\/revisions"}],"predecessor-version":[{"id":11141,"href":"https:\/\/koylio-seura.fi\/index.php?rest_route=\/wp\/v2\/posts\/9773\/revisions\/11141"}],"wp:attachment":[{"href":"https:\/\/koylio-seura.fi\/index.php?rest_route=%2Fwp%2Fv2%2Fmedia&parent=9773"}],"wp:term":[{"taxonomy":"category","embeddable":true,"href":"https:\/\/koylio-seura.fi\/index.php?rest_route=%2Fwp%2Fv2%2Fcategories&post=9773"},{"taxonomy":"post_tag","embeddable":true,"href":"https:\/\/koylio-seura.fi\/index.php?rest_route=%2Fwp%2Fv2%2Ftags&post=9773"}],"curies":[{"name":"wp","href":"https:\/\/api.w.org\/{rel}","templated":true}]}}