{"id":9088,"date":"2024-09-13T07:35:18","date_gmt":"2024-09-13T07:35:18","guid":{"rendered":"https:\/\/koylio-seura.fi\/?p=9088"},"modified":"2024-09-13T12:58:33","modified_gmt":"2024-09-13T12:58:33","slug":"koylio-seura-on-vuoden-2024-kotiseutuyhdistys","status":"publish","type":"post","link":"https:\/\/koylio-seura.fi\/?p=9088","title":{"rendered":"K\u00f6yli\u00f6-seura on vuoden 2024 kotiseutuyhdistys"},"content":{"rendered":"\t\t<div data-elementor-type=\"wp-post\" data-elementor-id=\"9088\" class=\"elementor elementor-9088\" data-elementor-post-type=\"post\">\n\t\t\t\t\t\t<section class=\"elementor-section elementor-top-section elementor-element elementor-element-fa2da95 elementor-section-boxed elementor-section-height-default elementor-section-height-default\" data-id=\"fa2da95\" data-element_type=\"section\">\n\t\t\t\t\t\t<div class=\"elementor-container elementor-column-gap-default\">\n\t\t\t\t\t<div class=\"elementor-column elementor-col-100 elementor-top-column elementor-element elementor-element-98c68cf\" data-id=\"98c68cf\" data-element_type=\"column\">\n\t\t\t<div class=\"elementor-widget-wrap elementor-element-populated\">\n\t\t\t\t\t\t<div class=\"elementor-element elementor-element-b84197a elementor-widget elementor-widget-accordion\" data-id=\"b84197a\" data-element_type=\"widget\" data-widget_type=\"accordion.default\">\n\t\t\t\t<div class=\"elementor-widget-container\">\n\t\t\t\t\t\t\t<div class=\"elementor-accordion\">\n\t\t\t\t\t\t\t<div class=\"elementor-accordion-item\">\n\t\t\t\t\t<div id=\"elementor-tab-title-1931\" class=\"elementor-tab-title\" data-tab=\"1\" role=\"button\" aria-controls=\"elementor-tab-content-1931\" aria-expanded=\"false\">\n\t\t\t\t\t\t\t\t\t\t\t\t\t<span class=\"elementor-accordion-icon elementor-accordion-icon-left\" aria-hidden=\"true\">\n\t\t\t\t\t\t\t\t\t\t\t\t\t\t\t<span class=\"elementor-accordion-icon-closed\"><i class=\"fas fa-plus\"><\/i><\/span>\n\t\t\t\t\t\t\t\t<span class=\"elementor-accordion-icon-opened\"><i class=\"fas fa-minus\"><\/i><\/span>\n\t\t\t\t\t\t\t\t\t\t\t\t\t\t<\/span>\n\t\t\t\t\t\t\t\t\t\t\t\t<a class=\"elementor-accordion-title\" tabindex=\"0\">Vuoden kotiseutuyhdistys -tunnustus Lallin laitumille K\u00f6yli\u00f6\u00f6n Suomen Kotiseutuliitolta<\/a>\n\t\t\t\t\t<\/div>\n\t\t\t\t\t<div id=\"elementor-tab-content-1931\" class=\"elementor-tab-content elementor-clearfix\" data-tab=\"1\" role=\"region\" aria-labelledby=\"elementor-tab-title-1931\"><p><span style=\"font-family: Arial, Helvetica, sans-serif; font-size: small;\"><img fetchpriority=\"high\" decoding=\"async\" class=\"aligncenter size-full wp-image-9092\" src=\"https:\/\/koylio-seura.fi\/wp-content\/uploads\/2024\/06\/K-seuran-toimijoita-6-kuva-Ari-Stahlman-1p.jpg\" alt=\"\" width=\"1200\" height=\"800\" srcset=\"https:\/\/koylio-seura.fi\/wp-content\/uploads\/2024\/06\/K-seuran-toimijoita-6-kuva-Ari-Stahlman-1p.jpg 1200w, https:\/\/koylio-seura.fi\/wp-content\/uploads\/2024\/06\/K-seuran-toimijoita-6-kuva-Ari-Stahlman-1p-300x200.jpg 300w, https:\/\/koylio-seura.fi\/wp-content\/uploads\/2024\/06\/K-seuran-toimijoita-6-kuva-Ari-Stahlman-1p-1024x683.jpg 1024w, https:\/\/koylio-seura.fi\/wp-content\/uploads\/2024\/06\/K-seuran-toimijoita-6-kuva-Ari-Stahlman-1p-768x512.jpg 768w\" sizes=\"(max-width: 1200px) 100vw, 1200px\" \/>\u00a0Kiitos K\u00f6yli\u00f6-seuran j\u00e4senet, meid\u00e4n kaikkien tekem\u00e4n laadukkaan toiminnan vuoksi seuramme valittiin Vuoden kotiseutuyhdistykseksi.\u00a0 Ollaan yhdess\u00e4 iloisia ja ylpeit\u00e4 saamastamme tunnustuksesta. <\/span><span style=\"font-family: Arial, Helvetica, sans-serif; font-size: small;\">Kuvassa julkaisujaoston puheenjohtaja Samuli Vahteristo, perinnejaoston puheenjohtaja Lassi Kauko, Yst\u00e4v\u00e4t-jaoston kokoava voimanainen Helena Santala, puheenjohtaja Pirkko Peltola, varapuheenjohtaja Tuula Kyt\u00f6vuori julkaisutoiminnalle ilmeen luova Simo Nummi. Kuva: Ari St\u00e5hlman<\/span><\/p><p><strong><span style=\"font-family: Arial, Helvetica, sans-serif; font-size: small;\">Suomen Kotiseutuliitto on valinnut K\u00f6yli\u00f6-seuran Vuoden kotiseutuyhdistykseksi.<\/span><\/strong><\/p><p><a href=\"https:\/\/koylio-seura.fi\/wp-content\/uploads\/2024\/09\/Kunniakirja-Koylio-seuralle.jpg\"><img decoding=\"async\" class=\"size-full wp-image-9872\" src=\"https:\/\/koylio-seura.fi\/wp-content\/uploads\/2024\/09\/Kunniakirja-Koylio-seuralle.jpg\" alt=\"\" width=\"768\" height=\"1024\" srcset=\"https:\/\/koylio-seura.fi\/wp-content\/uploads\/2024\/09\/Kunniakirja-Koylio-seuralle.jpg 768w, https:\/\/koylio-seura.fi\/wp-content\/uploads\/2024\/09\/Kunniakirja-Koylio-seuralle-225x300.jpg 225w\" sizes=\"(max-width: 768px) 100vw, 768px\" \/><\/a> <strong>Suomen Kotiseutuliiton my\u00f6nt\u00e4m\u00e4 kunniakirja K\u00f6yli\u00f6-seuralle, Vuoden kotiseutuyhdistykselle, Vantaan kotiseutup\u00e4ivill\u00e4 31.8.2024<\/strong><\/p><p><a href=\"https:\/\/koylio-seura.fi\/wp-content\/uploads\/2024\/09\/Vuoden-Kotiseutuyhdistys-kunniakirja-ja-kukat.pdf\" target=\"_blank\" rel=\"noopener\">Vantaan kotiseutup\u00e4ivien palkitsemistilaisuudesta lis\u00e4\u00e4 tietoa ja valokuvia t\u00e4st\u00e4 linkist\u00e4.<\/a><\/p><p>Katso my\u00f6s <a href=\"https:\/\/kotiseutuliitto.fi\/jasentyossa-ansioitunut-koylio-seura-on-vuoden-kotiseutuyhdistys\/\" target=\"_blank\" rel=\"noopener\">https:\/\/kotiseutuliitto.fi\/jasentyossa-ansioitunut-koylio-seura-on-vuoden-kotiseutuyhdistys\/<\/a><br style=\"font-family: Arial, Helvetica, sans-serif; font-size: small;\" \/><br style=\"font-family: Arial, Helvetica, sans-serif; font-size: small;\" \/><span style=\"font-family: Arial, Helvetica, sans-serif; font-size: small;\">Liiton perusteluissa todetaan, ett\u00e4 K\u00f6yli\u00f6-seura on aktiivinen ja monipuolista kotiseututy\u00f6t\u00e4 tekev\u00e4 yhdistys. Seura toimii hyv\u00e4ss\u00e4 yhteisty\u00f6ss\u00e4 K\u00f6yli\u00f6n kyl\u00e4yhdistysten, eri j\u00e4rjest\u00f6jen, seurakunnan ja S\u00e4kyl\u00e4n kunnan kanssa. Yhteisty\u00f6ll\u00e4 saavutetaan paljon etuja esimerkiksi lukuisien tilaisuuksien j\u00e4rjest\u00e4misess\u00e4. <a href=\"https:\/\/koylio-seura.fi\/wp-content\/uploads\/2024\/06\/Vuoden-kotiseutuyhdistys.pdf\" target=\"_blank\" rel=\"noopener\">Katso liitteest\u00e4 lis\u00e4tietoja.\u00a0<\/a><\/span><\/p><p>\u00a0<\/p><p><span style=\"font-family: Arial, Helvetica, sans-serif; font-size: small;\">Suomen Kotiseutuliitto on 75 vuotta vuonna 2024 t\u00e4ytt\u00e4v\u00e4 kotiseututy\u00f6n keskusj\u00e4rjest\u00f6 ja yksi maan suurimmista kansalaisj\u00e4rjest\u00f6ist\u00e4. Kotiseutuliitto vaalii kulttuurin monimuotoisuutta ja kulttuuriperint\u00f6\u00e4, nostaa esille paikalliskulttuureita, tukee kotiseututy\u00f6t\u00e4 sek\u00e4 vaikuttaa yhteiskunta- ja aluesuunnitteluun. Liiton j\u00e4senist\u00f6\u00f6n kuuluu noin 720 kotiseutu-, kaupunginosa- ja muuta yhdistyst\u00e4, yli sata kuntaa ja l\u00e4hes kaikki maakuntien liitot. Kotiseutuliiton j\u00e4senkent\u00e4ss\u00e4 toimii noin 150 000 aktiivista kansalaista.<\/span><\/p><\/div>\n\t\t\t\t<\/div>\n\t\t\t\t\t\t\t\t<\/div>\n\t\t\t\t\t\t<\/div>\n\t\t\t\t<\/div>\n\t\t\t\t\t<\/div>\n\t\t<\/div>\n\t\t\t\t\t<\/div>\n\t\t<\/section>\n\t\t\t\t<\/div>\n\t\t","protected":false},"excerpt":{"rendered":"<p>Vuoden kotiseutuyhdistys -tunnustus Lallin laitumille K\u00f6yli\u00f6\u00f6n Suomen Kotiseutuliitolta \u00a0Kiitos K\u00f6yli\u00f6-seuran j\u00e4senet, meid\u00e4n kaikkien tekem\u00e4n laadukkaan toiminnan vuoksi seuramme valittiin Vuoden kotiseutuyhdistykseksi.\u00a0 Ollaan yhdess\u00e4 iloisia ja ylpeit\u00e4 saamastamme tunnustuksesta. Kuvassa julkaisujaoston puheenjohtaja Samuli Vahteristo, perinnejaoston puheenjohtaja Lassi Kauko, Yst\u00e4v\u00e4t-jaoston kokoava voimanainen &#8230; <a title=\"K\u00f6yli\u00f6-seura on vuoden 2024 kotiseutuyhdistys\" class=\"read-more\" href=\"https:\/\/koylio-seura.fi\/?p=9088\" aria-label=\"Lue lis\u00e4\u00e4 aiheesta K\u00f6yli\u00f6-seura on vuoden 2024 kotiseutuyhdistys\">Lue lis\u00e4\u00e4<\/a><\/p>\n","protected":false},"author":6,"featured_media":0,"comment_status":"closed","ping_status":"closed","sticky":false,"template":"","format":"standard","meta":{"footnotes":""},"categories":[4],"tags":[],"class_list":["post-9088","post","type-post","status-publish","format-standard","hentry","category-koylio-seura","infinite-scroll-item"],"yoast_head":"<!-- This site is optimized with the Yoast SEO plugin v26.6 - https:\/\/yoast.com\/wordpress\/plugins\/seo\/ -->\n<title>K\u00f6yli\u00f6-seura on vuoden 2024 kotiseutuyhdistys - K\u00f6yli\u00f6-seura<\/title>\n<meta name=\"robots\" content=\"index, follow, max-snippet:-1, max-image-preview:large, max-video-preview:-1\" \/>\n<link rel=\"canonical\" href=\"https:\/\/koylio-seura.fi\/?p=9088\" \/>\n<meta property=\"og:locale\" content=\"fi_FI\" \/>\n<meta property=\"og:type\" content=\"article\" \/>\n<meta property=\"og:title\" content=\"K\u00f6yli\u00f6-seura on vuoden 2024 kotiseutuyhdistys - K\u00f6yli\u00f6-seura\" \/>\n<meta property=\"og:description\" content=\"Vuoden kotiseutuyhdistys -tunnustus Lallin laitumille K\u00f6yli\u00f6\u00f6n Suomen Kotiseutuliitolta \u00a0Kiitos K\u00f6yli\u00f6-seuran j\u00e4senet, meid\u00e4n kaikkien tekem\u00e4n laadukkaan toiminnan vuoksi seuramme valittiin Vuoden kotiseutuyhdistykseksi.\u00a0 Ollaan yhdess\u00e4 iloisia ja ylpeit\u00e4 saamastamme tunnustuksesta. Kuvassa julkaisujaoston puheenjohtaja Samuli Vahteristo, perinnejaoston puheenjohtaja Lassi Kauko, Yst\u00e4v\u00e4t-jaoston kokoava voimanainen ... Lue lis\u00e4\u00e4\" \/>\n<meta property=\"og:url\" content=\"https:\/\/koylio-seura.fi\/?p=9088\" \/>\n<meta property=\"og:site_name\" content=\"K\u00f6yli\u00f6-seura\" \/>\n<meta property=\"article:published_time\" content=\"2024-09-13T07:35:18+00:00\" \/>\n<meta property=\"article:modified_time\" content=\"2024-09-13T12:58:33+00:00\" \/>\n<meta property=\"og:image\" content=\"https:\/\/koylio-seura.fi\/wp-content\/uploads\/2024\/06\/K-seuran-toimijoita-6-kuva-Ari-Stahlman-1p.jpg\" \/>\n<meta name=\"author\" content=\"Marita Holkeri\" \/>\n<meta name=\"twitter:card\" content=\"summary_large_image\" \/>\n<meta name=\"twitter:label1\" content=\"Kirjoittanut\" \/>\n\t<meta name=\"twitter:data1\" content=\"Marita Holkeri\" \/>\n\t<meta name=\"twitter:label2\" content=\"Arvioitu lukuaika\" \/>\n\t<meta name=\"twitter:data2\" content=\"2 minuuttia\" \/>\n<script type=\"application\/ld+json\" class=\"yoast-schema-graph\">{\"@context\":\"https:\/\/schema.org\",\"@graph\":[{\"@type\":\"Article\",\"@id\":\"https:\/\/koylio-seura.fi\/?p=9088#article\",\"isPartOf\":{\"@id\":\"https:\/\/koylio-seura.fi\/?p=9088\"},\"author\":{\"name\":\"Marita Holkeri\",\"@id\":\"https:\/\/koylio-seura.fi\/#\/schema\/person\/df27e5a4e7c9a06b7b1b7d0fb9c6b2b9\"},\"headline\":\"K\u00f6yli\u00f6-seura on vuoden 2024 kotiseutuyhdistys\",\"datePublished\":\"2024-09-13T07:35:18+00:00\",\"dateModified\":\"2024-09-13T12:58:33+00:00\",\"mainEntityOfPage\":{\"@id\":\"https:\/\/koylio-seura.fi\/?p=9088\"},\"wordCount\":230,\"publisher\":{\"@id\":\"https:\/\/koylio-seura.fi\/#organization\"},\"image\":{\"@id\":\"https:\/\/koylio-seura.fi\/?p=9088#primaryimage\"},\"thumbnailUrl\":\"https:\/\/koylio-seura.fi\/wp-content\/uploads\/2024\/06\/K-seuran-toimijoita-6-kuva-Ari-Stahlman-1p.jpg\",\"articleSection\":[\"K\u00f6yli\u00f6-seura\"],\"inLanguage\":\"fi\"},{\"@type\":\"WebPage\",\"@id\":\"https:\/\/koylio-seura.fi\/?p=9088\",\"url\":\"https:\/\/koylio-seura.fi\/?p=9088\",\"name\":\"K\u00f6yli\u00f6-seura on vuoden 2024 kotiseutuyhdistys - K\u00f6yli\u00f6-seura\",\"isPartOf\":{\"@id\":\"https:\/\/koylio-seura.fi\/#website\"},\"primaryImageOfPage\":{\"@id\":\"https:\/\/koylio-seura.fi\/?p=9088#primaryimage\"},\"image\":{\"@id\":\"https:\/\/koylio-seura.fi\/?p=9088#primaryimage\"},\"thumbnailUrl\":\"https:\/\/koylio-seura.fi\/wp-content\/uploads\/2024\/06\/K-seuran-toimijoita-6-kuva-Ari-Stahlman-1p.jpg\",\"datePublished\":\"2024-09-13T07:35:18+00:00\",\"dateModified\":\"2024-09-13T12:58:33+00:00\",\"breadcrumb\":{\"@id\":\"https:\/\/koylio-seura.fi\/?p=9088#breadcrumb\"},\"inLanguage\":\"fi\",\"potentialAction\":[{\"@type\":\"ReadAction\",\"target\":[\"https:\/\/koylio-seura.fi\/?p=9088\"]}]},{\"@type\":\"ImageObject\",\"inLanguage\":\"fi\",\"@id\":\"https:\/\/koylio-seura.fi\/?p=9088#primaryimage\",\"url\":\"https:\/\/koylio-seura.fi\/wp-content\/uploads\/2024\/06\/K-seuran-toimijoita-6-kuva-Ari-Stahlman-1p.jpg\",\"contentUrl\":\"https:\/\/koylio-seura.fi\/wp-content\/uploads\/2024\/06\/K-seuran-toimijoita-6-kuva-Ari-Stahlman-1p.jpg\"},{\"@type\":\"BreadcrumbList\",\"@id\":\"https:\/\/koylio-seura.fi\/?p=9088#breadcrumb\",\"itemListElement\":[{\"@type\":\"ListItem\",\"position\":1,\"name\":\"Etusivu\",\"item\":\"https:\/\/koylio-seura.fi\/\"},{\"@type\":\"ListItem\",\"position\":2,\"name\":\"K\u00f6yli\u00f6-seura on vuoden 2024 kotiseutuyhdistys\"}]},{\"@type\":\"WebSite\",\"@id\":\"https:\/\/koylio-seura.fi\/#website\",\"url\":\"https:\/\/koylio-seura.fi\/\",\"name\":\"K\u00f6yli\u00f6-seura\",\"description\":\"\",\"publisher\":{\"@id\":\"https:\/\/koylio-seura.fi\/#organization\"},\"potentialAction\":[{\"@type\":\"SearchAction\",\"target\":{\"@type\":\"EntryPoint\",\"urlTemplate\":\"https:\/\/koylio-seura.fi\/?s={search_term_string}\"},\"query-input\":{\"@type\":\"PropertyValueSpecification\",\"valueRequired\":true,\"valueName\":\"search_term_string\"}}],\"inLanguage\":\"fi\"},{\"@type\":\"Organization\",\"@id\":\"https:\/\/koylio-seura.fi\/#organization\",\"name\":\"K\u00f6yli\u00f6-seura\",\"url\":\"https:\/\/koylio-seura.fi\/\",\"logo\":{\"@type\":\"ImageObject\",\"inLanguage\":\"fi\",\"@id\":\"https:\/\/koylio-seura.fi\/#\/schema\/logo\/image\/\",\"url\":\"https:\/\/koylio-seura.fi\/wp-content\/uploads\/2023\/07\/cropped-KS-logo-23.png\",\"contentUrl\":\"https:\/\/koylio-seura.fi\/wp-content\/uploads\/2023\/07\/cropped-KS-logo-23.png\",\"width\":530,\"height\":619,\"caption\":\"K\u00f6yli\u00f6-seura\"},\"image\":{\"@id\":\"https:\/\/koylio-seura.fi\/#\/schema\/logo\/image\/\"}},{\"@type\":\"Person\",\"@id\":\"https:\/\/koylio-seura.fi\/#\/schema\/person\/df27e5a4e7c9a06b7b1b7d0fb9c6b2b9\",\"name\":\"Marita Holkeri\",\"image\":{\"@type\":\"ImageObject\",\"inLanguage\":\"fi\",\"@id\":\"https:\/\/koylio-seura.fi\/#\/schema\/person\/image\/\",\"url\":\"https:\/\/secure.gravatar.com\/avatar\/515eac4f85d7b2a6cf676cd832e866082201cebc019f8d4e6bb2872e20c2d0fa?s=96&d=mm&r=g\",\"contentUrl\":\"https:\/\/secure.gravatar.com\/avatar\/515eac4f85d7b2a6cf676cd832e866082201cebc019f8d4e6bb2872e20c2d0fa?s=96&d=mm&r=g\",\"caption\":\"Marita Holkeri\"},\"url\":\"https:\/\/koylio-seura.fi\/?author=6\"}]}<\/script>\n<!-- \/ Yoast SEO plugin. -->","yoast_head_json":{"title":"K\u00f6yli\u00f6-seura on vuoden 2024 kotiseutuyhdistys - K\u00f6yli\u00f6-seura","robots":{"index":"index","follow":"follow","max-snippet":"max-snippet:-1","max-image-preview":"max-image-preview:large","max-video-preview":"max-video-preview:-1"},"canonical":"https:\/\/koylio-seura.fi\/?p=9088","og_locale":"fi_FI","og_type":"article","og_title":"K\u00f6yli\u00f6-seura on vuoden 2024 kotiseutuyhdistys - K\u00f6yli\u00f6-seura","og_description":"Vuoden kotiseutuyhdistys -tunnustus Lallin laitumille K\u00f6yli\u00f6\u00f6n Suomen Kotiseutuliitolta \u00a0Kiitos K\u00f6yli\u00f6-seuran j\u00e4senet, meid\u00e4n kaikkien tekem\u00e4n laadukkaan toiminnan vuoksi seuramme valittiin Vuoden kotiseutuyhdistykseksi.\u00a0 Ollaan yhdess\u00e4 iloisia ja ylpeit\u00e4 saamastamme tunnustuksesta. Kuvassa julkaisujaoston puheenjohtaja Samuli Vahteristo, perinnejaoston puheenjohtaja Lassi Kauko, Yst\u00e4v\u00e4t-jaoston kokoava voimanainen ... Lue lis\u00e4\u00e4","og_url":"https:\/\/koylio-seura.fi\/?p=9088","og_site_name":"K\u00f6yli\u00f6-seura","article_published_time":"2024-09-13T07:35:18+00:00","article_modified_time":"2024-09-13T12:58:33+00:00","og_image":[{"url":"https:\/\/koylio-seura.fi\/wp-content\/uploads\/2024\/06\/K-seuran-toimijoita-6-kuva-Ari-Stahlman-1p.jpg","type":"","width":"","height":""}],"author":"Marita Holkeri","twitter_card":"summary_large_image","twitter_misc":{"Kirjoittanut":"Marita Holkeri","Arvioitu lukuaika":"2 minuuttia"},"schema":{"@context":"https:\/\/schema.org","@graph":[{"@type":"Article","@id":"https:\/\/koylio-seura.fi\/?p=9088#article","isPartOf":{"@id":"https:\/\/koylio-seura.fi\/?p=9088"},"author":{"name":"Marita Holkeri","@id":"https:\/\/koylio-seura.fi\/#\/schema\/person\/df27e5a4e7c9a06b7b1b7d0fb9c6b2b9"},"headline":"K\u00f6yli\u00f6-seura on vuoden 2024 kotiseutuyhdistys","datePublished":"2024-09-13T07:35:18+00:00","dateModified":"2024-09-13T12:58:33+00:00","mainEntityOfPage":{"@id":"https:\/\/koylio-seura.fi\/?p=9088"},"wordCount":230,"publisher":{"@id":"https:\/\/koylio-seura.fi\/#organization"},"image":{"@id":"https:\/\/koylio-seura.fi\/?p=9088#primaryimage"},"thumbnailUrl":"https:\/\/koylio-seura.fi\/wp-content\/uploads\/2024\/06\/K-seuran-toimijoita-6-kuva-Ari-Stahlman-1p.jpg","articleSection":["K\u00f6yli\u00f6-seura"],"inLanguage":"fi"},{"@type":"WebPage","@id":"https:\/\/koylio-seura.fi\/?p=9088","url":"https:\/\/koylio-seura.fi\/?p=9088","name":"K\u00f6yli\u00f6-seura on vuoden 2024 kotiseutuyhdistys - K\u00f6yli\u00f6-seura","isPartOf":{"@id":"https:\/\/koylio-seura.fi\/#website"},"primaryImageOfPage":{"@id":"https:\/\/koylio-seura.fi\/?p=9088#primaryimage"},"image":{"@id":"https:\/\/koylio-seura.fi\/?p=9088#primaryimage"},"thumbnailUrl":"https:\/\/koylio-seura.fi\/wp-content\/uploads\/2024\/06\/K-seuran-toimijoita-6-kuva-Ari-Stahlman-1p.jpg","datePublished":"2024-09-13T07:35:18+00:00","dateModified":"2024-09-13T12:58:33+00:00","breadcrumb":{"@id":"https:\/\/koylio-seura.fi\/?p=9088#breadcrumb"},"inLanguage":"fi","potentialAction":[{"@type":"ReadAction","target":["https:\/\/koylio-seura.fi\/?p=9088"]}]},{"@type":"ImageObject","inLanguage":"fi","@id":"https:\/\/koylio-seura.fi\/?p=9088#primaryimage","url":"https:\/\/koylio-seura.fi\/wp-content\/uploads\/2024\/06\/K-seuran-toimijoita-6-kuva-Ari-Stahlman-1p.jpg","contentUrl":"https:\/\/koylio-seura.fi\/wp-content\/uploads\/2024\/06\/K-seuran-toimijoita-6-kuva-Ari-Stahlman-1p.jpg"},{"@type":"BreadcrumbList","@id":"https:\/\/koylio-seura.fi\/?p=9088#breadcrumb","itemListElement":[{"@type":"ListItem","position":1,"name":"Etusivu","item":"https:\/\/koylio-seura.fi\/"},{"@type":"ListItem","position":2,"name":"K\u00f6yli\u00f6-seura on vuoden 2024 kotiseutuyhdistys"}]},{"@type":"WebSite","@id":"https:\/\/koylio-seura.fi\/#website","url":"https:\/\/koylio-seura.fi\/","name":"K\u00f6yli\u00f6-seura","description":"","publisher":{"@id":"https:\/\/koylio-seura.fi\/#organization"},"potentialAction":[{"@type":"SearchAction","target":{"@type":"EntryPoint","urlTemplate":"https:\/\/koylio-seura.fi\/?s={search_term_string}"},"query-input":{"@type":"PropertyValueSpecification","valueRequired":true,"valueName":"search_term_string"}}],"inLanguage":"fi"},{"@type":"Organization","@id":"https:\/\/koylio-seura.fi\/#organization","name":"K\u00f6yli\u00f6-seura","url":"https:\/\/koylio-seura.fi\/","logo":{"@type":"ImageObject","inLanguage":"fi","@id":"https:\/\/koylio-seura.fi\/#\/schema\/logo\/image\/","url":"https:\/\/koylio-seura.fi\/wp-content\/uploads\/2023\/07\/cropped-KS-logo-23.png","contentUrl":"https:\/\/koylio-seura.fi\/wp-content\/uploads\/2023\/07\/cropped-KS-logo-23.png","width":530,"height":619,"caption":"K\u00f6yli\u00f6-seura"},"image":{"@id":"https:\/\/koylio-seura.fi\/#\/schema\/logo\/image\/"}},{"@type":"Person","@id":"https:\/\/koylio-seura.fi\/#\/schema\/person\/df27e5a4e7c9a06b7b1b7d0fb9c6b2b9","name":"Marita Holkeri","image":{"@type":"ImageObject","inLanguage":"fi","@id":"https:\/\/koylio-seura.fi\/#\/schema\/person\/image\/","url":"https:\/\/secure.gravatar.com\/avatar\/515eac4f85d7b2a6cf676cd832e866082201cebc019f8d4e6bb2872e20c2d0fa?s=96&d=mm&r=g","contentUrl":"https:\/\/secure.gravatar.com\/avatar\/515eac4f85d7b2a6cf676cd832e866082201cebc019f8d4e6bb2872e20c2d0fa?s=96&d=mm&r=g","caption":"Marita Holkeri"},"url":"https:\/\/koylio-seura.fi\/?author=6"}]}},"_links":{"self":[{"href":"https:\/\/koylio-seura.fi\/index.php?rest_route=\/wp\/v2\/posts\/9088","targetHints":{"allow":["GET"]}}],"collection":[{"href":"https:\/\/koylio-seura.fi\/index.php?rest_route=\/wp\/v2\/posts"}],"about":[{"href":"https:\/\/koylio-seura.fi\/index.php?rest_route=\/wp\/v2\/types\/post"}],"author":[{"embeddable":true,"href":"https:\/\/koylio-seura.fi\/index.php?rest_route=\/wp\/v2\/users\/6"}],"replies":[{"embeddable":true,"href":"https:\/\/koylio-seura.fi\/index.php?rest_route=%2Fwp%2Fv2%2Fcomments&post=9088"}],"version-history":[{"count":29,"href":"https:\/\/koylio-seura.fi\/index.php?rest_route=\/wp\/v2\/posts\/9088\/revisions"}],"predecessor-version":[{"id":9888,"href":"https:\/\/koylio-seura.fi\/index.php?rest_route=\/wp\/v2\/posts\/9088\/revisions\/9888"}],"wp:attachment":[{"href":"https:\/\/koylio-seura.fi\/index.php?rest_route=%2Fwp%2Fv2%2Fmedia&parent=9088"}],"wp:term":[{"taxonomy":"category","embeddable":true,"href":"https:\/\/koylio-seura.fi\/index.php?rest_route=%2Fwp%2Fv2%2Fcategories&post=9088"},{"taxonomy":"post_tag","embeddable":true,"href":"https:\/\/koylio-seura.fi\/index.php?rest_route=%2Fwp%2Fv2%2Ftags&post=9088"}],"curies":[{"name":"wp","href":"https:\/\/api.w.org\/{rel}","templated":true}]}}