{"id":8550,"date":"2024-08-03T07:32:43","date_gmt":"2024-08-03T07:32:43","guid":{"rendered":"https:\/\/koylio-seura.fi\/?p=8550"},"modified":"2024-09-05T17:08:36","modified_gmt":"2024-09-05T17:08:36","slug":"31-8-2024-koylion-ystavien-15-vuotisjuhlapaiva-koyliossa-2","status":"publish","type":"post","link":"https:\/\/koylio-seura.fi\/?p=8550","title":{"rendered":"31.8.2024 K\u00f6yli\u00f6n yst\u00e4vien 15-vuotisjuhlap\u00e4iv\u00e4 K\u00f6yli\u00f6ss\u00e4"},"content":{"rendered":"\t\t<div data-elementor-type=\"wp-post\" data-elementor-id=\"8550\" class=\"elementor elementor-8550\" data-elementor-post-type=\"post\">\n\t\t\t\t\t\t<section class=\"elementor-section elementor-top-section elementor-element elementor-element-7d54526f elementor-section-boxed elementor-section-height-default elementor-section-height-default\" data-id=\"7d54526f\" data-element_type=\"section\">\n\t\t\t\t\t\t<div class=\"elementor-container elementor-column-gap-default\">\n\t\t\t\t\t<div class=\"elementor-column elementor-col-100 elementor-top-column elementor-element elementor-element-56f86e1a\" data-id=\"56f86e1a\" data-element_type=\"column\">\n\t\t\t<div class=\"elementor-widget-wrap elementor-element-populated\">\n\t\t\t\t\t\t<div class=\"elementor-element elementor-element-766a0b17 elementor-widget elementor-widget-text-editor\" data-id=\"766a0b17\" data-element_type=\"widget\" data-widget_type=\"text-editor.default\">\n\t\t\t\t<div class=\"elementor-widget-container\">\n\t\t\t\t\t\t\t\t\t<p><\/p>\n<p><div id='gallery-1' class='gallery galleryid-8550 gallery-columns-3 gallery-size-thumbnail'><figure class='gallery-item'>\n\t\t\t<div class='gallery-icon landscape'>\n\t\t\t\t<a href='https:\/\/koylio-seura.fi\/?attachment_id=9794'><img decoding=\"async\" width=\"150\" height=\"150\" src=\"https:\/\/koylio-seura.fi\/wp-content\/uploads\/2024\/08\/Kankaanpaan-uimarantaa-2-150x150.jpg\" class=\"attachment-thumbnail size-thumbnail\" alt=\"\" aria-describedby=\"gallery-1-9794\" \/><\/a>\n\t\t\t<\/div>\n\t\t\t\t<figcaption class='wp-caption-text gallery-caption' id='gallery-1-9794'>\n\t\t\t\tKankaanp\u00e4\u00e4n uimarantaa Kuva: Samuli Vahteristo (SVa)\n\t\t\t\t<\/figcaption><\/figure><figure class='gallery-item'>\n\t\t\t<div class='gallery-icon landscape'>\n\t\t\t\t<a href='https:\/\/koylio-seura.fi\/?attachment_id=9796'><img decoding=\"async\" width=\"150\" height=\"150\" src=\"https:\/\/koylio-seura.fi\/wp-content\/uploads\/2024\/08\/kunkaanlahde-syysasussa-2-150x150.jpg\" class=\"attachment-thumbnail size-thumbnail\" alt=\"\" aria-describedby=\"gallery-1-9796\" \/><\/a>\n\t\t\t<\/div>\n\t\t\t\t<figcaption class='wp-caption-text gallery-caption' id='gallery-1-9796'>\n\t\t\t\tKuninkaanl\u00e4hde syysasussa\nKuva: SVa\n\t\t\t\t<\/figcaption><\/figure><figure class='gallery-item'>\n\t\t\t<div class='gallery-icon landscape'>\n\t\t\t\t<a href='https:\/\/koylio-seura.fi\/?attachment_id=9797'><img decoding=\"async\" width=\"150\" height=\"150\" src=\"https:\/\/koylio-seura.fi\/wp-content\/uploads\/2024\/08\/VMAA-kirkko-2-150x150.jpg\" class=\"attachment-thumbnail size-thumbnail\" alt=\"\" aria-describedby=\"gallery-1-9797\" \/><\/a>\n\t\t\t<\/div>\n\t\t\t\t<figcaption class='wp-caption-text gallery-caption' id='gallery-1-9797'>\n\t\t\t\tVuorenmaan kirkko\nKuva: SVa\n\t\t\t\t<\/figcaption><\/figure>\n\t\t<\/div>\n<\/p>\n<p><a href=\"https:\/\/koylio-seura.fi\/?page_id=1487\" target=\"_blank\" rel=\"noopener\">Kertomus K\u00f6yli\u00f6n yst\u00e4v\u00e4t -jaoston juhlap\u00e4iv\u00e4st\u00e4 kuvineen l\u00f6ytyy t\u00e4st\u00e4 linkist\u00e4.<\/a><\/p>\n<p>Juhlistamme K\u00f6yli\u00f6n yst\u00e4v\u00e4t-jaoston 15-vuotista taipaletta K\u00f6yli\u00f6ss\u00e4 lauantaina 31.8.2024 klo 10 alkaen. Kokoonnumme K\u00f6yli\u00f6n seurakuntatalolle, josta l\u00e4hdemme bussilla kiertoajelulle K\u00f6yli\u00f6n eri kohteisiin eli ohjelmassa on &#8221;K\u00f6yli\u00f6 sightseeing&#8221;. Oppaanamme on Mirja Reunanen. Kiertoajelun j\u00e4lkeen ruokailemme ja jatkamme juhlimista yhteisell\u00e4 ohjelmalla seurakuntatalolla.\u00a0<br \/><span style=\"font-size: 12pt; background-color: var(--base-3); color: var(--contrast);\">Kiertoajelu, ruoka ja ohjelma sis\u00e4ltyv\u00e4t hintaan 45\u00a0<\/span><span style=\"font-size: 12pt; background-color: var(--base-3); color: var(--contrast);\">euroa\/henkil\u00f6. Maksu ilmoittautumisen yhteydess\u00e4 K\u00f6yli\u00f6-seuran tilille FI30<\/span><span style=\"font-size: 12pt; background-color: var(--base-3); color: var(--contrast);\">5476 6840 0112 91, viestikentt\u00e4\u00e4n \u201dJuhla\u201d ja osallistujien nimet.<br \/><\/span><span style=\"color: var(--contrast); font-size: 12pt; background-color: var(--base-3);\">Sitovat ilmoittautumiset ja ruokavaliotiedot Marita<\/span><span style=\"color: var(--contrast); background-color: var(--base-3); font-size: 12pt; line-height: 107%;\">Holkerille 23.8.2024 menness\u00e4, <\/span><a style=\"background-color: var(--base-3);\" href=\"mailto:marita.holkeri@gmail.com\"><span style=\"font-size: 12.0pt; line-height: 107%;\">marita.holkeri@gmail.com<\/span><\/a><span style=\"color: var(--contrast); background-color: var(--base-3); line-height: 107%;\"><span style=\"font-size: 12pt;\"> tai puhelin 050 3426466\u00a0<\/span><span style=\"font-size: 16px;\"><br \/><\/span><\/span><span style=\"background-color: var(--base-3); color: var(--contrast);\">TERVETULOA!<br \/><\/span><a href=\"https:\/\/koylio-seura.fi\/wp-content\/uploads\/2024\/08\/Kutsu-Koylion-ystavien-15-vuotisjuhlaan-31.8.2024-Koylioon.pdf\" target=\"_blank\" rel=\"noopener\">P\u00e4iv\u00e4n ohjelma ja satakuntalaisen pitop\u00f6yd\u00e4n menu l\u00f6ytyv\u00e4t t\u00e4st\u00e4 linkist\u00e4<\/a><\/p>\n<p>\u00a0<\/p>\n<p>\u00a0<\/p>\n<p>\u00a0<\/p>\n<p><\/p>\n<p><\/p>\n<p><\/p>\n<p><\/p>\n<p><\/p>\t\t\t\t\t\t\t\t<\/div>\n\t\t\t\t<\/div>\n\t\t\t\t\t<\/div>\n\t\t<\/div>\n\t\t\t\t\t<\/div>\n\t\t<\/section>\n\t\t\t\t<\/div>\n\t\t","protected":false},"excerpt":{"rendered":"<p>Kertomus K\u00f6yli\u00f6n yst\u00e4v\u00e4t -jaoston juhlap\u00e4iv\u00e4st\u00e4 kuvineen l\u00f6ytyy t\u00e4st\u00e4 linkist\u00e4. Juhlistamme K\u00f6yli\u00f6n yst\u00e4v\u00e4t-jaoston 15-vuotista taipaletta K\u00f6yli\u00f6ss\u00e4 lauantaina 31.8.2024 klo 10 alkaen. Kokoonnumme K\u00f6yli\u00f6n seurakuntatalolle, josta l\u00e4hdemme bussilla kiertoajelulle K\u00f6yli\u00f6n eri kohteisiin eli ohjelmassa on &#8221;K\u00f6yli\u00f6 sightseeing&#8221;. Oppaanamme on Mirja Reunanen. Kiertoajelun &#8230; <a title=\"31.8.2024 K\u00f6yli\u00f6n yst\u00e4vien 15-vuotisjuhlap\u00e4iv\u00e4 K\u00f6yli\u00f6ss\u00e4\" class=\"read-more\" href=\"https:\/\/koylio-seura.fi\/?p=8550\" aria-label=\"Lue lis\u00e4\u00e4 aiheesta 31.8.2024 K\u00f6yli\u00f6n yst\u00e4vien 15-vuotisjuhlap\u00e4iv\u00e4 K\u00f6yli\u00f6ss\u00e4\">Lue lis\u00e4\u00e4<\/a><\/p>\n","protected":false},"author":6,"featured_media":0,"comment_status":"closed","ping_status":"closed","sticky":false,"template":"","format":"standard","meta":{"footnotes":""},"categories":[4,9,5,7,8,6],"tags":[],"class_list":["post-8550","post","type-post","status-publish","format-standard","hentry","category-koylio-seura","category-koylion-lahialueet","category-paakaupunkiseutu","category-rauma-porin-seutu","category-tampereen-seutu","category-turun-seutu","infinite-scroll-item"],"yoast_head":"<!-- This site is optimized with the Yoast SEO plugin v26.6 - https:\/\/yoast.com\/wordpress\/plugins\/seo\/ -->\n<title>31.8.2024 K\u00f6yli\u00f6n yst\u00e4vien 15-vuotisjuhlap\u00e4iv\u00e4 K\u00f6yli\u00f6ss\u00e4 - K\u00f6yli\u00f6-seura<\/title>\n<meta name=\"robots\" content=\"index, follow, max-snippet:-1, max-image-preview:large, max-video-preview:-1\" \/>\n<link rel=\"canonical\" href=\"https:\/\/koylio-seura.fi\/?p=8550\" \/>\n<meta property=\"og:locale\" content=\"fi_FI\" \/>\n<meta property=\"og:type\" content=\"article\" \/>\n<meta property=\"og:title\" content=\"31.8.2024 K\u00f6yli\u00f6n yst\u00e4vien 15-vuotisjuhlap\u00e4iv\u00e4 K\u00f6yli\u00f6ss\u00e4 - K\u00f6yli\u00f6-seura\" \/>\n<meta property=\"og:description\" content=\"Kertomus K\u00f6yli\u00f6n yst\u00e4v\u00e4t -jaoston juhlap\u00e4iv\u00e4st\u00e4 kuvineen l\u00f6ytyy t\u00e4st\u00e4 linkist\u00e4. Juhlistamme K\u00f6yli\u00f6n yst\u00e4v\u00e4t-jaoston 15-vuotista taipaletta K\u00f6yli\u00f6ss\u00e4 lauantaina 31.8.2024 klo 10 alkaen. Kokoonnumme K\u00f6yli\u00f6n seurakuntatalolle, josta l\u00e4hdemme bussilla kiertoajelulle K\u00f6yli\u00f6n eri kohteisiin eli ohjelmassa on &#8221;K\u00f6yli\u00f6 sightseeing&#8221;. Oppaanamme on Mirja Reunanen. Kiertoajelun ... Lue lis\u00e4\u00e4\" \/>\n<meta property=\"og:url\" content=\"https:\/\/koylio-seura.fi\/?p=8550\" \/>\n<meta property=\"og:site_name\" content=\"K\u00f6yli\u00f6-seura\" \/>\n<meta property=\"article:published_time\" content=\"2024-08-03T07:32:43+00:00\" \/>\n<meta property=\"article:modified_time\" content=\"2024-09-05T17:08:36+00:00\" \/>\n<meta property=\"og:image\" content=\"https:\/\/koylio-seura.fi\/wp-content\/uploads\/2024\/08\/Kankaanpaan-uimarantaa-2-150x150.jpg\" \/>\n<meta name=\"author\" content=\"Marita Holkeri\" \/>\n<meta name=\"twitter:card\" content=\"summary_large_image\" \/>\n<meta name=\"twitter:label1\" content=\"Kirjoittanut\" \/>\n\t<meta name=\"twitter:data1\" content=\"Marita Holkeri\" \/>\n\t<meta name=\"twitter:label2\" content=\"Arvioitu lukuaika\" \/>\n\t<meta name=\"twitter:data2\" content=\"1 minuutti\" \/>\n<script type=\"application\/ld+json\" class=\"yoast-schema-graph\">{\"@context\":\"https:\/\/schema.org\",\"@graph\":[{\"@type\":\"Article\",\"@id\":\"https:\/\/koylio-seura.fi\/?p=8550#article\",\"isPartOf\":{\"@id\":\"https:\/\/koylio-seura.fi\/?p=8550\"},\"author\":{\"name\":\"Marita Holkeri\",\"@id\":\"https:\/\/koylio-seura.fi\/#\/schema\/person\/df27e5a4e7c9a06b7b1b7d0fb9c6b2b9\"},\"headline\":\"31.8.2024 K\u00f6yli\u00f6n yst\u00e4vien 15-vuotisjuhlap\u00e4iv\u00e4 K\u00f6yli\u00f6ss\u00e4\",\"datePublished\":\"2024-08-03T07:32:43+00:00\",\"dateModified\":\"2024-09-05T17:08:36+00:00\",\"mainEntityOfPage\":{\"@id\":\"https:\/\/koylio-seura.fi\/?p=8550\"},\"wordCount\":132,\"publisher\":{\"@id\":\"https:\/\/koylio-seura.fi\/#organization\"},\"articleSection\":[\"K\u00f6yli\u00f6-seura\",\"K\u00f6yli\u00f6n l\u00e4hialueet\",\"P\u00e4\u00e4kaupunkiseutu\",\"Rauma\/Porin seutu\",\"Tampereen seutu\",\"Turun seutu\"],\"inLanguage\":\"fi\"},{\"@type\":\"WebPage\",\"@id\":\"https:\/\/koylio-seura.fi\/?p=8550\",\"url\":\"https:\/\/koylio-seura.fi\/?p=8550\",\"name\":\"31.8.2024 K\u00f6yli\u00f6n yst\u00e4vien 15-vuotisjuhlap\u00e4iv\u00e4 K\u00f6yli\u00f6ss\u00e4 - K\u00f6yli\u00f6-seura\",\"isPartOf\":{\"@id\":\"https:\/\/koylio-seura.fi\/#website\"},\"datePublished\":\"2024-08-03T07:32:43+00:00\",\"dateModified\":\"2024-09-05T17:08:36+00:00\",\"breadcrumb\":{\"@id\":\"https:\/\/koylio-seura.fi\/?p=8550#breadcrumb\"},\"inLanguage\":\"fi\",\"potentialAction\":[{\"@type\":\"ReadAction\",\"target\":[\"https:\/\/koylio-seura.fi\/?p=8550\"]}]},{\"@type\":\"BreadcrumbList\",\"@id\":\"https:\/\/koylio-seura.fi\/?p=8550#breadcrumb\",\"itemListElement\":[{\"@type\":\"ListItem\",\"position\":1,\"name\":\"Etusivu\",\"item\":\"https:\/\/koylio-seura.fi\/\"},{\"@type\":\"ListItem\",\"position\":2,\"name\":\"31.8.2024 K\u00f6yli\u00f6n yst\u00e4vien 15-vuotisjuhlap\u00e4iv\u00e4 K\u00f6yli\u00f6ss\u00e4\"}]},{\"@type\":\"WebSite\",\"@id\":\"https:\/\/koylio-seura.fi\/#website\",\"url\":\"https:\/\/koylio-seura.fi\/\",\"name\":\"K\u00f6yli\u00f6-seura\",\"description\":\"\",\"publisher\":{\"@id\":\"https:\/\/koylio-seura.fi\/#organization\"},\"potentialAction\":[{\"@type\":\"SearchAction\",\"target\":{\"@type\":\"EntryPoint\",\"urlTemplate\":\"https:\/\/koylio-seura.fi\/?s={search_term_string}\"},\"query-input\":{\"@type\":\"PropertyValueSpecification\",\"valueRequired\":true,\"valueName\":\"search_term_string\"}}],\"inLanguage\":\"fi\"},{\"@type\":\"Organization\",\"@id\":\"https:\/\/koylio-seura.fi\/#organization\",\"name\":\"K\u00f6yli\u00f6-seura\",\"url\":\"https:\/\/koylio-seura.fi\/\",\"logo\":{\"@type\":\"ImageObject\",\"inLanguage\":\"fi\",\"@id\":\"https:\/\/koylio-seura.fi\/#\/schema\/logo\/image\/\",\"url\":\"https:\/\/koylio-seura.fi\/wp-content\/uploads\/2023\/07\/cropped-KS-logo-23.png\",\"contentUrl\":\"https:\/\/koylio-seura.fi\/wp-content\/uploads\/2023\/07\/cropped-KS-logo-23.png\",\"width\":530,\"height\":619,\"caption\":\"K\u00f6yli\u00f6-seura\"},\"image\":{\"@id\":\"https:\/\/koylio-seura.fi\/#\/schema\/logo\/image\/\"}},{\"@type\":\"Person\",\"@id\":\"https:\/\/koylio-seura.fi\/#\/schema\/person\/df27e5a4e7c9a06b7b1b7d0fb9c6b2b9\",\"name\":\"Marita Holkeri\",\"image\":{\"@type\":\"ImageObject\",\"inLanguage\":\"fi\",\"@id\":\"https:\/\/koylio-seura.fi\/#\/schema\/person\/image\/\",\"url\":\"https:\/\/secure.gravatar.com\/avatar\/515eac4f85d7b2a6cf676cd832e866082201cebc019f8d4e6bb2872e20c2d0fa?s=96&d=mm&r=g\",\"contentUrl\":\"https:\/\/secure.gravatar.com\/avatar\/515eac4f85d7b2a6cf676cd832e866082201cebc019f8d4e6bb2872e20c2d0fa?s=96&d=mm&r=g\",\"caption\":\"Marita Holkeri\"},\"url\":\"https:\/\/koylio-seura.fi\/?author=6\"}]}<\/script>\n<!-- \/ Yoast SEO plugin. -->","yoast_head_json":{"title":"31.8.2024 K\u00f6yli\u00f6n yst\u00e4vien 15-vuotisjuhlap\u00e4iv\u00e4 K\u00f6yli\u00f6ss\u00e4 - K\u00f6yli\u00f6-seura","robots":{"index":"index","follow":"follow","max-snippet":"max-snippet:-1","max-image-preview":"max-image-preview:large","max-video-preview":"max-video-preview:-1"},"canonical":"https:\/\/koylio-seura.fi\/?p=8550","og_locale":"fi_FI","og_type":"article","og_title":"31.8.2024 K\u00f6yli\u00f6n yst\u00e4vien 15-vuotisjuhlap\u00e4iv\u00e4 K\u00f6yli\u00f6ss\u00e4 - K\u00f6yli\u00f6-seura","og_description":"Kertomus K\u00f6yli\u00f6n yst\u00e4v\u00e4t -jaoston juhlap\u00e4iv\u00e4st\u00e4 kuvineen l\u00f6ytyy t\u00e4st\u00e4 linkist\u00e4. Juhlistamme K\u00f6yli\u00f6n yst\u00e4v\u00e4t-jaoston 15-vuotista taipaletta K\u00f6yli\u00f6ss\u00e4 lauantaina 31.8.2024 klo 10 alkaen. Kokoonnumme K\u00f6yli\u00f6n seurakuntatalolle, josta l\u00e4hdemme bussilla kiertoajelulle K\u00f6yli\u00f6n eri kohteisiin eli ohjelmassa on &#8221;K\u00f6yli\u00f6 sightseeing&#8221;. Oppaanamme on Mirja Reunanen. Kiertoajelun ... Lue lis\u00e4\u00e4","og_url":"https:\/\/koylio-seura.fi\/?p=8550","og_site_name":"K\u00f6yli\u00f6-seura","article_published_time":"2024-08-03T07:32:43+00:00","article_modified_time":"2024-09-05T17:08:36+00:00","og_image":[{"url":"https:\/\/koylio-seura.fi\/wp-content\/uploads\/2024\/08\/Kankaanpaan-uimarantaa-2-150x150.jpg","type":"","width":"","height":""}],"author":"Marita Holkeri","twitter_card":"summary_large_image","twitter_misc":{"Kirjoittanut":"Marita Holkeri","Arvioitu lukuaika":"1 minuutti"},"schema":{"@context":"https:\/\/schema.org","@graph":[{"@type":"Article","@id":"https:\/\/koylio-seura.fi\/?p=8550#article","isPartOf":{"@id":"https:\/\/koylio-seura.fi\/?p=8550"},"author":{"name":"Marita Holkeri","@id":"https:\/\/koylio-seura.fi\/#\/schema\/person\/df27e5a4e7c9a06b7b1b7d0fb9c6b2b9"},"headline":"31.8.2024 K\u00f6yli\u00f6n yst\u00e4vien 15-vuotisjuhlap\u00e4iv\u00e4 K\u00f6yli\u00f6ss\u00e4","datePublished":"2024-08-03T07:32:43+00:00","dateModified":"2024-09-05T17:08:36+00:00","mainEntityOfPage":{"@id":"https:\/\/koylio-seura.fi\/?p=8550"},"wordCount":132,"publisher":{"@id":"https:\/\/koylio-seura.fi\/#organization"},"articleSection":["K\u00f6yli\u00f6-seura","K\u00f6yli\u00f6n l\u00e4hialueet","P\u00e4\u00e4kaupunkiseutu","Rauma\/Porin seutu","Tampereen seutu","Turun seutu"],"inLanguage":"fi"},{"@type":"WebPage","@id":"https:\/\/koylio-seura.fi\/?p=8550","url":"https:\/\/koylio-seura.fi\/?p=8550","name":"31.8.2024 K\u00f6yli\u00f6n yst\u00e4vien 15-vuotisjuhlap\u00e4iv\u00e4 K\u00f6yli\u00f6ss\u00e4 - K\u00f6yli\u00f6-seura","isPartOf":{"@id":"https:\/\/koylio-seura.fi\/#website"},"datePublished":"2024-08-03T07:32:43+00:00","dateModified":"2024-09-05T17:08:36+00:00","breadcrumb":{"@id":"https:\/\/koylio-seura.fi\/?p=8550#breadcrumb"},"inLanguage":"fi","potentialAction":[{"@type":"ReadAction","target":["https:\/\/koylio-seura.fi\/?p=8550"]}]},{"@type":"BreadcrumbList","@id":"https:\/\/koylio-seura.fi\/?p=8550#breadcrumb","itemListElement":[{"@type":"ListItem","position":1,"name":"Etusivu","item":"https:\/\/koylio-seura.fi\/"},{"@type":"ListItem","position":2,"name":"31.8.2024 K\u00f6yli\u00f6n yst\u00e4vien 15-vuotisjuhlap\u00e4iv\u00e4 K\u00f6yli\u00f6ss\u00e4"}]},{"@type":"WebSite","@id":"https:\/\/koylio-seura.fi\/#website","url":"https:\/\/koylio-seura.fi\/","name":"K\u00f6yli\u00f6-seura","description":"","publisher":{"@id":"https:\/\/koylio-seura.fi\/#organization"},"potentialAction":[{"@type":"SearchAction","target":{"@type":"EntryPoint","urlTemplate":"https:\/\/koylio-seura.fi\/?s={search_term_string}"},"query-input":{"@type":"PropertyValueSpecification","valueRequired":true,"valueName":"search_term_string"}}],"inLanguage":"fi"},{"@type":"Organization","@id":"https:\/\/koylio-seura.fi\/#organization","name":"K\u00f6yli\u00f6-seura","url":"https:\/\/koylio-seura.fi\/","logo":{"@type":"ImageObject","inLanguage":"fi","@id":"https:\/\/koylio-seura.fi\/#\/schema\/logo\/image\/","url":"https:\/\/koylio-seura.fi\/wp-content\/uploads\/2023\/07\/cropped-KS-logo-23.png","contentUrl":"https:\/\/koylio-seura.fi\/wp-content\/uploads\/2023\/07\/cropped-KS-logo-23.png","width":530,"height":619,"caption":"K\u00f6yli\u00f6-seura"},"image":{"@id":"https:\/\/koylio-seura.fi\/#\/schema\/logo\/image\/"}},{"@type":"Person","@id":"https:\/\/koylio-seura.fi\/#\/schema\/person\/df27e5a4e7c9a06b7b1b7d0fb9c6b2b9","name":"Marita Holkeri","image":{"@type":"ImageObject","inLanguage":"fi","@id":"https:\/\/koylio-seura.fi\/#\/schema\/person\/image\/","url":"https:\/\/secure.gravatar.com\/avatar\/515eac4f85d7b2a6cf676cd832e866082201cebc019f8d4e6bb2872e20c2d0fa?s=96&d=mm&r=g","contentUrl":"https:\/\/secure.gravatar.com\/avatar\/515eac4f85d7b2a6cf676cd832e866082201cebc019f8d4e6bb2872e20c2d0fa?s=96&d=mm&r=g","caption":"Marita Holkeri"},"url":"https:\/\/koylio-seura.fi\/?author=6"}]}},"_links":{"self":[{"href":"https:\/\/koylio-seura.fi\/index.php?rest_route=\/wp\/v2\/posts\/8550","targetHints":{"allow":["GET"]}}],"collection":[{"href":"https:\/\/koylio-seura.fi\/index.php?rest_route=\/wp\/v2\/posts"}],"about":[{"href":"https:\/\/koylio-seura.fi\/index.php?rest_route=\/wp\/v2\/types\/post"}],"author":[{"embeddable":true,"href":"https:\/\/koylio-seura.fi\/index.php?rest_route=\/wp\/v2\/users\/6"}],"replies":[{"embeddable":true,"href":"https:\/\/koylio-seura.fi\/index.php?rest_route=%2Fwp%2Fv2%2Fcomments&post=8550"}],"version-history":[{"count":13,"href":"https:\/\/koylio-seura.fi\/index.php?rest_route=\/wp\/v2\/posts\/8550\/revisions"}],"predecessor-version":[{"id":10184,"href":"https:\/\/koylio-seura.fi\/index.php?rest_route=\/wp\/v2\/posts\/8550\/revisions\/10184"}],"wp:attachment":[{"href":"https:\/\/koylio-seura.fi\/index.php?rest_route=%2Fwp%2Fv2%2Fmedia&parent=8550"}],"wp:term":[{"taxonomy":"category","embeddable":true,"href":"https:\/\/koylio-seura.fi\/index.php?rest_route=%2Fwp%2Fv2%2Fcategories&post=8550"},{"taxonomy":"post_tag","embeddable":true,"href":"https:\/\/koylio-seura.fi\/index.php?rest_route=%2Fwp%2Fv2%2Ftags&post=8550"}],"curies":[{"name":"wp","href":"https:\/\/api.w.org\/{rel}","templated":true}]}}