{"id":6504,"date":"2024-01-27T10:05:59","date_gmt":"2024-01-27T10:05:59","guid":{"rendered":"https:\/\/koylio-seura.fi\/?p=6504"},"modified":"2024-03-05T07:38:03","modified_gmt":"2024-03-05T07:38:03","slug":"17-3-2024-koylio-seuran-kevatkokous","status":"publish","type":"post","link":"https:\/\/koylio-seura.fi\/?p=6504","title":{"rendered":"17.3.2024 K\u00f6yli\u00f6-seuran kev\u00e4tkokous"},"content":{"rendered":"\n<p>Kokouspaikkana on Lallin koulu. Kahvitarjoilu klo 13.00 ja kev\u00e4tkokous klo 14.00. <\/p>\n\n\n\n<p>Kokouksen j\u00e4lkeen Kaarina Toivola kertoo K\u00f6yli\u00f6-ryijyst\u00e4. <\/p>\n\n\n\n<p>Myynniss\u00e4 K\u00f6yliist-kirjoja ja K\u00f6yli\u00f6-seuran muita tuotteita.<\/p>\n\n\n\n<p>Tervetuloa!<\/p>\n","protected":false},"excerpt":{"rendered":"<p>Kokouspaikkana on Lallin koulu. Kahvitarjoilu klo 13.00 ja kev\u00e4tkokous klo 14.00. Kokouksen j\u00e4lkeen Kaarina Toivola kertoo K\u00f6yli\u00f6-ryijyst\u00e4. Myynniss\u00e4 K\u00f6yliist-kirjoja ja K\u00f6yli\u00f6-seuran muita tuotteita. Tervetuloa!<\/p>\n","protected":false},"author":11,"featured_media":0,"comment_status":"closed","ping_status":"closed","sticky":false,"template":"","format":"standard","meta":{"footnotes":""},"categories":[4],"tags":[],"class_list":["post-6504","post","type-post","status-publish","format-standard","hentry","category-koylio-seura","infinite-scroll-item"],"yoast_head":"<!-- This site is optimized with the Yoast SEO plugin v26.6 - https:\/\/yoast.com\/wordpress\/plugins\/seo\/ -->\n<title>17.3.2024 K\u00f6yli\u00f6-seuran kev\u00e4tkokous - K\u00f6yli\u00f6-seura<\/title>\n<meta name=\"robots\" content=\"index, follow, max-snippet:-1, max-image-preview:large, max-video-preview:-1\" \/>\n<link rel=\"canonical\" href=\"https:\/\/koylio-seura.fi\/?p=6504\" \/>\n<meta property=\"og:locale\" content=\"fi_FI\" \/>\n<meta property=\"og:type\" content=\"article\" \/>\n<meta property=\"og:title\" content=\"17.3.2024 K\u00f6yli\u00f6-seuran kev\u00e4tkokous - K\u00f6yli\u00f6-seura\" \/>\n<meta property=\"og:description\" content=\"Kokouspaikkana on Lallin koulu. Kahvitarjoilu klo 13.00 ja kev\u00e4tkokous klo 14.00. Kokouksen j\u00e4lkeen Kaarina Toivola kertoo K\u00f6yli\u00f6-ryijyst\u00e4. Myynniss\u00e4 K\u00f6yliist-kirjoja ja K\u00f6yli\u00f6-seuran muita tuotteita. Tervetuloa!\" \/>\n<meta property=\"og:url\" content=\"https:\/\/koylio-seura.fi\/?p=6504\" \/>\n<meta property=\"og:site_name\" content=\"K\u00f6yli\u00f6-seura\" \/>\n<meta property=\"article:published_time\" content=\"2024-01-27T10:05:59+00:00\" \/>\n<meta property=\"article:modified_time\" content=\"2024-03-05T07:38:03+00:00\" \/>\n<meta name=\"author\" content=\"Kalevi Salmi\" \/>\n<meta name=\"twitter:card\" content=\"summary_large_image\" \/>\n<meta name=\"twitter:label1\" content=\"Kirjoittanut\" \/>\n\t<meta name=\"twitter:data1\" content=\"Kalevi Salmi\" \/>\n\t<meta name=\"twitter:label2\" content=\"Arvioitu lukuaika\" \/>\n\t<meta name=\"twitter:data2\" content=\"1 minuutti\" \/>\n<script type=\"application\/ld+json\" class=\"yoast-schema-graph\">{\"@context\":\"https:\/\/schema.org\",\"@graph\":[{\"@type\":\"Article\",\"@id\":\"https:\/\/koylio-seura.fi\/?p=6504#article\",\"isPartOf\":{\"@id\":\"https:\/\/koylio-seura.fi\/?p=6504\"},\"author\":{\"name\":\"Kalevi Salmi\",\"@id\":\"https:\/\/koylio-seura.fi\/#\/schema\/person\/fc8dd0da791a25161db3b36950c44188\"},\"headline\":\"17.3.2024 K\u00f6yli\u00f6-seuran kev\u00e4tkokous\",\"datePublished\":\"2024-01-27T10:05:59+00:00\",\"dateModified\":\"2024-03-05T07:38:03+00:00\",\"mainEntityOfPage\":{\"@id\":\"https:\/\/koylio-seura.fi\/?p=6504\"},\"wordCount\":34,\"publisher\":{\"@id\":\"https:\/\/koylio-seura.fi\/#organization\"},\"articleSection\":[\"K\u00f6yli\u00f6-seura\"],\"inLanguage\":\"fi\"},{\"@type\":\"WebPage\",\"@id\":\"https:\/\/koylio-seura.fi\/?p=6504\",\"url\":\"https:\/\/koylio-seura.fi\/?p=6504\",\"name\":\"17.3.2024 K\u00f6yli\u00f6-seuran kev\u00e4tkokous - K\u00f6yli\u00f6-seura\",\"isPartOf\":{\"@id\":\"https:\/\/koylio-seura.fi\/#website\"},\"datePublished\":\"2024-01-27T10:05:59+00:00\",\"dateModified\":\"2024-03-05T07:38:03+00:00\",\"breadcrumb\":{\"@id\":\"https:\/\/koylio-seura.fi\/?p=6504#breadcrumb\"},\"inLanguage\":\"fi\",\"potentialAction\":[{\"@type\":\"ReadAction\",\"target\":[\"https:\/\/koylio-seura.fi\/?p=6504\"]}]},{\"@type\":\"BreadcrumbList\",\"@id\":\"https:\/\/koylio-seura.fi\/?p=6504#breadcrumb\",\"itemListElement\":[{\"@type\":\"ListItem\",\"position\":1,\"name\":\"Etusivu\",\"item\":\"https:\/\/koylio-seura.fi\/\"},{\"@type\":\"ListItem\",\"position\":2,\"name\":\"17.3.2024 K\u00f6yli\u00f6-seuran kev\u00e4tkokous\"}]},{\"@type\":\"WebSite\",\"@id\":\"https:\/\/koylio-seura.fi\/#website\",\"url\":\"https:\/\/koylio-seura.fi\/\",\"name\":\"K\u00f6yli\u00f6-seura\",\"description\":\"\",\"publisher\":{\"@id\":\"https:\/\/koylio-seura.fi\/#organization\"},\"potentialAction\":[{\"@type\":\"SearchAction\",\"target\":{\"@type\":\"EntryPoint\",\"urlTemplate\":\"https:\/\/koylio-seura.fi\/?s={search_term_string}\"},\"query-input\":{\"@type\":\"PropertyValueSpecification\",\"valueRequired\":true,\"valueName\":\"search_term_string\"}}],\"inLanguage\":\"fi\"},{\"@type\":\"Organization\",\"@id\":\"https:\/\/koylio-seura.fi\/#organization\",\"name\":\"K\u00f6yli\u00f6-seura\",\"url\":\"https:\/\/koylio-seura.fi\/\",\"logo\":{\"@type\":\"ImageObject\",\"inLanguage\":\"fi\",\"@id\":\"https:\/\/koylio-seura.fi\/#\/schema\/logo\/image\/\",\"url\":\"https:\/\/koylio-seura.fi\/wp-content\/uploads\/2023\/07\/cropped-KS-logo-23.png\",\"contentUrl\":\"https:\/\/koylio-seura.fi\/wp-content\/uploads\/2023\/07\/cropped-KS-logo-23.png\",\"width\":530,\"height\":619,\"caption\":\"K\u00f6yli\u00f6-seura\"},\"image\":{\"@id\":\"https:\/\/koylio-seura.fi\/#\/schema\/logo\/image\/\"}},{\"@type\":\"Person\",\"@id\":\"https:\/\/koylio-seura.fi\/#\/schema\/person\/fc8dd0da791a25161db3b36950c44188\",\"name\":\"Kalevi Salmi\",\"image\":{\"@type\":\"ImageObject\",\"inLanguage\":\"fi\",\"@id\":\"https:\/\/koylio-seura.fi\/#\/schema\/person\/image\/\",\"url\":\"https:\/\/secure.gravatar.com\/avatar\/e7f1c7ac88f588202efcaf38835bdd03405bce50229f16223f8c2237b8a2809a?s=96&d=mm&r=g\",\"contentUrl\":\"https:\/\/secure.gravatar.com\/avatar\/e7f1c7ac88f588202efcaf38835bdd03405bce50229f16223f8c2237b8a2809a?s=96&d=mm&r=g\",\"caption\":\"Kalevi Salmi\"},\"url\":\"https:\/\/koylio-seura.fi\/?author=11\"}]}<\/script>\n<!-- \/ Yoast SEO plugin. -->","yoast_head_json":{"title":"17.3.2024 K\u00f6yli\u00f6-seuran kev\u00e4tkokous - K\u00f6yli\u00f6-seura","robots":{"index":"index","follow":"follow","max-snippet":"max-snippet:-1","max-image-preview":"max-image-preview:large","max-video-preview":"max-video-preview:-1"},"canonical":"https:\/\/koylio-seura.fi\/?p=6504","og_locale":"fi_FI","og_type":"article","og_title":"17.3.2024 K\u00f6yli\u00f6-seuran kev\u00e4tkokous - K\u00f6yli\u00f6-seura","og_description":"Kokouspaikkana on Lallin koulu. Kahvitarjoilu klo 13.00 ja kev\u00e4tkokous klo 14.00. Kokouksen j\u00e4lkeen Kaarina Toivola kertoo K\u00f6yli\u00f6-ryijyst\u00e4. Myynniss\u00e4 K\u00f6yliist-kirjoja ja K\u00f6yli\u00f6-seuran muita tuotteita. Tervetuloa!","og_url":"https:\/\/koylio-seura.fi\/?p=6504","og_site_name":"K\u00f6yli\u00f6-seura","article_published_time":"2024-01-27T10:05:59+00:00","article_modified_time":"2024-03-05T07:38:03+00:00","author":"Kalevi Salmi","twitter_card":"summary_large_image","twitter_misc":{"Kirjoittanut":"Kalevi Salmi","Arvioitu lukuaika":"1 minuutti"},"schema":{"@context":"https:\/\/schema.org","@graph":[{"@type":"Article","@id":"https:\/\/koylio-seura.fi\/?p=6504#article","isPartOf":{"@id":"https:\/\/koylio-seura.fi\/?p=6504"},"author":{"name":"Kalevi Salmi","@id":"https:\/\/koylio-seura.fi\/#\/schema\/person\/fc8dd0da791a25161db3b36950c44188"},"headline":"17.3.2024 K\u00f6yli\u00f6-seuran kev\u00e4tkokous","datePublished":"2024-01-27T10:05:59+00:00","dateModified":"2024-03-05T07:38:03+00:00","mainEntityOfPage":{"@id":"https:\/\/koylio-seura.fi\/?p=6504"},"wordCount":34,"publisher":{"@id":"https:\/\/koylio-seura.fi\/#organization"},"articleSection":["K\u00f6yli\u00f6-seura"],"inLanguage":"fi"},{"@type":"WebPage","@id":"https:\/\/koylio-seura.fi\/?p=6504","url":"https:\/\/koylio-seura.fi\/?p=6504","name":"17.3.2024 K\u00f6yli\u00f6-seuran kev\u00e4tkokous - K\u00f6yli\u00f6-seura","isPartOf":{"@id":"https:\/\/koylio-seura.fi\/#website"},"datePublished":"2024-01-27T10:05:59+00:00","dateModified":"2024-03-05T07:38:03+00:00","breadcrumb":{"@id":"https:\/\/koylio-seura.fi\/?p=6504#breadcrumb"},"inLanguage":"fi","potentialAction":[{"@type":"ReadAction","target":["https:\/\/koylio-seura.fi\/?p=6504"]}]},{"@type":"BreadcrumbList","@id":"https:\/\/koylio-seura.fi\/?p=6504#breadcrumb","itemListElement":[{"@type":"ListItem","position":1,"name":"Etusivu","item":"https:\/\/koylio-seura.fi\/"},{"@type":"ListItem","position":2,"name":"17.3.2024 K\u00f6yli\u00f6-seuran kev\u00e4tkokous"}]},{"@type":"WebSite","@id":"https:\/\/koylio-seura.fi\/#website","url":"https:\/\/koylio-seura.fi\/","name":"K\u00f6yli\u00f6-seura","description":"","publisher":{"@id":"https:\/\/koylio-seura.fi\/#organization"},"potentialAction":[{"@type":"SearchAction","target":{"@type":"EntryPoint","urlTemplate":"https:\/\/koylio-seura.fi\/?s={search_term_string}"},"query-input":{"@type":"PropertyValueSpecification","valueRequired":true,"valueName":"search_term_string"}}],"inLanguage":"fi"},{"@type":"Organization","@id":"https:\/\/koylio-seura.fi\/#organization","name":"K\u00f6yli\u00f6-seura","url":"https:\/\/koylio-seura.fi\/","logo":{"@type":"ImageObject","inLanguage":"fi","@id":"https:\/\/koylio-seura.fi\/#\/schema\/logo\/image\/","url":"https:\/\/koylio-seura.fi\/wp-content\/uploads\/2023\/07\/cropped-KS-logo-23.png","contentUrl":"https:\/\/koylio-seura.fi\/wp-content\/uploads\/2023\/07\/cropped-KS-logo-23.png","width":530,"height":619,"caption":"K\u00f6yli\u00f6-seura"},"image":{"@id":"https:\/\/koylio-seura.fi\/#\/schema\/logo\/image\/"}},{"@type":"Person","@id":"https:\/\/koylio-seura.fi\/#\/schema\/person\/fc8dd0da791a25161db3b36950c44188","name":"Kalevi Salmi","image":{"@type":"ImageObject","inLanguage":"fi","@id":"https:\/\/koylio-seura.fi\/#\/schema\/person\/image\/","url":"https:\/\/secure.gravatar.com\/avatar\/e7f1c7ac88f588202efcaf38835bdd03405bce50229f16223f8c2237b8a2809a?s=96&d=mm&r=g","contentUrl":"https:\/\/secure.gravatar.com\/avatar\/e7f1c7ac88f588202efcaf38835bdd03405bce50229f16223f8c2237b8a2809a?s=96&d=mm&r=g","caption":"Kalevi Salmi"},"url":"https:\/\/koylio-seura.fi\/?author=11"}]}},"_links":{"self":[{"href":"https:\/\/koylio-seura.fi\/index.php?rest_route=\/wp\/v2\/posts\/6504","targetHints":{"allow":["GET"]}}],"collection":[{"href":"https:\/\/koylio-seura.fi\/index.php?rest_route=\/wp\/v2\/posts"}],"about":[{"href":"https:\/\/koylio-seura.fi\/index.php?rest_route=\/wp\/v2\/types\/post"}],"author":[{"embeddable":true,"href":"https:\/\/koylio-seura.fi\/index.php?rest_route=\/wp\/v2\/users\/11"}],"replies":[{"embeddable":true,"href":"https:\/\/koylio-seura.fi\/index.php?rest_route=%2Fwp%2Fv2%2Fcomments&post=6504"}],"version-history":[{"count":2,"href":"https:\/\/koylio-seura.fi\/index.php?rest_route=\/wp\/v2\/posts\/6504\/revisions"}],"predecessor-version":[{"id":7578,"href":"https:\/\/koylio-seura.fi\/index.php?rest_route=\/wp\/v2\/posts\/6504\/revisions\/7578"}],"wp:attachment":[{"href":"https:\/\/koylio-seura.fi\/index.php?rest_route=%2Fwp%2Fv2%2Fmedia&parent=6504"}],"wp:term":[{"taxonomy":"category","embeddable":true,"href":"https:\/\/koylio-seura.fi\/index.php?rest_route=%2Fwp%2Fv2%2Fcategories&post=6504"},{"taxonomy":"post_tag","embeddable":true,"href":"https:\/\/koylio-seura.fi\/index.php?rest_route=%2Fwp%2Fv2%2Ftags&post=6504"}],"curies":[{"name":"wp","href":"https:\/\/api.w.org\/{rel}","templated":true}]}}