{"id":2106,"date":"2023-10-22T15:05:00","date_gmt":"2023-10-22T15:05:00","guid":{"rendered":"https:\/\/koylio-seura.eitcon.com\/?p=2106"},"modified":"2023-11-10T15:08:43","modified_gmt":"2023-11-10T15:08:43","slug":"22-10-2023-koylion-ystavat-tampereen-seudulta-kokoontuvat","status":"publish","type":"post","link":"https:\/\/koylio-seura.fi\/?p=2106","title":{"rendered":"22.10.2023 K\u00f6yli\u00f6n yst\u00e4v\u00e4t Tampereen seudulta kokoontuvat"},"content":{"rendered":"\n<p>Tapaamme Pyynikinlinnassa, Emil Aaltosen museossa, osoite Mariankatu 40, k\u00e4yntiosoite Palom\u00e4entie 2a, sunnuntaina 22.10.2023 klo 16 tutustuen Emil Aaltoseen- teollisuusmieheen, tieteen ja taiteen tukijaan sek\u00e4 suurmaatalouden harjoittajaan. P\u00e4\u00e4symaksu 7 euroa.<\/p>\n\n\n\n<p>Seuraamme draamaopastusta TTT:n n\u00e4yttelij\u00e4n Auvo Vihron johdattamana.<\/p>\n\n\n\n<p>P\u00e4\u00e4semme tutustumaan Lokomon, Sarviksen, Aaltosen kenk\u00e4- ja nahkatehtaiden sek\u00e4 M\u00e4nts\u00e4l\u00e4n Ylikartanon eli Andersbergin historiaan. Tietysti my\u00f6s Emil Aaltosen henkil\u00f6historiaan. On my\u00f6s mahdollista katsoa el\u00e4m\u00e4nkertavideo Emil Aaltosesta.<\/p>\n\n\n\n<p>Paikkavarauksen takia pyyd\u00e4mme osallistujia ilmoittautumaan allekirjoittaneille viimeist\u00e4\u00e4n tiistaina 17.10.2023.<\/p>\n\n\n\n<p>Tervetuloa K\u00f6yli\u00f6n yst\u00e4v\u00e4t Tampereelle kulttuurikohteeseen my\u00f6s kauempaa!<\/p>\n\n\n\n<p>Martti Erkkil\u00e4, martti.erkkila@pp.inet.fi, tel. 0400 425236<br>Pirkko Partanen, pirkko.partanen@luukku.com, tel. 045 8565633<\/p>\n","protected":false},"excerpt":{"rendered":"<p>Tapaamme Pyynikinlinnassa, Emil Aaltosen museossa, osoite Mariankatu 40, k\u00e4yntiosoite Palom\u00e4entie 2a, sunnuntaina 22.10.2023 klo 16 tutustuen Emil Aaltoseen- teollisuusmieheen, tieteen ja taiteen tukijaan sek\u00e4 suurmaatalouden harjoittajaan. P\u00e4\u00e4symaksu 7 euroa. Seuraamme draamaopastusta TTT:n n\u00e4yttelij\u00e4n Auvo Vihron johdattamana. P\u00e4\u00e4semme tutustumaan Lokomon, Sarviksen, &#8230; <a title=\"22.10.2023 K\u00f6yli\u00f6n yst\u00e4v\u00e4t Tampereen seudulta kokoontuvat\" class=\"read-more\" href=\"https:\/\/koylio-seura.fi\/?p=2106\" aria-label=\"Lue lis\u00e4\u00e4 aiheesta 22.10.2023 K\u00f6yli\u00f6n yst\u00e4v\u00e4t Tampereen seudulta kokoontuvat\">Lue lis\u00e4\u00e4<\/a><\/p>\n","protected":false},"author":4,"featured_media":0,"comment_status":"closed","ping_status":"closed","sticky":false,"template":"","format":"standard","meta":{"footnotes":""},"categories":[8],"tags":[],"class_list":["post-2106","post","type-post","status-publish","format-standard","hentry","category-tampereen-seutu","infinite-scroll-item"],"yoast_head":"<!-- This site is optimized with the Yoast SEO plugin v26.6 - https:\/\/yoast.com\/wordpress\/plugins\/seo\/ -->\n<title>22.10.2023 K\u00f6yli\u00f6n yst\u00e4v\u00e4t Tampereen seudulta kokoontuvat - K\u00f6yli\u00f6-seura<\/title>\n<meta name=\"robots\" content=\"index, follow, max-snippet:-1, max-image-preview:large, max-video-preview:-1\" \/>\n<link rel=\"canonical\" href=\"https:\/\/koylio-seura.fi\/?p=2106\" \/>\n<meta property=\"og:locale\" content=\"fi_FI\" \/>\n<meta property=\"og:type\" content=\"article\" \/>\n<meta property=\"og:title\" content=\"22.10.2023 K\u00f6yli\u00f6n yst\u00e4v\u00e4t Tampereen seudulta kokoontuvat - K\u00f6yli\u00f6-seura\" \/>\n<meta property=\"og:description\" content=\"Tapaamme Pyynikinlinnassa, Emil Aaltosen museossa, osoite Mariankatu 40, k\u00e4yntiosoite Palom\u00e4entie 2a, sunnuntaina 22.10.2023 klo 16 tutustuen Emil Aaltoseen- teollisuusmieheen, tieteen ja taiteen tukijaan sek\u00e4 suurmaatalouden harjoittajaan. P\u00e4\u00e4symaksu 7 euroa. Seuraamme draamaopastusta TTT:n n\u00e4yttelij\u00e4n Auvo Vihron johdattamana. P\u00e4\u00e4semme tutustumaan Lokomon, Sarviksen, ... Lue lis\u00e4\u00e4\" \/>\n<meta property=\"og:url\" content=\"https:\/\/koylio-seura.fi\/?p=2106\" \/>\n<meta property=\"og:site_name\" content=\"K\u00f6yli\u00f6-seura\" \/>\n<meta property=\"article:published_time\" content=\"2023-10-22T15:05:00+00:00\" \/>\n<meta property=\"article:modified_time\" content=\"2023-11-10T15:08:43+00:00\" \/>\n<meta name=\"author\" content=\"Martti Erkkil\u00e4\" \/>\n<meta name=\"twitter:card\" content=\"summary_large_image\" \/>\n<meta name=\"twitter:label1\" content=\"Kirjoittanut\" \/>\n\t<meta name=\"twitter:data1\" content=\"Martti Erkkil\u00e4\" \/>\n\t<meta name=\"twitter:label2\" content=\"Arvioitu lukuaika\" \/>\n\t<meta name=\"twitter:data2\" content=\"1 minuutti\" \/>\n<script type=\"application\/ld+json\" class=\"yoast-schema-graph\">{\"@context\":\"https:\/\/schema.org\",\"@graph\":[{\"@type\":\"Article\",\"@id\":\"https:\/\/koylio-seura.fi\/?p=2106#article\",\"isPartOf\":{\"@id\":\"https:\/\/koylio-seura.fi\/?p=2106\"},\"author\":{\"name\":\"Martti Erkkil\u00e4\",\"@id\":\"https:\/\/koylio-seura.fi\/#\/schema\/person\/2dac736fe995540d32bf7a987a8bd737\"},\"headline\":\"22.10.2023 K\u00f6yli\u00f6n yst\u00e4v\u00e4t Tampereen seudulta kokoontuvat\",\"datePublished\":\"2023-10-22T15:05:00+00:00\",\"dateModified\":\"2023-11-10T15:08:43+00:00\",\"mainEntityOfPage\":{\"@id\":\"https:\/\/koylio-seura.fi\/?p=2106\"},\"wordCount\":120,\"publisher\":{\"@id\":\"https:\/\/koylio-seura.fi\/#organization\"},\"articleSection\":[\"Tampereen seutu\"],\"inLanguage\":\"fi\"},{\"@type\":\"WebPage\",\"@id\":\"https:\/\/koylio-seura.fi\/?p=2106\",\"url\":\"https:\/\/koylio-seura.fi\/?p=2106\",\"name\":\"22.10.2023 K\u00f6yli\u00f6n yst\u00e4v\u00e4t Tampereen seudulta kokoontuvat - K\u00f6yli\u00f6-seura\",\"isPartOf\":{\"@id\":\"https:\/\/koylio-seura.fi\/#website\"},\"datePublished\":\"2023-10-22T15:05:00+00:00\",\"dateModified\":\"2023-11-10T15:08:43+00:00\",\"breadcrumb\":{\"@id\":\"https:\/\/koylio-seura.fi\/?p=2106#breadcrumb\"},\"inLanguage\":\"fi\",\"potentialAction\":[{\"@type\":\"ReadAction\",\"target\":[\"https:\/\/koylio-seura.fi\/?p=2106\"]}]},{\"@type\":\"BreadcrumbList\",\"@id\":\"https:\/\/koylio-seura.fi\/?p=2106#breadcrumb\",\"itemListElement\":[{\"@type\":\"ListItem\",\"position\":1,\"name\":\"Etusivu\",\"item\":\"https:\/\/koylio-seura.fi\/\"},{\"@type\":\"ListItem\",\"position\":2,\"name\":\"22.10.2023 K\u00f6yli\u00f6n yst\u00e4v\u00e4t Tampereen seudulta kokoontuvat\"}]},{\"@type\":\"WebSite\",\"@id\":\"https:\/\/koylio-seura.fi\/#website\",\"url\":\"https:\/\/koylio-seura.fi\/\",\"name\":\"K\u00f6yli\u00f6-seura\",\"description\":\"\",\"publisher\":{\"@id\":\"https:\/\/koylio-seura.fi\/#organization\"},\"potentialAction\":[{\"@type\":\"SearchAction\",\"target\":{\"@type\":\"EntryPoint\",\"urlTemplate\":\"https:\/\/koylio-seura.fi\/?s={search_term_string}\"},\"query-input\":{\"@type\":\"PropertyValueSpecification\",\"valueRequired\":true,\"valueName\":\"search_term_string\"}}],\"inLanguage\":\"fi\"},{\"@type\":\"Organization\",\"@id\":\"https:\/\/koylio-seura.fi\/#organization\",\"name\":\"K\u00f6yli\u00f6-seura\",\"url\":\"https:\/\/koylio-seura.fi\/\",\"logo\":{\"@type\":\"ImageObject\",\"inLanguage\":\"fi\",\"@id\":\"https:\/\/koylio-seura.fi\/#\/schema\/logo\/image\/\",\"url\":\"https:\/\/koylio-seura.fi\/wp-content\/uploads\/2023\/07\/cropped-KS-logo-23.png\",\"contentUrl\":\"https:\/\/koylio-seura.fi\/wp-content\/uploads\/2023\/07\/cropped-KS-logo-23.png\",\"width\":530,\"height\":619,\"caption\":\"K\u00f6yli\u00f6-seura\"},\"image\":{\"@id\":\"https:\/\/koylio-seura.fi\/#\/schema\/logo\/image\/\"}},{\"@type\":\"Person\",\"@id\":\"https:\/\/koylio-seura.fi\/#\/schema\/person\/2dac736fe995540d32bf7a987a8bd737\",\"name\":\"Martti Erkkil\u00e4\",\"image\":{\"@type\":\"ImageObject\",\"inLanguage\":\"fi\",\"@id\":\"https:\/\/koylio-seura.fi\/#\/schema\/person\/image\/\",\"url\":\"https:\/\/secure.gravatar.com\/avatar\/787610ca9317e1e7201c5db19f91fb4f638f6d728dcc46c451f318fcab2803fc?s=96&d=mm&r=g\",\"contentUrl\":\"https:\/\/secure.gravatar.com\/avatar\/787610ca9317e1e7201c5db19f91fb4f638f6d728dcc46c451f318fcab2803fc?s=96&d=mm&r=g\",\"caption\":\"Martti Erkkil\u00e4\"},\"url\":\"https:\/\/koylio-seura.fi\/?author=4\"}]}<\/script>\n<!-- \/ Yoast SEO plugin. -->","yoast_head_json":{"title":"22.10.2023 K\u00f6yli\u00f6n yst\u00e4v\u00e4t Tampereen seudulta kokoontuvat - K\u00f6yli\u00f6-seura","robots":{"index":"index","follow":"follow","max-snippet":"max-snippet:-1","max-image-preview":"max-image-preview:large","max-video-preview":"max-video-preview:-1"},"canonical":"https:\/\/koylio-seura.fi\/?p=2106","og_locale":"fi_FI","og_type":"article","og_title":"22.10.2023 K\u00f6yli\u00f6n yst\u00e4v\u00e4t Tampereen seudulta kokoontuvat - K\u00f6yli\u00f6-seura","og_description":"Tapaamme Pyynikinlinnassa, Emil Aaltosen museossa, osoite Mariankatu 40, k\u00e4yntiosoite Palom\u00e4entie 2a, sunnuntaina 22.10.2023 klo 16 tutustuen Emil Aaltoseen- teollisuusmieheen, tieteen ja taiteen tukijaan sek\u00e4 suurmaatalouden harjoittajaan. P\u00e4\u00e4symaksu 7 euroa. Seuraamme draamaopastusta TTT:n n\u00e4yttelij\u00e4n Auvo Vihron johdattamana. P\u00e4\u00e4semme tutustumaan Lokomon, Sarviksen, ... Lue lis\u00e4\u00e4","og_url":"https:\/\/koylio-seura.fi\/?p=2106","og_site_name":"K\u00f6yli\u00f6-seura","article_published_time":"2023-10-22T15:05:00+00:00","article_modified_time":"2023-11-10T15:08:43+00:00","author":"Martti Erkkil\u00e4","twitter_card":"summary_large_image","twitter_misc":{"Kirjoittanut":"Martti Erkkil\u00e4","Arvioitu lukuaika":"1 minuutti"},"schema":{"@context":"https:\/\/schema.org","@graph":[{"@type":"Article","@id":"https:\/\/koylio-seura.fi\/?p=2106#article","isPartOf":{"@id":"https:\/\/koylio-seura.fi\/?p=2106"},"author":{"name":"Martti Erkkil\u00e4","@id":"https:\/\/koylio-seura.fi\/#\/schema\/person\/2dac736fe995540d32bf7a987a8bd737"},"headline":"22.10.2023 K\u00f6yli\u00f6n yst\u00e4v\u00e4t Tampereen seudulta kokoontuvat","datePublished":"2023-10-22T15:05:00+00:00","dateModified":"2023-11-10T15:08:43+00:00","mainEntityOfPage":{"@id":"https:\/\/koylio-seura.fi\/?p=2106"},"wordCount":120,"publisher":{"@id":"https:\/\/koylio-seura.fi\/#organization"},"articleSection":["Tampereen seutu"],"inLanguage":"fi"},{"@type":"WebPage","@id":"https:\/\/koylio-seura.fi\/?p=2106","url":"https:\/\/koylio-seura.fi\/?p=2106","name":"22.10.2023 K\u00f6yli\u00f6n yst\u00e4v\u00e4t Tampereen seudulta kokoontuvat - K\u00f6yli\u00f6-seura","isPartOf":{"@id":"https:\/\/koylio-seura.fi\/#website"},"datePublished":"2023-10-22T15:05:00+00:00","dateModified":"2023-11-10T15:08:43+00:00","breadcrumb":{"@id":"https:\/\/koylio-seura.fi\/?p=2106#breadcrumb"},"inLanguage":"fi","potentialAction":[{"@type":"ReadAction","target":["https:\/\/koylio-seura.fi\/?p=2106"]}]},{"@type":"BreadcrumbList","@id":"https:\/\/koylio-seura.fi\/?p=2106#breadcrumb","itemListElement":[{"@type":"ListItem","position":1,"name":"Etusivu","item":"https:\/\/koylio-seura.fi\/"},{"@type":"ListItem","position":2,"name":"22.10.2023 K\u00f6yli\u00f6n yst\u00e4v\u00e4t Tampereen seudulta kokoontuvat"}]},{"@type":"WebSite","@id":"https:\/\/koylio-seura.fi\/#website","url":"https:\/\/koylio-seura.fi\/","name":"K\u00f6yli\u00f6-seura","description":"","publisher":{"@id":"https:\/\/koylio-seura.fi\/#organization"},"potentialAction":[{"@type":"SearchAction","target":{"@type":"EntryPoint","urlTemplate":"https:\/\/koylio-seura.fi\/?s={search_term_string}"},"query-input":{"@type":"PropertyValueSpecification","valueRequired":true,"valueName":"search_term_string"}}],"inLanguage":"fi"},{"@type":"Organization","@id":"https:\/\/koylio-seura.fi\/#organization","name":"K\u00f6yli\u00f6-seura","url":"https:\/\/koylio-seura.fi\/","logo":{"@type":"ImageObject","inLanguage":"fi","@id":"https:\/\/koylio-seura.fi\/#\/schema\/logo\/image\/","url":"https:\/\/koylio-seura.fi\/wp-content\/uploads\/2023\/07\/cropped-KS-logo-23.png","contentUrl":"https:\/\/koylio-seura.fi\/wp-content\/uploads\/2023\/07\/cropped-KS-logo-23.png","width":530,"height":619,"caption":"K\u00f6yli\u00f6-seura"},"image":{"@id":"https:\/\/koylio-seura.fi\/#\/schema\/logo\/image\/"}},{"@type":"Person","@id":"https:\/\/koylio-seura.fi\/#\/schema\/person\/2dac736fe995540d32bf7a987a8bd737","name":"Martti Erkkil\u00e4","image":{"@type":"ImageObject","inLanguage":"fi","@id":"https:\/\/koylio-seura.fi\/#\/schema\/person\/image\/","url":"https:\/\/secure.gravatar.com\/avatar\/787610ca9317e1e7201c5db19f91fb4f638f6d728dcc46c451f318fcab2803fc?s=96&d=mm&r=g","contentUrl":"https:\/\/secure.gravatar.com\/avatar\/787610ca9317e1e7201c5db19f91fb4f638f6d728dcc46c451f318fcab2803fc?s=96&d=mm&r=g","caption":"Martti Erkkil\u00e4"},"url":"https:\/\/koylio-seura.fi\/?author=4"}]}},"_links":{"self":[{"href":"https:\/\/koylio-seura.fi\/index.php?rest_route=\/wp\/v2\/posts\/2106","targetHints":{"allow":["GET"]}}],"collection":[{"href":"https:\/\/koylio-seura.fi\/index.php?rest_route=\/wp\/v2\/posts"}],"about":[{"href":"https:\/\/koylio-seura.fi\/index.php?rest_route=\/wp\/v2\/types\/post"}],"author":[{"embeddable":true,"href":"https:\/\/koylio-seura.fi\/index.php?rest_route=\/wp\/v2\/users\/4"}],"replies":[{"embeddable":true,"href":"https:\/\/koylio-seura.fi\/index.php?rest_route=%2Fwp%2Fv2%2Fcomments&post=2106"}],"version-history":[{"count":1,"href":"https:\/\/koylio-seura.fi\/index.php?rest_route=\/wp\/v2\/posts\/2106\/revisions"}],"predecessor-version":[{"id":2107,"href":"https:\/\/koylio-seura.fi\/index.php?rest_route=\/wp\/v2\/posts\/2106\/revisions\/2107"}],"wp:attachment":[{"href":"https:\/\/koylio-seura.fi\/index.php?rest_route=%2Fwp%2Fv2%2Fmedia&parent=2106"}],"wp:term":[{"taxonomy":"category","embeddable":true,"href":"https:\/\/koylio-seura.fi\/index.php?rest_route=%2Fwp%2Fv2%2Fcategories&post=2106"},{"taxonomy":"post_tag","embeddable":true,"href":"https:\/\/koylio-seura.fi\/index.php?rest_route=%2Fwp%2Fv2%2Ftags&post=2106"}],"curies":[{"name":"wp","href":"https:\/\/api.w.org\/{rel}","templated":true}]}}