{"id":2089,"date":"2023-06-17T14:29:00","date_gmt":"2023-06-17T14:29:00","guid":{"rendered":"https:\/\/koylio-seura.eitcon.com\/?p=2089"},"modified":"2023-11-10T14:35:13","modified_gmt":"2023-11-10T14:35:13","slug":"koylio-paivat-17-18-6-2023","status":"publish","type":"post","link":"https:\/\/koylio-seura.fi\/?p=2089","title":{"rendered":"K\u00f6yli\u00f6-p\u00e4iv\u00e4t 17.-18.6.2023"},"content":{"rendered":"\n<p>Tervetuloa K\u00f6yli\u00f6-p\u00e4iville!<\/p>\n\n\n\n<p><strong>Lauantaina 17.6.<\/strong><br>Klo 10-14 Kes\u00e4-Heikki Yttil\u00e4n Museokoulun (Pyh\u00e4n Henrikintie 350) pihapiiriss\u00e4<br>\u201dJo varhain j\u00e4rjestettiin juhlap\u00e4ivin\u00e4 markkinat. Talvella niihin liittyi Heikin markkinat ja kes\u00e4ll\u00e4 tuohimarkkinat eli Kes\u00e4-Heikki oli ennen vanhaan suuri kansanjuhla ja ilonp\u00e4iv\u00e4\u201d.<br>Markkinoilla n\u00e4hd\u00e4\u00e4n perinteit\u00e4 el\u00e4v\u00f6itt\u00e4vi\u00e4 k\u00e4sity\u00f6n taitajia ty\u00f6n\u00e4yt\u00f6ksineen sek\u00e4 kirpputori- ja myyntikojuja laidasta laitaan. Yttil\u00e4n kyl\u00e4yhdistys myy puffetista sy\u00f6mist\u00e4 ja juomista: makkaroita, lettuja, kahvia, lonkaa ja muuta hyv\u00e4\u00e4. Lapsille on luvassa hauskoja vanhan ajan pihaleikkej\u00e4 leikitt\u00e4jien johdolla pihapiirin leikkikent\u00e4ll\u00e4. Markkinahumua yll\u00e4pit\u00e4v\u00e4t Timo-kuuluttaja ja Reijo-hanuristi.<br>Markkinoilla mukana myym\u00e4ss\u00e4:<\/p>\n\n\n\n<ul class=\"wp-block-list\">\n<li>Atelje Anemone<\/li>\n\n\n\n<li>Tapani Marjasen puuty\u00f6t ja sorvausn\u00e4yt\u00f6s<\/li>\n\n\n\n<li>Kerttu Satolan betonivaluty\u00f6t<\/li>\n\n\n\n<li>Kotirannan perunat, juureksetja vihannekset<\/li>\n\n\n\n<li>Sepp\u00e4 Vuorisen taontaa ja tuotteita<\/li>\n\n\n\n<li>Vahteriston sisarusten hunajat ja leipomustuotteet<\/li>\n\n\n\n<li>Mikko Rantasen tuoreet vihdat, kraakunvarsiluudat ja vanhaa tavaraa<\/li>\n\n\n\n<li>Jussilan vanha kahviauto tarjottavineen<\/li>\n\n\n\n<li>Puukan perennan kukkia<\/li>\n\n\n\n<li>Raili Selinheimo myy lautanauhaa ja kinnasneuloja<\/li>\n\n\n\n<li>Yttil\u00e4n kyl\u00e4yhdistyksen puffetti ja rompetori<\/li>\n\n\n\n<li>K\u00f6yli\u00f6-seuran kirjat, neuleet, DVD:t, arpojen myynti ja kirpputori.<\/li>\n\n\n\n<li>Nypl\u00e4\u00e4j\u00e4t ry, nypl\u00e4ystuotteita<\/li>\n\n\n\n<li>Reijo Saviranta Huittisista, koreja, harjoja\u2026<\/li>\n\n\n\n<li>Nordic creations, Virginie Fruchart Kiukaisista, puukoruja ja muita puutuotteita<\/li>\n\n\n\n<li>Liisa Ketola, k\u00e4sit\u00f6it\u00e4<\/li>\n\n\n\n<li>Irma L\u00e4hde, kirist\u00e4m\u00e4tt\u00f6mi\u00e4 sukkia ja tossuja<\/li>\n\n\n\n<li>Antoni Mattila, Katajan leipomo, makeita ja suolaisia leivonnaisia<\/li>\n\n\n\n<li>Ronja Kuokkanen, Outar, saunatonttuja, -tuoksuja<br>(tulijoita lis\u00e4t\u00e4\u00e4n sit\u00e4 mukaa kuin saadaan sovittua)<br>Perinteisi\u00e4 k\u00e4sity\u00f6taitoja on esill\u00e4:<\/li>\n\n\n\n<li>maton kutomista Yttil\u00e4n museokoulun luokkahuoneessa,Raija Kaitaranta<\/li>\n\n\n\n<li>sukan kutomista, Eeva Teperi ja kumppani<\/li>\n\n\n\n<li>sorvaamista, Tapani Marjanen<\/li>\n\n\n\n<li>taontaa, Juha Vuorinen<\/li>\n\n\n\n<li>pitsin nypl\u00e4\u00e4mist\u00e4, Nypl\u00e4\u00e4j\u00e4t ry:st\u00e4 Raumalta<\/li>\n\n\n\n<li>kehr\u00e4\u00e4mist\u00e4, v\u00e4rttin\u00e4n k\u00e4ytt\u00f6\u00e4, Raili Selinheimo Maskusta<br>(tiedot p\u00e4ivittyv\u00e4t pitkin aikaa)<br>Mukana my\u00f6s:<\/li>\n\n\n\n<li>Esa Haavisto ja Buick -31<\/li>\n\n\n\n<li>Vesa Kyl\u00e4np\u00e4\u00e4 ja Vespa, vanha mopo ja auto.<\/li>\n\n\n\n<li>Lalli ja Kerttu vierailevat markkinoilla<br>(tiedot p\u00e4ivittyv\u00e4t sit\u00e4 mukaa, kuin asioita saadaan sovituksi)<br>Tervetuloa mukaan markkinahumuun!!<br>Klo 14 M\u00f6lkkyottelu, Yttil\u00e4n Museokoulu<br>Klo 17 Kes\u00e4ilta ja Iltahartaus Kuninkaanl\u00e4hteell\u00e4<br><strong>Sunnuntaina 18.6.<\/strong><br>Lallintalolla Kotiseutujuhla<br>klo 12 Lounas Lallintalolla: kinkkukiusaus\/ kasviskiusaus , salaatteja + kahvi ja raparperipiirakka hintaan 12 e \/henkil\u00f6 (ennakkovaraus Merja Mikkolalle 040 5615917)<br>klo 13 Kotiseutujuhla, Lallintalo, juontaja Olli-Pekka Iham\u00e4ki, juhlapuhe Laura Kolu, julkistetaan Lalli ja Kerttu ja K\u00f6yli\u00f6n yst\u00e4v\u00e4<br>klo 15 K\u00f6yli\u00f6n Yst\u00e4v\u00e4t tapaavat, esitell\u00e4\u00e4n K\u00f6yli\u00f6n naisen puku ja korut, Lallintalo<br>Tarkemmat ohjelmatiedot l\u00e4hemp\u00e4n\u00e4 ajankohtaa<\/li>\n<\/ul>\n","protected":false},"excerpt":{"rendered":"<p>Tervetuloa K\u00f6yli\u00f6-p\u00e4iville! Lauantaina 17.6.Klo 10-14 Kes\u00e4-Heikki Yttil\u00e4n Museokoulun (Pyh\u00e4n Henrikintie 350) pihapiiriss\u00e4\u201dJo varhain j\u00e4rjestettiin juhlap\u00e4ivin\u00e4 markkinat. Talvella niihin liittyi Heikin markkinat ja kes\u00e4ll\u00e4 tuohimarkkinat eli Kes\u00e4-Heikki oli ennen vanhaan suuri kansanjuhla ja ilonp\u00e4iv\u00e4\u201d.Markkinoilla n\u00e4hd\u00e4\u00e4n perinteit\u00e4 el\u00e4v\u00f6itt\u00e4vi\u00e4 k\u00e4sity\u00f6n taitajia ty\u00f6n\u00e4yt\u00f6ksineen sek\u00e4 &#8230; <a title=\"K\u00f6yli\u00f6-p\u00e4iv\u00e4t 17.-18.6.2023\" class=\"read-more\" href=\"https:\/\/koylio-seura.fi\/?p=2089\" aria-label=\"Lue lis\u00e4\u00e4 aiheesta K\u00f6yli\u00f6-p\u00e4iv\u00e4t 17.-18.6.2023\">Lue lis\u00e4\u00e4<\/a><\/p>\n","protected":false},"author":1,"featured_media":0,"comment_status":"closed","ping_status":"closed","sticky":false,"template":"","format":"standard","meta":{"footnotes":""},"categories":[4],"tags":[],"class_list":["post-2089","post","type-post","status-publish","format-standard","hentry","category-koylio-seura","infinite-scroll-item"],"yoast_head":"<!-- This site is optimized with the Yoast SEO plugin v26.6 - https:\/\/yoast.com\/wordpress\/plugins\/seo\/ -->\n<title>K\u00f6yli\u00f6-p\u00e4iv\u00e4t 17.-18.6.2023 - K\u00f6yli\u00f6-seura<\/title>\n<meta name=\"robots\" content=\"index, follow, max-snippet:-1, max-image-preview:large, max-video-preview:-1\" \/>\n<link rel=\"canonical\" href=\"https:\/\/koylio-seura.fi\/?p=2089\" \/>\n<meta property=\"og:locale\" content=\"fi_FI\" \/>\n<meta property=\"og:type\" content=\"article\" \/>\n<meta property=\"og:title\" content=\"K\u00f6yli\u00f6-p\u00e4iv\u00e4t 17.-18.6.2023 - K\u00f6yli\u00f6-seura\" \/>\n<meta property=\"og:description\" content=\"Tervetuloa K\u00f6yli\u00f6-p\u00e4iville! Lauantaina 17.6.Klo 10-14 Kes\u00e4-Heikki Yttil\u00e4n Museokoulun (Pyh\u00e4n Henrikintie 350) pihapiiriss\u00e4\u201dJo varhain j\u00e4rjestettiin juhlap\u00e4ivin\u00e4 markkinat. Talvella niihin liittyi Heikin markkinat ja kes\u00e4ll\u00e4 tuohimarkkinat eli Kes\u00e4-Heikki oli ennen vanhaan suuri kansanjuhla ja ilonp\u00e4iv\u00e4\u201d.Markkinoilla n\u00e4hd\u00e4\u00e4n perinteit\u00e4 el\u00e4v\u00f6itt\u00e4vi\u00e4 k\u00e4sity\u00f6n taitajia ty\u00f6n\u00e4yt\u00f6ksineen sek\u00e4 ... Lue lis\u00e4\u00e4\" \/>\n<meta property=\"og:url\" content=\"https:\/\/koylio-seura.fi\/?p=2089\" \/>\n<meta property=\"og:site_name\" content=\"K\u00f6yli\u00f6-seura\" \/>\n<meta property=\"article:published_time\" content=\"2023-06-17T14:29:00+00:00\" \/>\n<meta property=\"article:modified_time\" content=\"2023-11-10T14:35:13+00:00\" \/>\n<meta name=\"author\" content=\"admin\" \/>\n<meta name=\"twitter:card\" content=\"summary_large_image\" \/>\n<meta name=\"twitter:label1\" content=\"Kirjoittanut\" \/>\n\t<meta name=\"twitter:data1\" content=\"admin\" \/>\n\t<meta name=\"twitter:label2\" content=\"Arvioitu lukuaika\" \/>\n\t<meta name=\"twitter:data2\" content=\"2 minuuttia\" \/>\n<script type=\"application\/ld+json\" class=\"yoast-schema-graph\">{\"@context\":\"https:\/\/schema.org\",\"@graph\":[{\"@type\":\"Article\",\"@id\":\"https:\/\/koylio-seura.fi\/?p=2089#article\",\"isPartOf\":{\"@id\":\"https:\/\/koylio-seura.fi\/?p=2089\"},\"author\":{\"name\":\"admin\",\"@id\":\"https:\/\/koylio-seura.fi\/#\/schema\/person\/6387bcb5e0963e1ea20d3d08fe03b661\"},\"headline\":\"K\u00f6yli\u00f6-p\u00e4iv\u00e4t 17.-18.6.2023\",\"datePublished\":\"2023-06-17T14:29:00+00:00\",\"dateModified\":\"2023-11-10T14:35:13+00:00\",\"mainEntityOfPage\":{\"@id\":\"https:\/\/koylio-seura.fi\/?p=2089\"},\"wordCount\":397,\"publisher\":{\"@id\":\"https:\/\/koylio-seura.fi\/#organization\"},\"articleSection\":[\"K\u00f6yli\u00f6-seura\"],\"inLanguage\":\"fi\"},{\"@type\":\"WebPage\",\"@id\":\"https:\/\/koylio-seura.fi\/?p=2089\",\"url\":\"https:\/\/koylio-seura.fi\/?p=2089\",\"name\":\"K\u00f6yli\u00f6-p\u00e4iv\u00e4t 17.-18.6.2023 - K\u00f6yli\u00f6-seura\",\"isPartOf\":{\"@id\":\"https:\/\/koylio-seura.fi\/#website\"},\"datePublished\":\"2023-06-17T14:29:00+00:00\",\"dateModified\":\"2023-11-10T14:35:13+00:00\",\"breadcrumb\":{\"@id\":\"https:\/\/koylio-seura.fi\/?p=2089#breadcrumb\"},\"inLanguage\":\"fi\",\"potentialAction\":[{\"@type\":\"ReadAction\",\"target\":[\"https:\/\/koylio-seura.fi\/?p=2089\"]}]},{\"@type\":\"BreadcrumbList\",\"@id\":\"https:\/\/koylio-seura.fi\/?p=2089#breadcrumb\",\"itemListElement\":[{\"@type\":\"ListItem\",\"position\":1,\"name\":\"Etusivu\",\"item\":\"https:\/\/koylio-seura.fi\/\"},{\"@type\":\"ListItem\",\"position\":2,\"name\":\"K\u00f6yli\u00f6-p\u00e4iv\u00e4t 17.-18.6.2023\"}]},{\"@type\":\"WebSite\",\"@id\":\"https:\/\/koylio-seura.fi\/#website\",\"url\":\"https:\/\/koylio-seura.fi\/\",\"name\":\"K\u00f6yli\u00f6-seura\",\"description\":\"\",\"publisher\":{\"@id\":\"https:\/\/koylio-seura.fi\/#organization\"},\"potentialAction\":[{\"@type\":\"SearchAction\",\"target\":{\"@type\":\"EntryPoint\",\"urlTemplate\":\"https:\/\/koylio-seura.fi\/?s={search_term_string}\"},\"query-input\":{\"@type\":\"PropertyValueSpecification\",\"valueRequired\":true,\"valueName\":\"search_term_string\"}}],\"inLanguage\":\"fi\"},{\"@type\":\"Organization\",\"@id\":\"https:\/\/koylio-seura.fi\/#organization\",\"name\":\"K\u00f6yli\u00f6-seura\",\"url\":\"https:\/\/koylio-seura.fi\/\",\"logo\":{\"@type\":\"ImageObject\",\"inLanguage\":\"fi\",\"@id\":\"https:\/\/koylio-seura.fi\/#\/schema\/logo\/image\/\",\"url\":\"https:\/\/koylio-seura.fi\/wp-content\/uploads\/2023\/07\/cropped-KS-logo-23.png\",\"contentUrl\":\"https:\/\/koylio-seura.fi\/wp-content\/uploads\/2023\/07\/cropped-KS-logo-23.png\",\"width\":530,\"height\":619,\"caption\":\"K\u00f6yli\u00f6-seura\"},\"image\":{\"@id\":\"https:\/\/koylio-seura.fi\/#\/schema\/logo\/image\/\"}},{\"@type\":\"Person\",\"@id\":\"https:\/\/koylio-seura.fi\/#\/schema\/person\/6387bcb5e0963e1ea20d3d08fe03b661\",\"name\":\"admin\",\"image\":{\"@type\":\"ImageObject\",\"inLanguage\":\"fi\",\"@id\":\"https:\/\/koylio-seura.fi\/#\/schema\/person\/image\/\",\"url\":\"https:\/\/secure.gravatar.com\/avatar\/3910a3ff490ba0627e61d38125b17b89d84b8d7ad51f62c3d2ab18e55c66c3cf?s=96&d=mm&r=g\",\"contentUrl\":\"https:\/\/secure.gravatar.com\/avatar\/3910a3ff490ba0627e61d38125b17b89d84b8d7ad51f62c3d2ab18e55c66c3cf?s=96&d=mm&r=g\",\"caption\":\"admin\"},\"sameAs\":[\"https:\/\/koylio-seura.eitcon.com\"],\"url\":\"https:\/\/koylio-seura.fi\/?author=1\"}]}<\/script>\n<!-- \/ Yoast SEO plugin. -->","yoast_head_json":{"title":"K\u00f6yli\u00f6-p\u00e4iv\u00e4t 17.-18.6.2023 - K\u00f6yli\u00f6-seura","robots":{"index":"index","follow":"follow","max-snippet":"max-snippet:-1","max-image-preview":"max-image-preview:large","max-video-preview":"max-video-preview:-1"},"canonical":"https:\/\/koylio-seura.fi\/?p=2089","og_locale":"fi_FI","og_type":"article","og_title":"K\u00f6yli\u00f6-p\u00e4iv\u00e4t 17.-18.6.2023 - K\u00f6yli\u00f6-seura","og_description":"Tervetuloa K\u00f6yli\u00f6-p\u00e4iville! Lauantaina 17.6.Klo 10-14 Kes\u00e4-Heikki Yttil\u00e4n Museokoulun (Pyh\u00e4n Henrikintie 350) pihapiiriss\u00e4\u201dJo varhain j\u00e4rjestettiin juhlap\u00e4ivin\u00e4 markkinat. Talvella niihin liittyi Heikin markkinat ja kes\u00e4ll\u00e4 tuohimarkkinat eli Kes\u00e4-Heikki oli ennen vanhaan suuri kansanjuhla ja ilonp\u00e4iv\u00e4\u201d.Markkinoilla n\u00e4hd\u00e4\u00e4n perinteit\u00e4 el\u00e4v\u00f6itt\u00e4vi\u00e4 k\u00e4sity\u00f6n taitajia ty\u00f6n\u00e4yt\u00f6ksineen sek\u00e4 ... Lue lis\u00e4\u00e4","og_url":"https:\/\/koylio-seura.fi\/?p=2089","og_site_name":"K\u00f6yli\u00f6-seura","article_published_time":"2023-06-17T14:29:00+00:00","article_modified_time":"2023-11-10T14:35:13+00:00","author":"admin","twitter_card":"summary_large_image","twitter_misc":{"Kirjoittanut":"admin","Arvioitu lukuaika":"2 minuuttia"},"schema":{"@context":"https:\/\/schema.org","@graph":[{"@type":"Article","@id":"https:\/\/koylio-seura.fi\/?p=2089#article","isPartOf":{"@id":"https:\/\/koylio-seura.fi\/?p=2089"},"author":{"name":"admin","@id":"https:\/\/koylio-seura.fi\/#\/schema\/person\/6387bcb5e0963e1ea20d3d08fe03b661"},"headline":"K\u00f6yli\u00f6-p\u00e4iv\u00e4t 17.-18.6.2023","datePublished":"2023-06-17T14:29:00+00:00","dateModified":"2023-11-10T14:35:13+00:00","mainEntityOfPage":{"@id":"https:\/\/koylio-seura.fi\/?p=2089"},"wordCount":397,"publisher":{"@id":"https:\/\/koylio-seura.fi\/#organization"},"articleSection":["K\u00f6yli\u00f6-seura"],"inLanguage":"fi"},{"@type":"WebPage","@id":"https:\/\/koylio-seura.fi\/?p=2089","url":"https:\/\/koylio-seura.fi\/?p=2089","name":"K\u00f6yli\u00f6-p\u00e4iv\u00e4t 17.-18.6.2023 - K\u00f6yli\u00f6-seura","isPartOf":{"@id":"https:\/\/koylio-seura.fi\/#website"},"datePublished":"2023-06-17T14:29:00+00:00","dateModified":"2023-11-10T14:35:13+00:00","breadcrumb":{"@id":"https:\/\/koylio-seura.fi\/?p=2089#breadcrumb"},"inLanguage":"fi","potentialAction":[{"@type":"ReadAction","target":["https:\/\/koylio-seura.fi\/?p=2089"]}]},{"@type":"BreadcrumbList","@id":"https:\/\/koylio-seura.fi\/?p=2089#breadcrumb","itemListElement":[{"@type":"ListItem","position":1,"name":"Etusivu","item":"https:\/\/koylio-seura.fi\/"},{"@type":"ListItem","position":2,"name":"K\u00f6yli\u00f6-p\u00e4iv\u00e4t 17.-18.6.2023"}]},{"@type":"WebSite","@id":"https:\/\/koylio-seura.fi\/#website","url":"https:\/\/koylio-seura.fi\/","name":"K\u00f6yli\u00f6-seura","description":"","publisher":{"@id":"https:\/\/koylio-seura.fi\/#organization"},"potentialAction":[{"@type":"SearchAction","target":{"@type":"EntryPoint","urlTemplate":"https:\/\/koylio-seura.fi\/?s={search_term_string}"},"query-input":{"@type":"PropertyValueSpecification","valueRequired":true,"valueName":"search_term_string"}}],"inLanguage":"fi"},{"@type":"Organization","@id":"https:\/\/koylio-seura.fi\/#organization","name":"K\u00f6yli\u00f6-seura","url":"https:\/\/koylio-seura.fi\/","logo":{"@type":"ImageObject","inLanguage":"fi","@id":"https:\/\/koylio-seura.fi\/#\/schema\/logo\/image\/","url":"https:\/\/koylio-seura.fi\/wp-content\/uploads\/2023\/07\/cropped-KS-logo-23.png","contentUrl":"https:\/\/koylio-seura.fi\/wp-content\/uploads\/2023\/07\/cropped-KS-logo-23.png","width":530,"height":619,"caption":"K\u00f6yli\u00f6-seura"},"image":{"@id":"https:\/\/koylio-seura.fi\/#\/schema\/logo\/image\/"}},{"@type":"Person","@id":"https:\/\/koylio-seura.fi\/#\/schema\/person\/6387bcb5e0963e1ea20d3d08fe03b661","name":"admin","image":{"@type":"ImageObject","inLanguage":"fi","@id":"https:\/\/koylio-seura.fi\/#\/schema\/person\/image\/","url":"https:\/\/secure.gravatar.com\/avatar\/3910a3ff490ba0627e61d38125b17b89d84b8d7ad51f62c3d2ab18e55c66c3cf?s=96&d=mm&r=g","contentUrl":"https:\/\/secure.gravatar.com\/avatar\/3910a3ff490ba0627e61d38125b17b89d84b8d7ad51f62c3d2ab18e55c66c3cf?s=96&d=mm&r=g","caption":"admin"},"sameAs":["https:\/\/koylio-seura.eitcon.com"],"url":"https:\/\/koylio-seura.fi\/?author=1"}]}},"_links":{"self":[{"href":"https:\/\/koylio-seura.fi\/index.php?rest_route=\/wp\/v2\/posts\/2089","targetHints":{"allow":["GET"]}}],"collection":[{"href":"https:\/\/koylio-seura.fi\/index.php?rest_route=\/wp\/v2\/posts"}],"about":[{"href":"https:\/\/koylio-seura.fi\/index.php?rest_route=\/wp\/v2\/types\/post"}],"author":[{"embeddable":true,"href":"https:\/\/koylio-seura.fi\/index.php?rest_route=\/wp\/v2\/users\/1"}],"replies":[{"embeddable":true,"href":"https:\/\/koylio-seura.fi\/index.php?rest_route=%2Fwp%2Fv2%2Fcomments&post=2089"}],"version-history":[{"count":2,"href":"https:\/\/koylio-seura.fi\/index.php?rest_route=\/wp\/v2\/posts\/2089\/revisions"}],"predecessor-version":[{"id":2091,"href":"https:\/\/koylio-seura.fi\/index.php?rest_route=\/wp\/v2\/posts\/2089\/revisions\/2091"}],"wp:attachment":[{"href":"https:\/\/koylio-seura.fi\/index.php?rest_route=%2Fwp%2Fv2%2Fmedia&parent=2089"}],"wp:term":[{"taxonomy":"category","embeddable":true,"href":"https:\/\/koylio-seura.fi\/index.php?rest_route=%2Fwp%2Fv2%2Fcategories&post=2089"},{"taxonomy":"post_tag","embeddable":true,"href":"https:\/\/koylio-seura.fi\/index.php?rest_route=%2Fwp%2Fv2%2Ftags&post=2089"}],"curies":[{"name":"wp","href":"https:\/\/api.w.org\/{rel}","templated":true}]}}