{"id":2087,"date":"2023-06-06T14:24:00","date_gmt":"2023-06-06T14:24:00","guid":{"rendered":"https:\/\/koylio-seura.eitcon.com\/?p=2087"},"modified":"2023-11-10T14:28:11","modified_gmt":"2023-11-10T14:28:11","slug":"6-6-2023-on-merkittava-vuosipaiva","status":"publish","type":"post","link":"https:\/\/koylio-seura.fi\/?p=2087","title":{"rendered":"6.6.2023 on merkitt\u00e4v\u00e4 vuosip\u00e4iv\u00e4"},"content":{"rendered":"\n<p>Mikko K. Heikkil\u00e4n kirjoitus: Kustaa-kuninkaan k\u00e4skyt ja K\u00f6yli\u00f6: Hein\u00e4rikki l\u00e4hti, Lalli j\u00e4i (lakitta)<br><br>Ruotsin kansallisp\u00e4iv\u00e4\u00e4 vietet\u00e4\u00e4n vuosittain 6. kes\u00e4kuuta. T\u00e4n\u00e4 vuonna Suomessakin olisi paikallaan huomioida kyseinen p\u00e4iv\u00e4, sill\u00e4 silloin tulee kuluneeksi 500 vuotta Kustaa Eerikinpoika Vaasan (1496\u20121560) valitsemisesta Pohjolan valtakuntien Tanska-johtoisesta unionista irrottautumassa olleen Ruotsin valtakunnan kuninkaaksi. Samalla my\u00f6s suomalaiset saivat uuden kuninkaan. Pitk\u00e4lti taloudellisista syist\u00e4 Kustaa-kuningas k\u00e4skytti valtakunnassaan toteutettavaksi luterilaisen uskonpuhdistuksen Saksanmaalla edellisell\u00e4 vuosikymmenell\u00e4 alkaneen protestiliikkeen innoittamana. Reformaatioon kuului opillisten muutosten ja kirkon omaisuuden kruunulle takavarikoinnin ohella my\u00f6s kansankielen k\u00e4yt\u00f6n lis\u00e4\u00e4minen. Suomen kielen laajamittaisempi kirjallinen k\u00e4ytt\u00f6 alkoi 1530-luvun j\u00e4lkipuoliskolla keskeisten uskonnollisten tekstien suomentamisesta. Koska juuri luterilainen kristinusko nosti kansankielet aiempaa suurempaan arvoon, soikoon Suvivirsi jatkossakin kirkkojen lis\u00e4ksi my\u00f6s kouluissa. Kristinuskoallergiasta k\u00e4rsiville kerrottakoon, ett\u00e4 suomen kielen sana virsi tarkoitti alun perin runolaulua.<br>Kustaa Vaasan k\u00e4skyjen seurausvaikutukset olivat keskim\u00e4\u00e4r\u00e4ist\u00e4 suuremmat K\u00f6yli\u00f6ss\u00e4. Turun hiippakunnan piispan omistama K\u00f6yli\u00f6n kartano eli suurmaatila otettiin 1540-luvulla Ruotsin kruunun omistukseen, josta se 1570-luvulla luovutettiin yksityisomistukseen. My\u00f6hemmin, 1740-luvulla, kartano siirtyi ruotsalaiselle Cedercreutz-suvulle, jonka omistuksessa Vanhakartano on edelleen.<br>Keskiajan katolisten pyhimyskulttien ja Turun piispantilan l\u00e4hd\u00f6n my\u00f6t\u00e4 K\u00f6yli\u00f6st\u00e4 l\u00e4hti my\u00f6s hiippakunnan nimikkopyhimys piispa Henrikin eli herra Hein\u00e4rikin v\u00e4itetty punainen silkkinen ns. kallolaite. Hein\u00e4rikin murhapaikan tuntumaan rakennettu, miltei suoraan K\u00f6yli\u00f6nj\u00e4rvest\u00e4 kohonnut L\u00e4hteen eli Kirkkokarin kappeli j\u00e4i kuitenkin viel\u00e4 joksikin aikaa pyhiinvaelluskohteeksi. Uudelleen pyhiinvaelluskohde Kirkkokarista tuli 1950-luvulla. Hein\u00e4rikin surmaaja, Lallin talon is\u00e4nt\u00e4, sen sijaan j\u00e4i pysyv\u00e4sti my\u00f6s uuden ajan K\u00f6yli\u00f6\u00f6n, jossa h\u00e4nen muistonsa s\u00e4ilyi vuosisadasta toiseen vahvana. Vastapuolensa gloorian himmetess\u00e4 Lallin status alkoi v\u00e4hitellen nousta saavuttaen huippunsa 1900-luvulla. Koska harva tutkijakaan tiet\u00e4\u00e4 asiasta, mainittakoon Lallista ja K\u00f6yli\u00f6st\u00e4 puhuttaessa, ett\u00e4 K\u00f6yli\u00f6ss\u00e4 todella oli keskiajalla Lalli-niminen maatila, jonka hein\u00e4\u00e4n viittaava nimi on sopusoinnussa asiakirjatietojemme kanssa K\u00f6yli\u00f6nj\u00e4rven rantojen keskiaikaisista hein\u00e4niityist\u00e4. Niihin perustuu my\u00f6s kyl\u00e4nnimi Karhia(la). Keskiajalla Lalli oli yksi lukuisista K\u00f6yli\u00f6n piispankartanon alaisista maatiloista, joita lampuodit eli vuokraviljelij\u00e4t asuivat ja viljeliv\u00e4t. Piispankartanon ajan p\u00e4\u00e4ttymisen my\u00f6t\u00e4 Lallin tila autioitui 1500-luvun puoliv\u00e4liss\u00e4. Koska Lallin tilusten pohjoisraja oli my\u00f6s pit\u00e4j\u00e4n er\u00e4s keskiaikainen pohjoisraja, Lallin lienee alkujaan t\u00e4ytynyt olla jotenkin erityinen K\u00f6yli\u00f6n maatilojen joukossa. Piispa Henrikin surmaajan j\u00e4lkel\u00e4isilt\u00e4 takavarikoidusta maatilasta syntyneeksi K\u00f6yli\u00f6n piispankartano ilmoitettiin jo keskiajan puolella. Muun muassa vanha tilannimi Katila viittaa takavarikoinnin tehdyn Turun piispa Catilluksen aikana 1266\u20121286. Piispa Henrikin surmavirteen, keskiajan suomen kielen sanataiteelliseen mestariteokseen, sis\u00e4ltyv\u00e4 maantieteellinen kuvaus K\u00f6yli\u00f6st\u00e4 vastaa historiallista todellisuutta; k\u00e4yr\u00e4 j\u00e4rvi, mutkainen joki sek\u00e4 mm. L\u00e4hteen ja Lall(o)i(la)n maatalot parin hevoskyytip\u00e4iv\u00e4matkan p\u00e4\u00e4ss\u00e4 Varsinais-Suomesta.<\/p>\n\n\n\n<p>Mikko Heikkil\u00e4, monitieteisen diakronisen kielentutkimuksen dosentti Tampere<br>Kirjoitus perustuu Mikko Heikkil\u00e4lt\u00e4 Alasatakunnassa 1.6.2023 julkaistuun N\u00e4k\u00f6kulma-kirjoitukseen Uuteen uskoon Kustaa-kuninkaan k\u00e4skyst\u00e4.<\/p>\n","protected":false},"excerpt":{"rendered":"<p>Mikko K. Heikkil\u00e4n kirjoitus: Kustaa-kuninkaan k\u00e4skyt ja K\u00f6yli\u00f6: Hein\u00e4rikki l\u00e4hti, Lalli j\u00e4i (lakitta) Ruotsin kansallisp\u00e4iv\u00e4\u00e4 vietet\u00e4\u00e4n vuosittain 6. kes\u00e4kuuta. T\u00e4n\u00e4 vuonna Suomessakin olisi paikallaan huomioida kyseinen p\u00e4iv\u00e4, sill\u00e4 silloin tulee kuluneeksi 500 vuotta Kustaa Eerikinpoika Vaasan (1496\u20121560) valitsemisesta Pohjolan valtakuntien &#8230; <a title=\"6.6.2023 on merkitt\u00e4v\u00e4 vuosip\u00e4iv\u00e4\" class=\"read-more\" href=\"https:\/\/koylio-seura.fi\/?p=2087\" aria-label=\"Lue lis\u00e4\u00e4 aiheesta 6.6.2023 on merkitt\u00e4v\u00e4 vuosip\u00e4iv\u00e4\">Lue lis\u00e4\u00e4<\/a><\/p>\n","protected":false},"author":6,"featured_media":0,"comment_status":"closed","ping_status":"closed","sticky":false,"template":"","format":"standard","meta":{"footnotes":""},"categories":[4],"tags":[],"class_list":["post-2087","post","type-post","status-publish","format-standard","hentry","category-koylio-seura","infinite-scroll-item"],"yoast_head":"<!-- This site is optimized with the Yoast SEO plugin v26.6 - https:\/\/yoast.com\/wordpress\/plugins\/seo\/ -->\n<title>6.6.2023 on merkitt\u00e4v\u00e4 vuosip\u00e4iv\u00e4 - K\u00f6yli\u00f6-seura<\/title>\n<meta name=\"robots\" content=\"index, follow, max-snippet:-1, max-image-preview:large, max-video-preview:-1\" \/>\n<link rel=\"canonical\" href=\"https:\/\/koylio-seura.fi\/?p=2087\" \/>\n<meta property=\"og:locale\" content=\"fi_FI\" \/>\n<meta property=\"og:type\" content=\"article\" \/>\n<meta property=\"og:title\" content=\"6.6.2023 on merkitt\u00e4v\u00e4 vuosip\u00e4iv\u00e4 - K\u00f6yli\u00f6-seura\" \/>\n<meta property=\"og:description\" content=\"Mikko K. Heikkil\u00e4n kirjoitus: Kustaa-kuninkaan k\u00e4skyt ja K\u00f6yli\u00f6: Hein\u00e4rikki l\u00e4hti, Lalli j\u00e4i (lakitta) Ruotsin kansallisp\u00e4iv\u00e4\u00e4 vietet\u00e4\u00e4n vuosittain 6. kes\u00e4kuuta. T\u00e4n\u00e4 vuonna Suomessakin olisi paikallaan huomioida kyseinen p\u00e4iv\u00e4, sill\u00e4 silloin tulee kuluneeksi 500 vuotta Kustaa Eerikinpoika Vaasan (1496\u20121560) valitsemisesta Pohjolan valtakuntien ... Lue lis\u00e4\u00e4\" \/>\n<meta property=\"og:url\" content=\"https:\/\/koylio-seura.fi\/?p=2087\" \/>\n<meta property=\"og:site_name\" content=\"K\u00f6yli\u00f6-seura\" \/>\n<meta property=\"article:published_time\" content=\"2023-06-06T14:24:00+00:00\" \/>\n<meta property=\"article:modified_time\" content=\"2023-11-10T14:28:11+00:00\" \/>\n<meta name=\"author\" content=\"Marita Holkeri\" \/>\n<meta name=\"twitter:card\" content=\"summary_large_image\" \/>\n<meta name=\"twitter:label1\" content=\"Kirjoittanut\" \/>\n\t<meta name=\"twitter:data1\" content=\"Marita Holkeri\" \/>\n\t<meta name=\"twitter:label2\" content=\"Arvioitu lukuaika\" \/>\n\t<meta name=\"twitter:data2\" content=\"3 minuuttia\" \/>\n<script type=\"application\/ld+json\" class=\"yoast-schema-graph\">{\"@context\":\"https:\/\/schema.org\",\"@graph\":[{\"@type\":\"Article\",\"@id\":\"https:\/\/koylio-seura.fi\/?p=2087#article\",\"isPartOf\":{\"@id\":\"https:\/\/koylio-seura.fi\/?p=2087\"},\"author\":{\"name\":\"Marita Holkeri\",\"@id\":\"https:\/\/koylio-seura.fi\/#\/schema\/person\/df27e5a4e7c9a06b7b1b7d0fb9c6b2b9\"},\"headline\":\"6.6.2023 on merkitt\u00e4v\u00e4 vuosip\u00e4iv\u00e4\",\"datePublished\":\"2023-06-06T14:24:00+00:00\",\"dateModified\":\"2023-11-10T14:28:11+00:00\",\"mainEntityOfPage\":{\"@id\":\"https:\/\/koylio-seura.fi\/?p=2087\"},\"wordCount\":491,\"publisher\":{\"@id\":\"https:\/\/koylio-seura.fi\/#organization\"},\"articleSection\":[\"K\u00f6yli\u00f6-seura\"],\"inLanguage\":\"fi\"},{\"@type\":\"WebPage\",\"@id\":\"https:\/\/koylio-seura.fi\/?p=2087\",\"url\":\"https:\/\/koylio-seura.fi\/?p=2087\",\"name\":\"6.6.2023 on merkitt\u00e4v\u00e4 vuosip\u00e4iv\u00e4 - K\u00f6yli\u00f6-seura\",\"isPartOf\":{\"@id\":\"https:\/\/koylio-seura.fi\/#website\"},\"datePublished\":\"2023-06-06T14:24:00+00:00\",\"dateModified\":\"2023-11-10T14:28:11+00:00\",\"breadcrumb\":{\"@id\":\"https:\/\/koylio-seura.fi\/?p=2087#breadcrumb\"},\"inLanguage\":\"fi\",\"potentialAction\":[{\"@type\":\"ReadAction\",\"target\":[\"https:\/\/koylio-seura.fi\/?p=2087\"]}]},{\"@type\":\"BreadcrumbList\",\"@id\":\"https:\/\/koylio-seura.fi\/?p=2087#breadcrumb\",\"itemListElement\":[{\"@type\":\"ListItem\",\"position\":1,\"name\":\"Etusivu\",\"item\":\"https:\/\/koylio-seura.fi\/\"},{\"@type\":\"ListItem\",\"position\":2,\"name\":\"6.6.2023 on merkitt\u00e4v\u00e4 vuosip\u00e4iv\u00e4\"}]},{\"@type\":\"WebSite\",\"@id\":\"https:\/\/koylio-seura.fi\/#website\",\"url\":\"https:\/\/koylio-seura.fi\/\",\"name\":\"K\u00f6yli\u00f6-seura\",\"description\":\"\",\"publisher\":{\"@id\":\"https:\/\/koylio-seura.fi\/#organization\"},\"potentialAction\":[{\"@type\":\"SearchAction\",\"target\":{\"@type\":\"EntryPoint\",\"urlTemplate\":\"https:\/\/koylio-seura.fi\/?s={search_term_string}\"},\"query-input\":{\"@type\":\"PropertyValueSpecification\",\"valueRequired\":true,\"valueName\":\"search_term_string\"}}],\"inLanguage\":\"fi\"},{\"@type\":\"Organization\",\"@id\":\"https:\/\/koylio-seura.fi\/#organization\",\"name\":\"K\u00f6yli\u00f6-seura\",\"url\":\"https:\/\/koylio-seura.fi\/\",\"logo\":{\"@type\":\"ImageObject\",\"inLanguage\":\"fi\",\"@id\":\"https:\/\/koylio-seura.fi\/#\/schema\/logo\/image\/\",\"url\":\"https:\/\/koylio-seura.fi\/wp-content\/uploads\/2023\/07\/cropped-KS-logo-23.png\",\"contentUrl\":\"https:\/\/koylio-seura.fi\/wp-content\/uploads\/2023\/07\/cropped-KS-logo-23.png\",\"width\":530,\"height\":619,\"caption\":\"K\u00f6yli\u00f6-seura\"},\"image\":{\"@id\":\"https:\/\/koylio-seura.fi\/#\/schema\/logo\/image\/\"}},{\"@type\":\"Person\",\"@id\":\"https:\/\/koylio-seura.fi\/#\/schema\/person\/df27e5a4e7c9a06b7b1b7d0fb9c6b2b9\",\"name\":\"Marita Holkeri\",\"image\":{\"@type\":\"ImageObject\",\"inLanguage\":\"fi\",\"@id\":\"https:\/\/koylio-seura.fi\/#\/schema\/person\/image\/\",\"url\":\"https:\/\/secure.gravatar.com\/avatar\/515eac4f85d7b2a6cf676cd832e866082201cebc019f8d4e6bb2872e20c2d0fa?s=96&d=mm&r=g\",\"contentUrl\":\"https:\/\/secure.gravatar.com\/avatar\/515eac4f85d7b2a6cf676cd832e866082201cebc019f8d4e6bb2872e20c2d0fa?s=96&d=mm&r=g\",\"caption\":\"Marita Holkeri\"},\"url\":\"https:\/\/koylio-seura.fi\/?author=6\"}]}<\/script>\n<!-- \/ Yoast SEO plugin. -->","yoast_head_json":{"title":"6.6.2023 on merkitt\u00e4v\u00e4 vuosip\u00e4iv\u00e4 - K\u00f6yli\u00f6-seura","robots":{"index":"index","follow":"follow","max-snippet":"max-snippet:-1","max-image-preview":"max-image-preview:large","max-video-preview":"max-video-preview:-1"},"canonical":"https:\/\/koylio-seura.fi\/?p=2087","og_locale":"fi_FI","og_type":"article","og_title":"6.6.2023 on merkitt\u00e4v\u00e4 vuosip\u00e4iv\u00e4 - K\u00f6yli\u00f6-seura","og_description":"Mikko K. Heikkil\u00e4n kirjoitus: Kustaa-kuninkaan k\u00e4skyt ja K\u00f6yli\u00f6: Hein\u00e4rikki l\u00e4hti, Lalli j\u00e4i (lakitta) Ruotsin kansallisp\u00e4iv\u00e4\u00e4 vietet\u00e4\u00e4n vuosittain 6. kes\u00e4kuuta. T\u00e4n\u00e4 vuonna Suomessakin olisi paikallaan huomioida kyseinen p\u00e4iv\u00e4, sill\u00e4 silloin tulee kuluneeksi 500 vuotta Kustaa Eerikinpoika Vaasan (1496\u20121560) valitsemisesta Pohjolan valtakuntien ... Lue lis\u00e4\u00e4","og_url":"https:\/\/koylio-seura.fi\/?p=2087","og_site_name":"K\u00f6yli\u00f6-seura","article_published_time":"2023-06-06T14:24:00+00:00","article_modified_time":"2023-11-10T14:28:11+00:00","author":"Marita Holkeri","twitter_card":"summary_large_image","twitter_misc":{"Kirjoittanut":"Marita Holkeri","Arvioitu lukuaika":"3 minuuttia"},"schema":{"@context":"https:\/\/schema.org","@graph":[{"@type":"Article","@id":"https:\/\/koylio-seura.fi\/?p=2087#article","isPartOf":{"@id":"https:\/\/koylio-seura.fi\/?p=2087"},"author":{"name":"Marita Holkeri","@id":"https:\/\/koylio-seura.fi\/#\/schema\/person\/df27e5a4e7c9a06b7b1b7d0fb9c6b2b9"},"headline":"6.6.2023 on merkitt\u00e4v\u00e4 vuosip\u00e4iv\u00e4","datePublished":"2023-06-06T14:24:00+00:00","dateModified":"2023-11-10T14:28:11+00:00","mainEntityOfPage":{"@id":"https:\/\/koylio-seura.fi\/?p=2087"},"wordCount":491,"publisher":{"@id":"https:\/\/koylio-seura.fi\/#organization"},"articleSection":["K\u00f6yli\u00f6-seura"],"inLanguage":"fi"},{"@type":"WebPage","@id":"https:\/\/koylio-seura.fi\/?p=2087","url":"https:\/\/koylio-seura.fi\/?p=2087","name":"6.6.2023 on merkitt\u00e4v\u00e4 vuosip\u00e4iv\u00e4 - K\u00f6yli\u00f6-seura","isPartOf":{"@id":"https:\/\/koylio-seura.fi\/#website"},"datePublished":"2023-06-06T14:24:00+00:00","dateModified":"2023-11-10T14:28:11+00:00","breadcrumb":{"@id":"https:\/\/koylio-seura.fi\/?p=2087#breadcrumb"},"inLanguage":"fi","potentialAction":[{"@type":"ReadAction","target":["https:\/\/koylio-seura.fi\/?p=2087"]}]},{"@type":"BreadcrumbList","@id":"https:\/\/koylio-seura.fi\/?p=2087#breadcrumb","itemListElement":[{"@type":"ListItem","position":1,"name":"Etusivu","item":"https:\/\/koylio-seura.fi\/"},{"@type":"ListItem","position":2,"name":"6.6.2023 on merkitt\u00e4v\u00e4 vuosip\u00e4iv\u00e4"}]},{"@type":"WebSite","@id":"https:\/\/koylio-seura.fi\/#website","url":"https:\/\/koylio-seura.fi\/","name":"K\u00f6yli\u00f6-seura","description":"","publisher":{"@id":"https:\/\/koylio-seura.fi\/#organization"},"potentialAction":[{"@type":"SearchAction","target":{"@type":"EntryPoint","urlTemplate":"https:\/\/koylio-seura.fi\/?s={search_term_string}"},"query-input":{"@type":"PropertyValueSpecification","valueRequired":true,"valueName":"search_term_string"}}],"inLanguage":"fi"},{"@type":"Organization","@id":"https:\/\/koylio-seura.fi\/#organization","name":"K\u00f6yli\u00f6-seura","url":"https:\/\/koylio-seura.fi\/","logo":{"@type":"ImageObject","inLanguage":"fi","@id":"https:\/\/koylio-seura.fi\/#\/schema\/logo\/image\/","url":"https:\/\/koylio-seura.fi\/wp-content\/uploads\/2023\/07\/cropped-KS-logo-23.png","contentUrl":"https:\/\/koylio-seura.fi\/wp-content\/uploads\/2023\/07\/cropped-KS-logo-23.png","width":530,"height":619,"caption":"K\u00f6yli\u00f6-seura"},"image":{"@id":"https:\/\/koylio-seura.fi\/#\/schema\/logo\/image\/"}},{"@type":"Person","@id":"https:\/\/koylio-seura.fi\/#\/schema\/person\/df27e5a4e7c9a06b7b1b7d0fb9c6b2b9","name":"Marita Holkeri","image":{"@type":"ImageObject","inLanguage":"fi","@id":"https:\/\/koylio-seura.fi\/#\/schema\/person\/image\/","url":"https:\/\/secure.gravatar.com\/avatar\/515eac4f85d7b2a6cf676cd832e866082201cebc019f8d4e6bb2872e20c2d0fa?s=96&d=mm&r=g","contentUrl":"https:\/\/secure.gravatar.com\/avatar\/515eac4f85d7b2a6cf676cd832e866082201cebc019f8d4e6bb2872e20c2d0fa?s=96&d=mm&r=g","caption":"Marita Holkeri"},"url":"https:\/\/koylio-seura.fi\/?author=6"}]}},"_links":{"self":[{"href":"https:\/\/koylio-seura.fi\/index.php?rest_route=\/wp\/v2\/posts\/2087","targetHints":{"allow":["GET"]}}],"collection":[{"href":"https:\/\/koylio-seura.fi\/index.php?rest_route=\/wp\/v2\/posts"}],"about":[{"href":"https:\/\/koylio-seura.fi\/index.php?rest_route=\/wp\/v2\/types\/post"}],"author":[{"embeddable":true,"href":"https:\/\/koylio-seura.fi\/index.php?rest_route=\/wp\/v2\/users\/6"}],"replies":[{"embeddable":true,"href":"https:\/\/koylio-seura.fi\/index.php?rest_route=%2Fwp%2Fv2%2Fcomments&post=2087"}],"version-history":[{"count":1,"href":"https:\/\/koylio-seura.fi\/index.php?rest_route=\/wp\/v2\/posts\/2087\/revisions"}],"predecessor-version":[{"id":2088,"href":"https:\/\/koylio-seura.fi\/index.php?rest_route=\/wp\/v2\/posts\/2087\/revisions\/2088"}],"wp:attachment":[{"href":"https:\/\/koylio-seura.fi\/index.php?rest_route=%2Fwp%2Fv2%2Fmedia&parent=2087"}],"wp:term":[{"taxonomy":"category","embeddable":true,"href":"https:\/\/koylio-seura.fi\/index.php?rest_route=%2Fwp%2Fv2%2Fcategories&post=2087"},{"taxonomy":"post_tag","embeddable":true,"href":"https:\/\/koylio-seura.fi\/index.php?rest_route=%2Fwp%2Fv2%2Ftags&post=2087"}],"curies":[{"name":"wp","href":"https:\/\/api.w.org\/{rel}","templated":true}]}}