{"id":2081,"date":"2023-05-11T11:08:00","date_gmt":"2023-05-11T11:08:00","guid":{"rendered":"https:\/\/koylio-seura.eitcon.com\/?p=2081"},"modified":"2023-11-10T11:11:13","modified_gmt":"2023-11-10T11:11:13","slug":"11-5-2023-retki-paimion-parantolaan","status":"publish","type":"post","link":"https:\/\/koylio-seura.fi\/?p=2081","title":{"rendered":"11.5.2023 Retki Paimion parantolaan"},"content":{"rendered":"\n<p>Tervetuloa mukaan Turun seudun K\u00f6yli\u00f6n yst\u00e4vien j\u00e4rjest\u00e4m\u00e4lle opastetulle kierrokselle Paimion parantolaan torstaina 11.5.2023 klo 10.50. Opastus alkaa klo 11.00. Osoite on Alvar Aallontie 275, Paimio.<\/p>\n\n\n\n<p>Paimion tuberkuloosiparantolaksi vuonna 1933 valmistunut rakennus oli arkkitehtien Alvar ja Aino Aallon kansainv\u00e4lisen uran kannalta keskeinen. Nykyisin Paimion parantolan sis\u00e4tiloihin p\u00e4\u00e4see tutustumaan maksullisilla opastetuilla kierroksilla ja n\u00e4yttelyiss\u00e4.<\/p>\n\n\n\n<p>Opastuksella syvennyt\u00e4\u00e4n Paimion parantolan arkeen, arkkitehtuuriin ja innovaatioihin. Kierros koostuu vierailusta parantolan eri kerroksiin ja huoneisiin sek\u00e4 tutustumisesta n\u00e4yttelyyn. Kierroksen ja n\u00e4yttelyyn tutustumisen arvioitu yhteiskesto on 90 minuuttia.<\/p>\n\n\n\n<p>Oppaan johdolla tutustutaan rakennuksen arkkitehtuuriin ja parantaviin elementteihin, kuullaan tarinoita potilaiden ja ty\u00f6ntekij\u00f6iden vaiheikkaasta historiasta parantolassa ja ihmetell\u00e4\u00e4n muotoilun merkityksi\u00e4. Kierroksella vieraillaan mm. kattoterrasilla ja ihastellaan pohjoismaiden ensimm\u00e4ist\u00e4 maisemahissi\u00e4. Opastuksen p\u00e4\u00e4tteeksi saavutaan Parantolan huoneita -n\u00e4yttelyyn, jossa voi perehty\u00e4 mm. parantolan muotoiluun, v\u00e4reihin ja kalusteisiin sek\u00e4 museoituihin potilashuoneisiin.<\/p>\n\n\n\n<p>P\u00e4\u00e4symaksu on 25 e \/ 15 e (el\u00e4kel\u00e4inen)\/ henkil\u00f6. Varaa mielell\u00e4\u00e4n tasaraha p\u00e4\u00e4symaksua varten.<\/p>\n\n\n\n<p>K\u00f6yli\u00f6-seura maksaa opastusmaksun 80 e.<br>Ravintola Toivossa voi nauttia lounaan hintaan 15 e.<\/p>\n\n\n\n<p>Sitovat ilmoittautumiset 26.4.2023 menness\u00e4 Marita Holkerille marita.holkeri@gmail.com tai puh. 050 3426466. Ilmoita my\u00f6s lounaalle osallistumisesi.<\/p>\n\n\n\n<p>Yst\u00e4v\u00e4llisin terveisin Helena, Leena ja Marita<\/p>\n","protected":false},"excerpt":{"rendered":"<p>Tervetuloa mukaan Turun seudun K\u00f6yli\u00f6n yst\u00e4vien j\u00e4rjest\u00e4m\u00e4lle opastetulle kierrokselle Paimion parantolaan torstaina 11.5.2023 klo 10.50. Opastus alkaa klo 11.00. Osoite on Alvar Aallontie 275, Paimio. Paimion tuberkuloosiparantolaksi vuonna 1933 valmistunut rakennus oli arkkitehtien Alvar ja Aino Aallon kansainv\u00e4lisen uran kannalta &#8230; <a title=\"11.5.2023 Retki Paimion parantolaan\" class=\"read-more\" href=\"https:\/\/koylio-seura.fi\/?p=2081\" aria-label=\"Lue lis\u00e4\u00e4 aiheesta 11.5.2023 Retki Paimion parantolaan\">Lue lis\u00e4\u00e4<\/a><\/p>\n","protected":false},"author":1,"featured_media":0,"comment_status":"closed","ping_status":"closed","sticky":false,"template":"","format":"standard","meta":{"footnotes":""},"categories":[6],"tags":[],"class_list":["post-2081","post","type-post","status-publish","format-standard","hentry","category-turun-seutu","infinite-scroll-item"],"yoast_head":"<!-- This site is optimized with the Yoast SEO plugin v26.6 - https:\/\/yoast.com\/wordpress\/plugins\/seo\/ -->\n<title>11.5.2023 Retki Paimion parantolaan - K\u00f6yli\u00f6-seura<\/title>\n<meta name=\"robots\" content=\"index, follow, max-snippet:-1, max-image-preview:large, max-video-preview:-1\" \/>\n<link rel=\"canonical\" href=\"https:\/\/koylio-seura.fi\/?p=2081\" \/>\n<meta property=\"og:locale\" content=\"fi_FI\" \/>\n<meta property=\"og:type\" content=\"article\" \/>\n<meta property=\"og:title\" content=\"11.5.2023 Retki Paimion parantolaan - K\u00f6yli\u00f6-seura\" \/>\n<meta property=\"og:description\" content=\"Tervetuloa mukaan Turun seudun K\u00f6yli\u00f6n yst\u00e4vien j\u00e4rjest\u00e4m\u00e4lle opastetulle kierrokselle Paimion parantolaan torstaina 11.5.2023 klo 10.50. Opastus alkaa klo 11.00. Osoite on Alvar Aallontie 275, Paimio. Paimion tuberkuloosiparantolaksi vuonna 1933 valmistunut rakennus oli arkkitehtien Alvar ja Aino Aallon kansainv\u00e4lisen uran kannalta ... Lue lis\u00e4\u00e4\" \/>\n<meta property=\"og:url\" content=\"https:\/\/koylio-seura.fi\/?p=2081\" \/>\n<meta property=\"og:site_name\" content=\"K\u00f6yli\u00f6-seura\" \/>\n<meta property=\"article:published_time\" content=\"2023-05-11T11:08:00+00:00\" \/>\n<meta property=\"article:modified_time\" content=\"2023-11-10T11:11:13+00:00\" \/>\n<meta name=\"author\" content=\"admin\" \/>\n<meta name=\"twitter:card\" content=\"summary_large_image\" \/>\n<meta name=\"twitter:label1\" content=\"Kirjoittanut\" \/>\n\t<meta name=\"twitter:data1\" content=\"admin\" \/>\n\t<meta name=\"twitter:label2\" content=\"Arvioitu lukuaika\" \/>\n\t<meta name=\"twitter:data2\" content=\"2 minuuttia\" \/>\n<script type=\"application\/ld+json\" class=\"yoast-schema-graph\">{\"@context\":\"https:\/\/schema.org\",\"@graph\":[{\"@type\":\"Article\",\"@id\":\"https:\/\/koylio-seura.fi\/?p=2081#article\",\"isPartOf\":{\"@id\":\"https:\/\/koylio-seura.fi\/?p=2081\"},\"author\":{\"name\":\"admin\",\"@id\":\"https:\/\/koylio-seura.fi\/#\/schema\/person\/6387bcb5e0963e1ea20d3d08fe03b661\"},\"headline\":\"11.5.2023 Retki Paimion parantolaan\",\"datePublished\":\"2023-05-11T11:08:00+00:00\",\"dateModified\":\"2023-11-10T11:11:13+00:00\",\"mainEntityOfPage\":{\"@id\":\"https:\/\/koylio-seura.fi\/?p=2081\"},\"wordCount\":197,\"publisher\":{\"@id\":\"https:\/\/koylio-seura.fi\/#organization\"},\"articleSection\":[\"Turun seutu\"],\"inLanguage\":\"fi\"},{\"@type\":\"WebPage\",\"@id\":\"https:\/\/koylio-seura.fi\/?p=2081\",\"url\":\"https:\/\/koylio-seura.fi\/?p=2081\",\"name\":\"11.5.2023 Retki Paimion parantolaan - K\u00f6yli\u00f6-seura\",\"isPartOf\":{\"@id\":\"https:\/\/koylio-seura.fi\/#website\"},\"datePublished\":\"2023-05-11T11:08:00+00:00\",\"dateModified\":\"2023-11-10T11:11:13+00:00\",\"breadcrumb\":{\"@id\":\"https:\/\/koylio-seura.fi\/?p=2081#breadcrumb\"},\"inLanguage\":\"fi\",\"potentialAction\":[{\"@type\":\"ReadAction\",\"target\":[\"https:\/\/koylio-seura.fi\/?p=2081\"]}]},{\"@type\":\"BreadcrumbList\",\"@id\":\"https:\/\/koylio-seura.fi\/?p=2081#breadcrumb\",\"itemListElement\":[{\"@type\":\"ListItem\",\"position\":1,\"name\":\"Etusivu\",\"item\":\"https:\/\/koylio-seura.fi\/\"},{\"@type\":\"ListItem\",\"position\":2,\"name\":\"11.5.2023 Retki Paimion parantolaan\"}]},{\"@type\":\"WebSite\",\"@id\":\"https:\/\/koylio-seura.fi\/#website\",\"url\":\"https:\/\/koylio-seura.fi\/\",\"name\":\"K\u00f6yli\u00f6-seura\",\"description\":\"\",\"publisher\":{\"@id\":\"https:\/\/koylio-seura.fi\/#organization\"},\"potentialAction\":[{\"@type\":\"SearchAction\",\"target\":{\"@type\":\"EntryPoint\",\"urlTemplate\":\"https:\/\/koylio-seura.fi\/?s={search_term_string}\"},\"query-input\":{\"@type\":\"PropertyValueSpecification\",\"valueRequired\":true,\"valueName\":\"search_term_string\"}}],\"inLanguage\":\"fi\"},{\"@type\":\"Organization\",\"@id\":\"https:\/\/koylio-seura.fi\/#organization\",\"name\":\"K\u00f6yli\u00f6-seura\",\"url\":\"https:\/\/koylio-seura.fi\/\",\"logo\":{\"@type\":\"ImageObject\",\"inLanguage\":\"fi\",\"@id\":\"https:\/\/koylio-seura.fi\/#\/schema\/logo\/image\/\",\"url\":\"https:\/\/koylio-seura.fi\/wp-content\/uploads\/2023\/07\/cropped-KS-logo-23.png\",\"contentUrl\":\"https:\/\/koylio-seura.fi\/wp-content\/uploads\/2023\/07\/cropped-KS-logo-23.png\",\"width\":530,\"height\":619,\"caption\":\"K\u00f6yli\u00f6-seura\"},\"image\":{\"@id\":\"https:\/\/koylio-seura.fi\/#\/schema\/logo\/image\/\"}},{\"@type\":\"Person\",\"@id\":\"https:\/\/koylio-seura.fi\/#\/schema\/person\/6387bcb5e0963e1ea20d3d08fe03b661\",\"name\":\"admin\",\"image\":{\"@type\":\"ImageObject\",\"inLanguage\":\"fi\",\"@id\":\"https:\/\/koylio-seura.fi\/#\/schema\/person\/image\/\",\"url\":\"https:\/\/secure.gravatar.com\/avatar\/3910a3ff490ba0627e61d38125b17b89d84b8d7ad51f62c3d2ab18e55c66c3cf?s=96&d=mm&r=g\",\"contentUrl\":\"https:\/\/secure.gravatar.com\/avatar\/3910a3ff490ba0627e61d38125b17b89d84b8d7ad51f62c3d2ab18e55c66c3cf?s=96&d=mm&r=g\",\"caption\":\"admin\"},\"sameAs\":[\"https:\/\/koylio-seura.eitcon.com\"],\"url\":\"https:\/\/koylio-seura.fi\/?author=1\"}]}<\/script>\n<!-- \/ Yoast SEO plugin. -->","yoast_head_json":{"title":"11.5.2023 Retki Paimion parantolaan - K\u00f6yli\u00f6-seura","robots":{"index":"index","follow":"follow","max-snippet":"max-snippet:-1","max-image-preview":"max-image-preview:large","max-video-preview":"max-video-preview:-1"},"canonical":"https:\/\/koylio-seura.fi\/?p=2081","og_locale":"fi_FI","og_type":"article","og_title":"11.5.2023 Retki Paimion parantolaan - K\u00f6yli\u00f6-seura","og_description":"Tervetuloa mukaan Turun seudun K\u00f6yli\u00f6n yst\u00e4vien j\u00e4rjest\u00e4m\u00e4lle opastetulle kierrokselle Paimion parantolaan torstaina 11.5.2023 klo 10.50. Opastus alkaa klo 11.00. Osoite on Alvar Aallontie 275, Paimio. Paimion tuberkuloosiparantolaksi vuonna 1933 valmistunut rakennus oli arkkitehtien Alvar ja Aino Aallon kansainv\u00e4lisen uran kannalta ... Lue lis\u00e4\u00e4","og_url":"https:\/\/koylio-seura.fi\/?p=2081","og_site_name":"K\u00f6yli\u00f6-seura","article_published_time":"2023-05-11T11:08:00+00:00","article_modified_time":"2023-11-10T11:11:13+00:00","author":"admin","twitter_card":"summary_large_image","twitter_misc":{"Kirjoittanut":"admin","Arvioitu lukuaika":"2 minuuttia"},"schema":{"@context":"https:\/\/schema.org","@graph":[{"@type":"Article","@id":"https:\/\/koylio-seura.fi\/?p=2081#article","isPartOf":{"@id":"https:\/\/koylio-seura.fi\/?p=2081"},"author":{"name":"admin","@id":"https:\/\/koylio-seura.fi\/#\/schema\/person\/6387bcb5e0963e1ea20d3d08fe03b661"},"headline":"11.5.2023 Retki Paimion parantolaan","datePublished":"2023-05-11T11:08:00+00:00","dateModified":"2023-11-10T11:11:13+00:00","mainEntityOfPage":{"@id":"https:\/\/koylio-seura.fi\/?p=2081"},"wordCount":197,"publisher":{"@id":"https:\/\/koylio-seura.fi\/#organization"},"articleSection":["Turun seutu"],"inLanguage":"fi"},{"@type":"WebPage","@id":"https:\/\/koylio-seura.fi\/?p=2081","url":"https:\/\/koylio-seura.fi\/?p=2081","name":"11.5.2023 Retki Paimion parantolaan - K\u00f6yli\u00f6-seura","isPartOf":{"@id":"https:\/\/koylio-seura.fi\/#website"},"datePublished":"2023-05-11T11:08:00+00:00","dateModified":"2023-11-10T11:11:13+00:00","breadcrumb":{"@id":"https:\/\/koylio-seura.fi\/?p=2081#breadcrumb"},"inLanguage":"fi","potentialAction":[{"@type":"ReadAction","target":["https:\/\/koylio-seura.fi\/?p=2081"]}]},{"@type":"BreadcrumbList","@id":"https:\/\/koylio-seura.fi\/?p=2081#breadcrumb","itemListElement":[{"@type":"ListItem","position":1,"name":"Etusivu","item":"https:\/\/koylio-seura.fi\/"},{"@type":"ListItem","position":2,"name":"11.5.2023 Retki Paimion parantolaan"}]},{"@type":"WebSite","@id":"https:\/\/koylio-seura.fi\/#website","url":"https:\/\/koylio-seura.fi\/","name":"K\u00f6yli\u00f6-seura","description":"","publisher":{"@id":"https:\/\/koylio-seura.fi\/#organization"},"potentialAction":[{"@type":"SearchAction","target":{"@type":"EntryPoint","urlTemplate":"https:\/\/koylio-seura.fi\/?s={search_term_string}"},"query-input":{"@type":"PropertyValueSpecification","valueRequired":true,"valueName":"search_term_string"}}],"inLanguage":"fi"},{"@type":"Organization","@id":"https:\/\/koylio-seura.fi\/#organization","name":"K\u00f6yli\u00f6-seura","url":"https:\/\/koylio-seura.fi\/","logo":{"@type":"ImageObject","inLanguage":"fi","@id":"https:\/\/koylio-seura.fi\/#\/schema\/logo\/image\/","url":"https:\/\/koylio-seura.fi\/wp-content\/uploads\/2023\/07\/cropped-KS-logo-23.png","contentUrl":"https:\/\/koylio-seura.fi\/wp-content\/uploads\/2023\/07\/cropped-KS-logo-23.png","width":530,"height":619,"caption":"K\u00f6yli\u00f6-seura"},"image":{"@id":"https:\/\/koylio-seura.fi\/#\/schema\/logo\/image\/"}},{"@type":"Person","@id":"https:\/\/koylio-seura.fi\/#\/schema\/person\/6387bcb5e0963e1ea20d3d08fe03b661","name":"admin","image":{"@type":"ImageObject","inLanguage":"fi","@id":"https:\/\/koylio-seura.fi\/#\/schema\/person\/image\/","url":"https:\/\/secure.gravatar.com\/avatar\/3910a3ff490ba0627e61d38125b17b89d84b8d7ad51f62c3d2ab18e55c66c3cf?s=96&d=mm&r=g","contentUrl":"https:\/\/secure.gravatar.com\/avatar\/3910a3ff490ba0627e61d38125b17b89d84b8d7ad51f62c3d2ab18e55c66c3cf?s=96&d=mm&r=g","caption":"admin"},"sameAs":["https:\/\/koylio-seura.eitcon.com"],"url":"https:\/\/koylio-seura.fi\/?author=1"}]}},"_links":{"self":[{"href":"https:\/\/koylio-seura.fi\/index.php?rest_route=\/wp\/v2\/posts\/2081","targetHints":{"allow":["GET"]}}],"collection":[{"href":"https:\/\/koylio-seura.fi\/index.php?rest_route=\/wp\/v2\/posts"}],"about":[{"href":"https:\/\/koylio-seura.fi\/index.php?rest_route=\/wp\/v2\/types\/post"}],"author":[{"embeddable":true,"href":"https:\/\/koylio-seura.fi\/index.php?rest_route=\/wp\/v2\/users\/1"}],"replies":[{"embeddable":true,"href":"https:\/\/koylio-seura.fi\/index.php?rest_route=%2Fwp%2Fv2%2Fcomments&post=2081"}],"version-history":[{"count":1,"href":"https:\/\/koylio-seura.fi\/index.php?rest_route=\/wp\/v2\/posts\/2081\/revisions"}],"predecessor-version":[{"id":2082,"href":"https:\/\/koylio-seura.fi\/index.php?rest_route=\/wp\/v2\/posts\/2081\/revisions\/2082"}],"wp:attachment":[{"href":"https:\/\/koylio-seura.fi\/index.php?rest_route=%2Fwp%2Fv2%2Fmedia&parent=2081"}],"wp:term":[{"taxonomy":"category","embeddable":true,"href":"https:\/\/koylio-seura.fi\/index.php?rest_route=%2Fwp%2Fv2%2Fcategories&post=2081"},{"taxonomy":"post_tag","embeddable":true,"href":"https:\/\/koylio-seura.fi\/index.php?rest_route=%2Fwp%2Fv2%2Ftags&post=2081"}],"curies":[{"name":"wp","href":"https:\/\/api.w.org\/{rel}","templated":true}]}}