{"id":2067,"date":"2023-03-19T10:38:00","date_gmt":"2023-03-19T10:38:00","guid":{"rendered":"https:\/\/koylio-seura.eitcon.com\/?p=2067"},"modified":"2023-11-10T10:40:30","modified_gmt":"2023-11-10T10:40:30","slug":"19-3-2023-kevatkokous","status":"publish","type":"post","link":"https:\/\/koylio-seura.fi\/?p=2067","title":{"rendered":"19.3.2023 Kev\u00e4tkokous"},"content":{"rendered":"\n<p>KEV\u00c4TKOKOUS 19.3. K\u00f6yli\u00f6n seurakuntatalolla Kepolassa<br>Klo 13<br>K\u00f6yli\u00f6n hautausmaan opastusvideon 1. osa. Tuula Kyt\u00f6vuosi esittelee.<br>Kahvitarjoilu<br>Klo 14.00<br>K\u00f6yli\u00f6-seuran s\u00e4\u00e4nt\u00f6m\u00e4\u00e4r\u00e4inen kev\u00e4tkokous.<br>Kokouksessa esitell\u00e4\u00e4n ja vahvistetaan tilinp\u00e4\u00e4t\u00f6s ja vuosikertomus.<\/p>\n\n\n\n<p>Tilaisuudessa on mahdollisuus ostaa K\u00f6yli\u00f6-seuran tuotteita.<\/p>\n","protected":false},"excerpt":{"rendered":"<p>KEV\u00c4TKOKOUS 19.3. K\u00f6yli\u00f6n seurakuntatalolla KepolassaKlo 13K\u00f6yli\u00f6n hautausmaan opastusvideon 1. osa. Tuula Kyt\u00f6vuosi esittelee.KahvitarjoiluKlo 14.00K\u00f6yli\u00f6-seuran s\u00e4\u00e4nt\u00f6m\u00e4\u00e4r\u00e4inen kev\u00e4tkokous.Kokouksessa esitell\u00e4\u00e4n ja vahvistetaan tilinp\u00e4\u00e4t\u00f6s ja vuosikertomus. Tilaisuudessa on mahdollisuus ostaa K\u00f6yli\u00f6-seuran tuotteita.<\/p>\n","protected":false},"author":1,"featured_media":0,"comment_status":"closed","ping_status":"closed","sticky":false,"template":"","format":"standard","meta":{"footnotes":""},"categories":[4],"tags":[],"class_list":["post-2067","post","type-post","status-publish","format-standard","hentry","category-koylio-seura","infinite-scroll-item"],"yoast_head":"<!-- This site is optimized with the Yoast SEO plugin v26.6 - https:\/\/yoast.com\/wordpress\/plugins\/seo\/ -->\n<title>19.3.2023 Kev\u00e4tkokous - K\u00f6yli\u00f6-seura<\/title>\n<meta name=\"robots\" content=\"index, follow, max-snippet:-1, max-image-preview:large, max-video-preview:-1\" \/>\n<link rel=\"canonical\" href=\"https:\/\/koylio-seura.fi\/?p=2067\" \/>\n<meta property=\"og:locale\" content=\"fi_FI\" \/>\n<meta property=\"og:type\" content=\"article\" \/>\n<meta property=\"og:title\" content=\"19.3.2023 Kev\u00e4tkokous - K\u00f6yli\u00f6-seura\" \/>\n<meta property=\"og:description\" content=\"KEV\u00c4TKOKOUS 19.3. K\u00f6yli\u00f6n seurakuntatalolla KepolassaKlo 13K\u00f6yli\u00f6n hautausmaan opastusvideon 1. osa. Tuula Kyt\u00f6vuosi esittelee.KahvitarjoiluKlo 14.00K\u00f6yli\u00f6-seuran s\u00e4\u00e4nt\u00f6m\u00e4\u00e4r\u00e4inen kev\u00e4tkokous.Kokouksessa esitell\u00e4\u00e4n ja vahvistetaan tilinp\u00e4\u00e4t\u00f6s ja vuosikertomus. Tilaisuudessa on mahdollisuus ostaa K\u00f6yli\u00f6-seuran tuotteita.\" \/>\n<meta property=\"og:url\" content=\"https:\/\/koylio-seura.fi\/?p=2067\" \/>\n<meta property=\"og:site_name\" content=\"K\u00f6yli\u00f6-seura\" \/>\n<meta property=\"article:published_time\" content=\"2023-03-19T10:38:00+00:00\" \/>\n<meta property=\"article:modified_time\" content=\"2023-11-10T10:40:30+00:00\" \/>\n<meta name=\"author\" content=\"admin\" \/>\n<meta name=\"twitter:card\" content=\"summary_large_image\" \/>\n<meta name=\"twitter:label1\" content=\"Kirjoittanut\" \/>\n\t<meta name=\"twitter:data1\" content=\"admin\" \/>\n\t<meta name=\"twitter:label2\" content=\"Arvioitu lukuaika\" \/>\n\t<meta name=\"twitter:data2\" content=\"1 minuutti\" \/>\n<script type=\"application\/ld+json\" class=\"yoast-schema-graph\">{\"@context\":\"https:\/\/schema.org\",\"@graph\":[{\"@type\":\"Article\",\"@id\":\"https:\/\/koylio-seura.fi\/?p=2067#article\",\"isPartOf\":{\"@id\":\"https:\/\/koylio-seura.fi\/?p=2067\"},\"author\":{\"name\":\"admin\",\"@id\":\"https:\/\/koylio-seura.fi\/#\/schema\/person\/6387bcb5e0963e1ea20d3d08fe03b661\"},\"headline\":\"19.3.2023 Kev\u00e4tkokous\",\"datePublished\":\"2023-03-19T10:38:00+00:00\",\"dateModified\":\"2023-11-10T10:40:30+00:00\",\"mainEntityOfPage\":{\"@id\":\"https:\/\/koylio-seura.fi\/?p=2067\"},\"wordCount\":48,\"publisher\":{\"@id\":\"https:\/\/koylio-seura.fi\/#organization\"},\"articleSection\":[\"K\u00f6yli\u00f6-seura\"],\"inLanguage\":\"fi\"},{\"@type\":\"WebPage\",\"@id\":\"https:\/\/koylio-seura.fi\/?p=2067\",\"url\":\"https:\/\/koylio-seura.fi\/?p=2067\",\"name\":\"19.3.2023 Kev\u00e4tkokous - K\u00f6yli\u00f6-seura\",\"isPartOf\":{\"@id\":\"https:\/\/koylio-seura.fi\/#website\"},\"datePublished\":\"2023-03-19T10:38:00+00:00\",\"dateModified\":\"2023-11-10T10:40:30+00:00\",\"breadcrumb\":{\"@id\":\"https:\/\/koylio-seura.fi\/?p=2067#breadcrumb\"},\"inLanguage\":\"fi\",\"potentialAction\":[{\"@type\":\"ReadAction\",\"target\":[\"https:\/\/koylio-seura.fi\/?p=2067\"]}]},{\"@type\":\"BreadcrumbList\",\"@id\":\"https:\/\/koylio-seura.fi\/?p=2067#breadcrumb\",\"itemListElement\":[{\"@type\":\"ListItem\",\"position\":1,\"name\":\"Etusivu\",\"item\":\"https:\/\/koylio-seura.fi\/\"},{\"@type\":\"ListItem\",\"position\":2,\"name\":\"19.3.2023 Kev\u00e4tkokous\"}]},{\"@type\":\"WebSite\",\"@id\":\"https:\/\/koylio-seura.fi\/#website\",\"url\":\"https:\/\/koylio-seura.fi\/\",\"name\":\"K\u00f6yli\u00f6-seura\",\"description\":\"\",\"publisher\":{\"@id\":\"https:\/\/koylio-seura.fi\/#organization\"},\"potentialAction\":[{\"@type\":\"SearchAction\",\"target\":{\"@type\":\"EntryPoint\",\"urlTemplate\":\"https:\/\/koylio-seura.fi\/?s={search_term_string}\"},\"query-input\":{\"@type\":\"PropertyValueSpecification\",\"valueRequired\":true,\"valueName\":\"search_term_string\"}}],\"inLanguage\":\"fi\"},{\"@type\":\"Organization\",\"@id\":\"https:\/\/koylio-seura.fi\/#organization\",\"name\":\"K\u00f6yli\u00f6-seura\",\"url\":\"https:\/\/koylio-seura.fi\/\",\"logo\":{\"@type\":\"ImageObject\",\"inLanguage\":\"fi\",\"@id\":\"https:\/\/koylio-seura.fi\/#\/schema\/logo\/image\/\",\"url\":\"https:\/\/koylio-seura.fi\/wp-content\/uploads\/2023\/07\/cropped-KS-logo-23.png\",\"contentUrl\":\"https:\/\/koylio-seura.fi\/wp-content\/uploads\/2023\/07\/cropped-KS-logo-23.png\",\"width\":530,\"height\":619,\"caption\":\"K\u00f6yli\u00f6-seura\"},\"image\":{\"@id\":\"https:\/\/koylio-seura.fi\/#\/schema\/logo\/image\/\"}},{\"@type\":\"Person\",\"@id\":\"https:\/\/koylio-seura.fi\/#\/schema\/person\/6387bcb5e0963e1ea20d3d08fe03b661\",\"name\":\"admin\",\"image\":{\"@type\":\"ImageObject\",\"inLanguage\":\"fi\",\"@id\":\"https:\/\/koylio-seura.fi\/#\/schema\/person\/image\/\",\"url\":\"https:\/\/secure.gravatar.com\/avatar\/3910a3ff490ba0627e61d38125b17b89d84b8d7ad51f62c3d2ab18e55c66c3cf?s=96&d=mm&r=g\",\"contentUrl\":\"https:\/\/secure.gravatar.com\/avatar\/3910a3ff490ba0627e61d38125b17b89d84b8d7ad51f62c3d2ab18e55c66c3cf?s=96&d=mm&r=g\",\"caption\":\"admin\"},\"sameAs\":[\"https:\/\/koylio-seura.eitcon.com\"],\"url\":\"https:\/\/koylio-seura.fi\/?author=1\"}]}<\/script>\n<!-- \/ Yoast SEO plugin. -->","yoast_head_json":{"title":"19.3.2023 Kev\u00e4tkokous - K\u00f6yli\u00f6-seura","robots":{"index":"index","follow":"follow","max-snippet":"max-snippet:-1","max-image-preview":"max-image-preview:large","max-video-preview":"max-video-preview:-1"},"canonical":"https:\/\/koylio-seura.fi\/?p=2067","og_locale":"fi_FI","og_type":"article","og_title":"19.3.2023 Kev\u00e4tkokous - K\u00f6yli\u00f6-seura","og_description":"KEV\u00c4TKOKOUS 19.3. K\u00f6yli\u00f6n seurakuntatalolla KepolassaKlo 13K\u00f6yli\u00f6n hautausmaan opastusvideon 1. osa. Tuula Kyt\u00f6vuosi esittelee.KahvitarjoiluKlo 14.00K\u00f6yli\u00f6-seuran s\u00e4\u00e4nt\u00f6m\u00e4\u00e4r\u00e4inen kev\u00e4tkokous.Kokouksessa esitell\u00e4\u00e4n ja vahvistetaan tilinp\u00e4\u00e4t\u00f6s ja vuosikertomus. Tilaisuudessa on mahdollisuus ostaa K\u00f6yli\u00f6-seuran tuotteita.","og_url":"https:\/\/koylio-seura.fi\/?p=2067","og_site_name":"K\u00f6yli\u00f6-seura","article_published_time":"2023-03-19T10:38:00+00:00","article_modified_time":"2023-11-10T10:40:30+00:00","author":"admin","twitter_card":"summary_large_image","twitter_misc":{"Kirjoittanut":"admin","Arvioitu lukuaika":"1 minuutti"},"schema":{"@context":"https:\/\/schema.org","@graph":[{"@type":"Article","@id":"https:\/\/koylio-seura.fi\/?p=2067#article","isPartOf":{"@id":"https:\/\/koylio-seura.fi\/?p=2067"},"author":{"name":"admin","@id":"https:\/\/koylio-seura.fi\/#\/schema\/person\/6387bcb5e0963e1ea20d3d08fe03b661"},"headline":"19.3.2023 Kev\u00e4tkokous","datePublished":"2023-03-19T10:38:00+00:00","dateModified":"2023-11-10T10:40:30+00:00","mainEntityOfPage":{"@id":"https:\/\/koylio-seura.fi\/?p=2067"},"wordCount":48,"publisher":{"@id":"https:\/\/koylio-seura.fi\/#organization"},"articleSection":["K\u00f6yli\u00f6-seura"],"inLanguage":"fi"},{"@type":"WebPage","@id":"https:\/\/koylio-seura.fi\/?p=2067","url":"https:\/\/koylio-seura.fi\/?p=2067","name":"19.3.2023 Kev\u00e4tkokous - K\u00f6yli\u00f6-seura","isPartOf":{"@id":"https:\/\/koylio-seura.fi\/#website"},"datePublished":"2023-03-19T10:38:00+00:00","dateModified":"2023-11-10T10:40:30+00:00","breadcrumb":{"@id":"https:\/\/koylio-seura.fi\/?p=2067#breadcrumb"},"inLanguage":"fi","potentialAction":[{"@type":"ReadAction","target":["https:\/\/koylio-seura.fi\/?p=2067"]}]},{"@type":"BreadcrumbList","@id":"https:\/\/koylio-seura.fi\/?p=2067#breadcrumb","itemListElement":[{"@type":"ListItem","position":1,"name":"Etusivu","item":"https:\/\/koylio-seura.fi\/"},{"@type":"ListItem","position":2,"name":"19.3.2023 Kev\u00e4tkokous"}]},{"@type":"WebSite","@id":"https:\/\/koylio-seura.fi\/#website","url":"https:\/\/koylio-seura.fi\/","name":"K\u00f6yli\u00f6-seura","description":"","publisher":{"@id":"https:\/\/koylio-seura.fi\/#organization"},"potentialAction":[{"@type":"SearchAction","target":{"@type":"EntryPoint","urlTemplate":"https:\/\/koylio-seura.fi\/?s={search_term_string}"},"query-input":{"@type":"PropertyValueSpecification","valueRequired":true,"valueName":"search_term_string"}}],"inLanguage":"fi"},{"@type":"Organization","@id":"https:\/\/koylio-seura.fi\/#organization","name":"K\u00f6yli\u00f6-seura","url":"https:\/\/koylio-seura.fi\/","logo":{"@type":"ImageObject","inLanguage":"fi","@id":"https:\/\/koylio-seura.fi\/#\/schema\/logo\/image\/","url":"https:\/\/koylio-seura.fi\/wp-content\/uploads\/2023\/07\/cropped-KS-logo-23.png","contentUrl":"https:\/\/koylio-seura.fi\/wp-content\/uploads\/2023\/07\/cropped-KS-logo-23.png","width":530,"height":619,"caption":"K\u00f6yli\u00f6-seura"},"image":{"@id":"https:\/\/koylio-seura.fi\/#\/schema\/logo\/image\/"}},{"@type":"Person","@id":"https:\/\/koylio-seura.fi\/#\/schema\/person\/6387bcb5e0963e1ea20d3d08fe03b661","name":"admin","image":{"@type":"ImageObject","inLanguage":"fi","@id":"https:\/\/koylio-seura.fi\/#\/schema\/person\/image\/","url":"https:\/\/secure.gravatar.com\/avatar\/3910a3ff490ba0627e61d38125b17b89d84b8d7ad51f62c3d2ab18e55c66c3cf?s=96&d=mm&r=g","contentUrl":"https:\/\/secure.gravatar.com\/avatar\/3910a3ff490ba0627e61d38125b17b89d84b8d7ad51f62c3d2ab18e55c66c3cf?s=96&d=mm&r=g","caption":"admin"},"sameAs":["https:\/\/koylio-seura.eitcon.com"],"url":"https:\/\/koylio-seura.fi\/?author=1"}]}},"_links":{"self":[{"href":"https:\/\/koylio-seura.fi\/index.php?rest_route=\/wp\/v2\/posts\/2067","targetHints":{"allow":["GET"]}}],"collection":[{"href":"https:\/\/koylio-seura.fi\/index.php?rest_route=\/wp\/v2\/posts"}],"about":[{"href":"https:\/\/koylio-seura.fi\/index.php?rest_route=\/wp\/v2\/types\/post"}],"author":[{"embeddable":true,"href":"https:\/\/koylio-seura.fi\/index.php?rest_route=\/wp\/v2\/users\/1"}],"replies":[{"embeddable":true,"href":"https:\/\/koylio-seura.fi\/index.php?rest_route=%2Fwp%2Fv2%2Fcomments&post=2067"}],"version-history":[{"count":1,"href":"https:\/\/koylio-seura.fi\/index.php?rest_route=\/wp\/v2\/posts\/2067\/revisions"}],"predecessor-version":[{"id":2068,"href":"https:\/\/koylio-seura.fi\/index.php?rest_route=\/wp\/v2\/posts\/2067\/revisions\/2068"}],"wp:attachment":[{"href":"https:\/\/koylio-seura.fi\/index.php?rest_route=%2Fwp%2Fv2%2Fmedia&parent=2067"}],"wp:term":[{"taxonomy":"category","embeddable":true,"href":"https:\/\/koylio-seura.fi\/index.php?rest_route=%2Fwp%2Fv2%2Fcategories&post=2067"},{"taxonomy":"post_tag","embeddable":true,"href":"https:\/\/koylio-seura.fi\/index.php?rest_route=%2Fwp%2Fv2%2Ftags&post=2067"}],"curies":[{"name":"wp","href":"https:\/\/api.w.org\/{rel}","templated":true}]}}