{"id":2061,"date":"2023-02-12T10:28:00","date_gmt":"2023-02-12T10:28:00","guid":{"rendered":"https:\/\/koylio-seura.eitcon.com\/?p=2061"},"modified":"2023-11-10T10:29:58","modified_gmt":"2023-11-10T10:29:58","slug":"12-2-2023-ystavakirkkopyha","status":"publish","type":"post","link":"https:\/\/koylio-seura.fi\/?p=2061","title":{"rendered":"12.2.2023 Yst\u00e4v\u00e4kirkkopyh\u00e4"},"content":{"rendered":"\n<p>Yst\u00e4v\u00e4kirkkopyh\u00e4 12.2.2023 klo 10 alkaen<\/p>\n\n\n\n<p>Jo perinteeksi muodostunut Yst\u00e4v\u00e4kirkkopyh\u00e4 toteutetaan yhdess\u00e4 K\u00f6yli\u00f6n kappeliseurakunnan kanssa sunnuntaina 12.2.2023 K\u00f6yli\u00f6n kirkossa klo 10.00 alkaen.<br>Messun toimittaa kappalainen Ismo Nieminen.<br>Palveluvuorossa on K\u00f6yli\u00f6-Seura \/ K\u00f6yli\u00f6n yst\u00e4v\u00e4t-jaosto.<\/p>\n\n\n\n<p>Messun j\u00e4lkeen yst\u00e4v\u00e4kirkkopyh\u00e4 jatkuu K\u00f6yli\u00f6n seurakuntatalolla. Siell\u00e4 on klo 12 tarjolla Yhteisvastuulounas: keittolounas ja kahvit hintaan 12 \u20ac\/hl\u00f6. Ilmoittautumiset 9.2.2023 menness\u00e4 Liisa Yskille, p. 0505400404.<\/p>\n\n\n\n<p>Vuoden 2023 Yhteisvastuuker\u00e4yksen teemana on &#8221;Nuoret v\u00e4kivaltaisessa maailmassa&#8221;. Nyt ker\u00e4t\u00e4\u00e4n varoja nuorten v\u00e4kivallan ja konfliktien ratkaisuun ja ennaltaehk\u00e4isyyn.<\/p>\n\n\n\n<p>Lounaan j\u00e4lkeen esitet\u00e4\u00e4n K\u00f6yli\u00f6n kirkon esittelyvideot, ja Tuula Kyt\u00f6vuori kertoo videoiden syntyprosessista. Lis\u00e4ksi julkistetaan Legendat Live -video, jonka synnyst\u00e4 kertoo projektia vet\u00e4nyt Simo Nummi ja mahdollisesti ty\u00f6h\u00f6n osallistuneet nuoret.<\/p>\n\n\n\n<p>Iloisesti tervetuloa mukaan!<\/p>\n","protected":false},"excerpt":{"rendered":"<p>Yst\u00e4v\u00e4kirkkopyh\u00e4 12.2.2023 klo 10 alkaen Jo perinteeksi muodostunut Yst\u00e4v\u00e4kirkkopyh\u00e4 toteutetaan yhdess\u00e4 K\u00f6yli\u00f6n kappeliseurakunnan kanssa sunnuntaina 12.2.2023 K\u00f6yli\u00f6n kirkossa klo 10.00 alkaen.Messun toimittaa kappalainen Ismo Nieminen.Palveluvuorossa on K\u00f6yli\u00f6-Seura \/ K\u00f6yli\u00f6n yst\u00e4v\u00e4t-jaosto. Messun j\u00e4lkeen yst\u00e4v\u00e4kirkkopyh\u00e4 jatkuu K\u00f6yli\u00f6n seurakuntatalolla. Siell\u00e4 on klo 12 &#8230; <a title=\"12.2.2023 Yst\u00e4v\u00e4kirkkopyh\u00e4\" class=\"read-more\" href=\"https:\/\/koylio-seura.fi\/?p=2061\" aria-label=\"Lue lis\u00e4\u00e4 aiheesta 12.2.2023 Yst\u00e4v\u00e4kirkkopyh\u00e4\">Lue lis\u00e4\u00e4<\/a><\/p>\n","protected":false},"author":6,"featured_media":0,"comment_status":"closed","ping_status":"closed","sticky":false,"template":"","format":"standard","meta":{"footnotes":""},"categories":[4],"tags":[],"class_list":["post-2061","post","type-post","status-publish","format-standard","hentry","category-koylio-seura","infinite-scroll-item"],"yoast_head":"<!-- This site is optimized with the Yoast SEO plugin v26.6 - https:\/\/yoast.com\/wordpress\/plugins\/seo\/ -->\n<title>12.2.2023 Yst\u00e4v\u00e4kirkkopyh\u00e4 - K\u00f6yli\u00f6-seura<\/title>\n<meta name=\"robots\" content=\"index, follow, max-snippet:-1, max-image-preview:large, max-video-preview:-1\" \/>\n<link rel=\"canonical\" href=\"https:\/\/koylio-seura.fi\/?p=2061\" \/>\n<meta property=\"og:locale\" content=\"fi_FI\" \/>\n<meta property=\"og:type\" content=\"article\" \/>\n<meta property=\"og:title\" content=\"12.2.2023 Yst\u00e4v\u00e4kirkkopyh\u00e4 - K\u00f6yli\u00f6-seura\" \/>\n<meta property=\"og:description\" content=\"Yst\u00e4v\u00e4kirkkopyh\u00e4 12.2.2023 klo 10 alkaen Jo perinteeksi muodostunut Yst\u00e4v\u00e4kirkkopyh\u00e4 toteutetaan yhdess\u00e4 K\u00f6yli\u00f6n kappeliseurakunnan kanssa sunnuntaina 12.2.2023 K\u00f6yli\u00f6n kirkossa klo 10.00 alkaen.Messun toimittaa kappalainen Ismo Nieminen.Palveluvuorossa on K\u00f6yli\u00f6-Seura \/ K\u00f6yli\u00f6n yst\u00e4v\u00e4t-jaosto. Messun j\u00e4lkeen yst\u00e4v\u00e4kirkkopyh\u00e4 jatkuu K\u00f6yli\u00f6n seurakuntatalolla. Siell\u00e4 on klo 12 ... Lue lis\u00e4\u00e4\" \/>\n<meta property=\"og:url\" content=\"https:\/\/koylio-seura.fi\/?p=2061\" \/>\n<meta property=\"og:site_name\" content=\"K\u00f6yli\u00f6-seura\" \/>\n<meta property=\"article:published_time\" content=\"2023-02-12T10:28:00+00:00\" \/>\n<meta property=\"article:modified_time\" content=\"2023-11-10T10:29:58+00:00\" \/>\n<meta name=\"author\" content=\"Marita Holkeri\" \/>\n<meta name=\"twitter:card\" content=\"summary_large_image\" \/>\n<meta name=\"twitter:label1\" content=\"Kirjoittanut\" \/>\n\t<meta name=\"twitter:data1\" content=\"Marita Holkeri\" \/>\n\t<meta name=\"twitter:label2\" content=\"Arvioitu lukuaika\" \/>\n\t<meta name=\"twitter:data2\" content=\"1 minuutti\" \/>\n<script type=\"application\/ld+json\" class=\"yoast-schema-graph\">{\"@context\":\"https:\/\/schema.org\",\"@graph\":[{\"@type\":\"Article\",\"@id\":\"https:\/\/koylio-seura.fi\/?p=2061#article\",\"isPartOf\":{\"@id\":\"https:\/\/koylio-seura.fi\/?p=2061\"},\"author\":{\"name\":\"Marita Holkeri\",\"@id\":\"https:\/\/koylio-seura.fi\/#\/schema\/person\/df27e5a4e7c9a06b7b1b7d0fb9c6b2b9\"},\"headline\":\"12.2.2023 Yst\u00e4v\u00e4kirkkopyh\u00e4\",\"datePublished\":\"2023-02-12T10:28:00+00:00\",\"dateModified\":\"2023-11-10T10:29:58+00:00\",\"mainEntityOfPage\":{\"@id\":\"https:\/\/koylio-seura.fi\/?p=2061\"},\"wordCount\":134,\"publisher\":{\"@id\":\"https:\/\/koylio-seura.fi\/#organization\"},\"articleSection\":[\"K\u00f6yli\u00f6-seura\"],\"inLanguage\":\"fi\"},{\"@type\":\"WebPage\",\"@id\":\"https:\/\/koylio-seura.fi\/?p=2061\",\"url\":\"https:\/\/koylio-seura.fi\/?p=2061\",\"name\":\"12.2.2023 Yst\u00e4v\u00e4kirkkopyh\u00e4 - K\u00f6yli\u00f6-seura\",\"isPartOf\":{\"@id\":\"https:\/\/koylio-seura.fi\/#website\"},\"datePublished\":\"2023-02-12T10:28:00+00:00\",\"dateModified\":\"2023-11-10T10:29:58+00:00\",\"breadcrumb\":{\"@id\":\"https:\/\/koylio-seura.fi\/?p=2061#breadcrumb\"},\"inLanguage\":\"fi\",\"potentialAction\":[{\"@type\":\"ReadAction\",\"target\":[\"https:\/\/koylio-seura.fi\/?p=2061\"]}]},{\"@type\":\"BreadcrumbList\",\"@id\":\"https:\/\/koylio-seura.fi\/?p=2061#breadcrumb\",\"itemListElement\":[{\"@type\":\"ListItem\",\"position\":1,\"name\":\"Etusivu\",\"item\":\"https:\/\/koylio-seura.fi\/\"},{\"@type\":\"ListItem\",\"position\":2,\"name\":\"12.2.2023 Yst\u00e4v\u00e4kirkkopyh\u00e4\"}]},{\"@type\":\"WebSite\",\"@id\":\"https:\/\/koylio-seura.fi\/#website\",\"url\":\"https:\/\/koylio-seura.fi\/\",\"name\":\"K\u00f6yli\u00f6-seura\",\"description\":\"\",\"publisher\":{\"@id\":\"https:\/\/koylio-seura.fi\/#organization\"},\"potentialAction\":[{\"@type\":\"SearchAction\",\"target\":{\"@type\":\"EntryPoint\",\"urlTemplate\":\"https:\/\/koylio-seura.fi\/?s={search_term_string}\"},\"query-input\":{\"@type\":\"PropertyValueSpecification\",\"valueRequired\":true,\"valueName\":\"search_term_string\"}}],\"inLanguage\":\"fi\"},{\"@type\":\"Organization\",\"@id\":\"https:\/\/koylio-seura.fi\/#organization\",\"name\":\"K\u00f6yli\u00f6-seura\",\"url\":\"https:\/\/koylio-seura.fi\/\",\"logo\":{\"@type\":\"ImageObject\",\"inLanguage\":\"fi\",\"@id\":\"https:\/\/koylio-seura.fi\/#\/schema\/logo\/image\/\",\"url\":\"https:\/\/koylio-seura.fi\/wp-content\/uploads\/2023\/07\/cropped-KS-logo-23.png\",\"contentUrl\":\"https:\/\/koylio-seura.fi\/wp-content\/uploads\/2023\/07\/cropped-KS-logo-23.png\",\"width\":530,\"height\":619,\"caption\":\"K\u00f6yli\u00f6-seura\"},\"image\":{\"@id\":\"https:\/\/koylio-seura.fi\/#\/schema\/logo\/image\/\"}},{\"@type\":\"Person\",\"@id\":\"https:\/\/koylio-seura.fi\/#\/schema\/person\/df27e5a4e7c9a06b7b1b7d0fb9c6b2b9\",\"name\":\"Marita Holkeri\",\"image\":{\"@type\":\"ImageObject\",\"inLanguage\":\"fi\",\"@id\":\"https:\/\/koylio-seura.fi\/#\/schema\/person\/image\/\",\"url\":\"https:\/\/secure.gravatar.com\/avatar\/515eac4f85d7b2a6cf676cd832e866082201cebc019f8d4e6bb2872e20c2d0fa?s=96&d=mm&r=g\",\"contentUrl\":\"https:\/\/secure.gravatar.com\/avatar\/515eac4f85d7b2a6cf676cd832e866082201cebc019f8d4e6bb2872e20c2d0fa?s=96&d=mm&r=g\",\"caption\":\"Marita Holkeri\"},\"url\":\"https:\/\/koylio-seura.fi\/?author=6\"}]}<\/script>\n<!-- \/ Yoast SEO plugin. -->","yoast_head_json":{"title":"12.2.2023 Yst\u00e4v\u00e4kirkkopyh\u00e4 - K\u00f6yli\u00f6-seura","robots":{"index":"index","follow":"follow","max-snippet":"max-snippet:-1","max-image-preview":"max-image-preview:large","max-video-preview":"max-video-preview:-1"},"canonical":"https:\/\/koylio-seura.fi\/?p=2061","og_locale":"fi_FI","og_type":"article","og_title":"12.2.2023 Yst\u00e4v\u00e4kirkkopyh\u00e4 - K\u00f6yli\u00f6-seura","og_description":"Yst\u00e4v\u00e4kirkkopyh\u00e4 12.2.2023 klo 10 alkaen Jo perinteeksi muodostunut Yst\u00e4v\u00e4kirkkopyh\u00e4 toteutetaan yhdess\u00e4 K\u00f6yli\u00f6n kappeliseurakunnan kanssa sunnuntaina 12.2.2023 K\u00f6yli\u00f6n kirkossa klo 10.00 alkaen.Messun toimittaa kappalainen Ismo Nieminen.Palveluvuorossa on K\u00f6yli\u00f6-Seura \/ K\u00f6yli\u00f6n yst\u00e4v\u00e4t-jaosto. Messun j\u00e4lkeen yst\u00e4v\u00e4kirkkopyh\u00e4 jatkuu K\u00f6yli\u00f6n seurakuntatalolla. Siell\u00e4 on klo 12 ... Lue lis\u00e4\u00e4","og_url":"https:\/\/koylio-seura.fi\/?p=2061","og_site_name":"K\u00f6yli\u00f6-seura","article_published_time":"2023-02-12T10:28:00+00:00","article_modified_time":"2023-11-10T10:29:58+00:00","author":"Marita Holkeri","twitter_card":"summary_large_image","twitter_misc":{"Kirjoittanut":"Marita Holkeri","Arvioitu lukuaika":"1 minuutti"},"schema":{"@context":"https:\/\/schema.org","@graph":[{"@type":"Article","@id":"https:\/\/koylio-seura.fi\/?p=2061#article","isPartOf":{"@id":"https:\/\/koylio-seura.fi\/?p=2061"},"author":{"name":"Marita Holkeri","@id":"https:\/\/koylio-seura.fi\/#\/schema\/person\/df27e5a4e7c9a06b7b1b7d0fb9c6b2b9"},"headline":"12.2.2023 Yst\u00e4v\u00e4kirkkopyh\u00e4","datePublished":"2023-02-12T10:28:00+00:00","dateModified":"2023-11-10T10:29:58+00:00","mainEntityOfPage":{"@id":"https:\/\/koylio-seura.fi\/?p=2061"},"wordCount":134,"publisher":{"@id":"https:\/\/koylio-seura.fi\/#organization"},"articleSection":["K\u00f6yli\u00f6-seura"],"inLanguage":"fi"},{"@type":"WebPage","@id":"https:\/\/koylio-seura.fi\/?p=2061","url":"https:\/\/koylio-seura.fi\/?p=2061","name":"12.2.2023 Yst\u00e4v\u00e4kirkkopyh\u00e4 - K\u00f6yli\u00f6-seura","isPartOf":{"@id":"https:\/\/koylio-seura.fi\/#website"},"datePublished":"2023-02-12T10:28:00+00:00","dateModified":"2023-11-10T10:29:58+00:00","breadcrumb":{"@id":"https:\/\/koylio-seura.fi\/?p=2061#breadcrumb"},"inLanguage":"fi","potentialAction":[{"@type":"ReadAction","target":["https:\/\/koylio-seura.fi\/?p=2061"]}]},{"@type":"BreadcrumbList","@id":"https:\/\/koylio-seura.fi\/?p=2061#breadcrumb","itemListElement":[{"@type":"ListItem","position":1,"name":"Etusivu","item":"https:\/\/koylio-seura.fi\/"},{"@type":"ListItem","position":2,"name":"12.2.2023 Yst\u00e4v\u00e4kirkkopyh\u00e4"}]},{"@type":"WebSite","@id":"https:\/\/koylio-seura.fi\/#website","url":"https:\/\/koylio-seura.fi\/","name":"K\u00f6yli\u00f6-seura","description":"","publisher":{"@id":"https:\/\/koylio-seura.fi\/#organization"},"potentialAction":[{"@type":"SearchAction","target":{"@type":"EntryPoint","urlTemplate":"https:\/\/koylio-seura.fi\/?s={search_term_string}"},"query-input":{"@type":"PropertyValueSpecification","valueRequired":true,"valueName":"search_term_string"}}],"inLanguage":"fi"},{"@type":"Organization","@id":"https:\/\/koylio-seura.fi\/#organization","name":"K\u00f6yli\u00f6-seura","url":"https:\/\/koylio-seura.fi\/","logo":{"@type":"ImageObject","inLanguage":"fi","@id":"https:\/\/koylio-seura.fi\/#\/schema\/logo\/image\/","url":"https:\/\/koylio-seura.fi\/wp-content\/uploads\/2023\/07\/cropped-KS-logo-23.png","contentUrl":"https:\/\/koylio-seura.fi\/wp-content\/uploads\/2023\/07\/cropped-KS-logo-23.png","width":530,"height":619,"caption":"K\u00f6yli\u00f6-seura"},"image":{"@id":"https:\/\/koylio-seura.fi\/#\/schema\/logo\/image\/"}},{"@type":"Person","@id":"https:\/\/koylio-seura.fi\/#\/schema\/person\/df27e5a4e7c9a06b7b1b7d0fb9c6b2b9","name":"Marita Holkeri","image":{"@type":"ImageObject","inLanguage":"fi","@id":"https:\/\/koylio-seura.fi\/#\/schema\/person\/image\/","url":"https:\/\/secure.gravatar.com\/avatar\/515eac4f85d7b2a6cf676cd832e866082201cebc019f8d4e6bb2872e20c2d0fa?s=96&d=mm&r=g","contentUrl":"https:\/\/secure.gravatar.com\/avatar\/515eac4f85d7b2a6cf676cd832e866082201cebc019f8d4e6bb2872e20c2d0fa?s=96&d=mm&r=g","caption":"Marita Holkeri"},"url":"https:\/\/koylio-seura.fi\/?author=6"}]}},"_links":{"self":[{"href":"https:\/\/koylio-seura.fi\/index.php?rest_route=\/wp\/v2\/posts\/2061","targetHints":{"allow":["GET"]}}],"collection":[{"href":"https:\/\/koylio-seura.fi\/index.php?rest_route=\/wp\/v2\/posts"}],"about":[{"href":"https:\/\/koylio-seura.fi\/index.php?rest_route=\/wp\/v2\/types\/post"}],"author":[{"embeddable":true,"href":"https:\/\/koylio-seura.fi\/index.php?rest_route=\/wp\/v2\/users\/6"}],"replies":[{"embeddable":true,"href":"https:\/\/koylio-seura.fi\/index.php?rest_route=%2Fwp%2Fv2%2Fcomments&post=2061"}],"version-history":[{"count":1,"href":"https:\/\/koylio-seura.fi\/index.php?rest_route=\/wp\/v2\/posts\/2061\/revisions"}],"predecessor-version":[{"id":2062,"href":"https:\/\/koylio-seura.fi\/index.php?rest_route=\/wp\/v2\/posts\/2061\/revisions\/2062"}],"wp:attachment":[{"href":"https:\/\/koylio-seura.fi\/index.php?rest_route=%2Fwp%2Fv2%2Fmedia&parent=2061"}],"wp:term":[{"taxonomy":"category","embeddable":true,"href":"https:\/\/koylio-seura.fi\/index.php?rest_route=%2Fwp%2Fv2%2Fcategories&post=2061"},{"taxonomy":"post_tag","embeddable":true,"href":"https:\/\/koylio-seura.fi\/index.php?rest_route=%2Fwp%2Fv2%2Ftags&post=2061"}],"curies":[{"name":"wp","href":"https:\/\/api.w.org\/{rel}","templated":true}]}}