{"id":2056,"date":"2023-01-26T10:17:18","date_gmt":"2023-01-26T10:17:18","guid":{"rendered":"https:\/\/koylio-seura.eitcon.com\/?p=2056"},"modified":"2023-11-10T10:23:02","modified_gmt":"2023-11-10T10:23:02","slug":"26-1-2023-mila-santalan-luento-sakylan-kansalaisopistossa","status":"publish","type":"post","link":"https:\/\/koylio-seura.fi\/?p=2056","title":{"rendered":"Mila Santalan luento S\u00e4kyl\u00e4n Kansalaisopistossa 26.1.2023"},"content":{"rendered":"\n<p>Mila Santala luennoi tortaina 26.1.2023 klo 18.00 aiheesta &#8221;Miten j\u00e4rjest\u00e4n S\u00e4kyl\u00e4n Kotiseutuarkistoon ajattelemani aineistot&#8221;. Luento on S\u00e4kyl\u00e4n Kansalaisposition j\u00e4rjest\u00e4m\u00e4 ja paikkana on yhteiskoulun audiotila. T\u00e4m\u00e4n luennon piti olla jo 11.4.2022, mutta silloin se peruuntui. Luento on maksuton.<\/p>\n","protected":false},"excerpt":{"rendered":"<p>Mila Santala luennoi tortaina 26.1.2023 klo 18.00 aiheesta &#8221;Miten j\u00e4rjest\u00e4n S\u00e4kyl\u00e4n Kotiseutuarkistoon ajattelemani aineistot&#8221;. Luento on S\u00e4kyl\u00e4n Kansalaisposition j\u00e4rjest\u00e4m\u00e4 ja paikkana on yhteiskoulun audiotila. T\u00e4m\u00e4n luennon piti olla jo 11.4.2022, mutta silloin se peruuntui. Luento on maksuton.<\/p>\n","protected":false},"author":11,"featured_media":0,"comment_status":"closed","ping_status":"closed","sticky":false,"template":"","format":"standard","meta":{"footnotes":""},"categories":[4],"tags":[],"class_list":["post-2056","post","type-post","status-publish","format-standard","hentry","category-koylio-seura","infinite-scroll-item"],"yoast_head":"<!-- This site is optimized with the Yoast SEO plugin v26.6 - https:\/\/yoast.com\/wordpress\/plugins\/seo\/ -->\n<title>Mila Santalan luento S\u00e4kyl\u00e4n Kansalaisopistossa 26.1.2023 - K\u00f6yli\u00f6-seura<\/title>\n<meta name=\"robots\" content=\"index, follow, max-snippet:-1, max-image-preview:large, max-video-preview:-1\" \/>\n<link rel=\"canonical\" href=\"https:\/\/koylio-seura.fi\/?p=2056\" \/>\n<meta property=\"og:locale\" content=\"fi_FI\" \/>\n<meta property=\"og:type\" content=\"article\" \/>\n<meta property=\"og:title\" content=\"Mila Santalan luento S\u00e4kyl\u00e4n Kansalaisopistossa 26.1.2023 - K\u00f6yli\u00f6-seura\" \/>\n<meta property=\"og:description\" content=\"Mila Santala luennoi tortaina 26.1.2023 klo 18.00 aiheesta &#8221;Miten j\u00e4rjest\u00e4n S\u00e4kyl\u00e4n Kotiseutuarkistoon ajattelemani aineistot&#8221;. Luento on S\u00e4kyl\u00e4n Kansalaisposition j\u00e4rjest\u00e4m\u00e4 ja paikkana on yhteiskoulun audiotila. T\u00e4m\u00e4n luennon piti olla jo 11.4.2022, mutta silloin se peruuntui. Luento on maksuton.\" \/>\n<meta property=\"og:url\" content=\"https:\/\/koylio-seura.fi\/?p=2056\" \/>\n<meta property=\"og:site_name\" content=\"K\u00f6yli\u00f6-seura\" \/>\n<meta property=\"article:published_time\" content=\"2023-01-26T10:17:18+00:00\" \/>\n<meta property=\"article:modified_time\" content=\"2023-11-10T10:23:02+00:00\" \/>\n<meta name=\"author\" content=\"Kalevi Salmi\" \/>\n<meta name=\"twitter:card\" content=\"summary_large_image\" \/>\n<meta name=\"twitter:label1\" content=\"Kirjoittanut\" \/>\n\t<meta name=\"twitter:data1\" content=\"Kalevi Salmi\" \/>\n\t<meta name=\"twitter:label2\" content=\"Arvioitu lukuaika\" \/>\n\t<meta name=\"twitter:data2\" content=\"1 minuutti\" \/>\n<script type=\"application\/ld+json\" class=\"yoast-schema-graph\">{\"@context\":\"https:\/\/schema.org\",\"@graph\":[{\"@type\":\"Article\",\"@id\":\"https:\/\/koylio-seura.fi\/?p=2056#article\",\"isPartOf\":{\"@id\":\"https:\/\/koylio-seura.fi\/?p=2056\"},\"author\":{\"name\":\"Kalevi Salmi\",\"@id\":\"https:\/\/koylio-seura.fi\/#\/schema\/person\/fc8dd0da791a25161db3b36950c44188\"},\"headline\":\"Mila Santalan luento S\u00e4kyl\u00e4n Kansalaisopistossa 26.1.2023\",\"datePublished\":\"2023-01-26T10:17:18+00:00\",\"dateModified\":\"2023-11-10T10:23:02+00:00\",\"mainEntityOfPage\":{\"@id\":\"https:\/\/koylio-seura.fi\/?p=2056\"},\"wordCount\":51,\"publisher\":{\"@id\":\"https:\/\/koylio-seura.fi\/#organization\"},\"articleSection\":[\"K\u00f6yli\u00f6-seura\"],\"inLanguage\":\"fi\"},{\"@type\":\"WebPage\",\"@id\":\"https:\/\/koylio-seura.fi\/?p=2056\",\"url\":\"https:\/\/koylio-seura.fi\/?p=2056\",\"name\":\"Mila Santalan luento S\u00e4kyl\u00e4n Kansalaisopistossa 26.1.2023 - K\u00f6yli\u00f6-seura\",\"isPartOf\":{\"@id\":\"https:\/\/koylio-seura.fi\/#website\"},\"datePublished\":\"2023-01-26T10:17:18+00:00\",\"dateModified\":\"2023-11-10T10:23:02+00:00\",\"breadcrumb\":{\"@id\":\"https:\/\/koylio-seura.fi\/?p=2056#breadcrumb\"},\"inLanguage\":\"fi\",\"potentialAction\":[{\"@type\":\"ReadAction\",\"target\":[\"https:\/\/koylio-seura.fi\/?p=2056\"]}]},{\"@type\":\"BreadcrumbList\",\"@id\":\"https:\/\/koylio-seura.fi\/?p=2056#breadcrumb\",\"itemListElement\":[{\"@type\":\"ListItem\",\"position\":1,\"name\":\"Etusivu\",\"item\":\"https:\/\/koylio-seura.fi\/\"},{\"@type\":\"ListItem\",\"position\":2,\"name\":\"Mila Santalan luento S\u00e4kyl\u00e4n Kansalaisopistossa 26.1.2023\"}]},{\"@type\":\"WebSite\",\"@id\":\"https:\/\/koylio-seura.fi\/#website\",\"url\":\"https:\/\/koylio-seura.fi\/\",\"name\":\"K\u00f6yli\u00f6-seura\",\"description\":\"\",\"publisher\":{\"@id\":\"https:\/\/koylio-seura.fi\/#organization\"},\"potentialAction\":[{\"@type\":\"SearchAction\",\"target\":{\"@type\":\"EntryPoint\",\"urlTemplate\":\"https:\/\/koylio-seura.fi\/?s={search_term_string}\"},\"query-input\":{\"@type\":\"PropertyValueSpecification\",\"valueRequired\":true,\"valueName\":\"search_term_string\"}}],\"inLanguage\":\"fi\"},{\"@type\":\"Organization\",\"@id\":\"https:\/\/koylio-seura.fi\/#organization\",\"name\":\"K\u00f6yli\u00f6-seura\",\"url\":\"https:\/\/koylio-seura.fi\/\",\"logo\":{\"@type\":\"ImageObject\",\"inLanguage\":\"fi\",\"@id\":\"https:\/\/koylio-seura.fi\/#\/schema\/logo\/image\/\",\"url\":\"https:\/\/koylio-seura.fi\/wp-content\/uploads\/2023\/07\/cropped-KS-logo-23.png\",\"contentUrl\":\"https:\/\/koylio-seura.fi\/wp-content\/uploads\/2023\/07\/cropped-KS-logo-23.png\",\"width\":530,\"height\":619,\"caption\":\"K\u00f6yli\u00f6-seura\"},\"image\":{\"@id\":\"https:\/\/koylio-seura.fi\/#\/schema\/logo\/image\/\"}},{\"@type\":\"Person\",\"@id\":\"https:\/\/koylio-seura.fi\/#\/schema\/person\/fc8dd0da791a25161db3b36950c44188\",\"name\":\"Kalevi Salmi\",\"image\":{\"@type\":\"ImageObject\",\"inLanguage\":\"fi\",\"@id\":\"https:\/\/koylio-seura.fi\/#\/schema\/person\/image\/\",\"url\":\"https:\/\/secure.gravatar.com\/avatar\/e7f1c7ac88f588202efcaf38835bdd03405bce50229f16223f8c2237b8a2809a?s=96&d=mm&r=g\",\"contentUrl\":\"https:\/\/secure.gravatar.com\/avatar\/e7f1c7ac88f588202efcaf38835bdd03405bce50229f16223f8c2237b8a2809a?s=96&d=mm&r=g\",\"caption\":\"Kalevi Salmi\"},\"url\":\"https:\/\/koylio-seura.fi\/?author=11\"}]}<\/script>\n<!-- \/ Yoast SEO plugin. -->","yoast_head_json":{"title":"Mila Santalan luento S\u00e4kyl\u00e4n Kansalaisopistossa 26.1.2023 - K\u00f6yli\u00f6-seura","robots":{"index":"index","follow":"follow","max-snippet":"max-snippet:-1","max-image-preview":"max-image-preview:large","max-video-preview":"max-video-preview:-1"},"canonical":"https:\/\/koylio-seura.fi\/?p=2056","og_locale":"fi_FI","og_type":"article","og_title":"Mila Santalan luento S\u00e4kyl\u00e4n Kansalaisopistossa 26.1.2023 - K\u00f6yli\u00f6-seura","og_description":"Mila Santala luennoi tortaina 26.1.2023 klo 18.00 aiheesta &#8221;Miten j\u00e4rjest\u00e4n S\u00e4kyl\u00e4n Kotiseutuarkistoon ajattelemani aineistot&#8221;. Luento on S\u00e4kyl\u00e4n Kansalaisposition j\u00e4rjest\u00e4m\u00e4 ja paikkana on yhteiskoulun audiotila. T\u00e4m\u00e4n luennon piti olla jo 11.4.2022, mutta silloin se peruuntui. Luento on maksuton.","og_url":"https:\/\/koylio-seura.fi\/?p=2056","og_site_name":"K\u00f6yli\u00f6-seura","article_published_time":"2023-01-26T10:17:18+00:00","article_modified_time":"2023-11-10T10:23:02+00:00","author":"Kalevi Salmi","twitter_card":"summary_large_image","twitter_misc":{"Kirjoittanut":"Kalevi Salmi","Arvioitu lukuaika":"1 minuutti"},"schema":{"@context":"https:\/\/schema.org","@graph":[{"@type":"Article","@id":"https:\/\/koylio-seura.fi\/?p=2056#article","isPartOf":{"@id":"https:\/\/koylio-seura.fi\/?p=2056"},"author":{"name":"Kalevi Salmi","@id":"https:\/\/koylio-seura.fi\/#\/schema\/person\/fc8dd0da791a25161db3b36950c44188"},"headline":"Mila Santalan luento S\u00e4kyl\u00e4n Kansalaisopistossa 26.1.2023","datePublished":"2023-01-26T10:17:18+00:00","dateModified":"2023-11-10T10:23:02+00:00","mainEntityOfPage":{"@id":"https:\/\/koylio-seura.fi\/?p=2056"},"wordCount":51,"publisher":{"@id":"https:\/\/koylio-seura.fi\/#organization"},"articleSection":["K\u00f6yli\u00f6-seura"],"inLanguage":"fi"},{"@type":"WebPage","@id":"https:\/\/koylio-seura.fi\/?p=2056","url":"https:\/\/koylio-seura.fi\/?p=2056","name":"Mila Santalan luento S\u00e4kyl\u00e4n Kansalaisopistossa 26.1.2023 - K\u00f6yli\u00f6-seura","isPartOf":{"@id":"https:\/\/koylio-seura.fi\/#website"},"datePublished":"2023-01-26T10:17:18+00:00","dateModified":"2023-11-10T10:23:02+00:00","breadcrumb":{"@id":"https:\/\/koylio-seura.fi\/?p=2056#breadcrumb"},"inLanguage":"fi","potentialAction":[{"@type":"ReadAction","target":["https:\/\/koylio-seura.fi\/?p=2056"]}]},{"@type":"BreadcrumbList","@id":"https:\/\/koylio-seura.fi\/?p=2056#breadcrumb","itemListElement":[{"@type":"ListItem","position":1,"name":"Etusivu","item":"https:\/\/koylio-seura.fi\/"},{"@type":"ListItem","position":2,"name":"Mila Santalan luento S\u00e4kyl\u00e4n Kansalaisopistossa 26.1.2023"}]},{"@type":"WebSite","@id":"https:\/\/koylio-seura.fi\/#website","url":"https:\/\/koylio-seura.fi\/","name":"K\u00f6yli\u00f6-seura","description":"","publisher":{"@id":"https:\/\/koylio-seura.fi\/#organization"},"potentialAction":[{"@type":"SearchAction","target":{"@type":"EntryPoint","urlTemplate":"https:\/\/koylio-seura.fi\/?s={search_term_string}"},"query-input":{"@type":"PropertyValueSpecification","valueRequired":true,"valueName":"search_term_string"}}],"inLanguage":"fi"},{"@type":"Organization","@id":"https:\/\/koylio-seura.fi\/#organization","name":"K\u00f6yli\u00f6-seura","url":"https:\/\/koylio-seura.fi\/","logo":{"@type":"ImageObject","inLanguage":"fi","@id":"https:\/\/koylio-seura.fi\/#\/schema\/logo\/image\/","url":"https:\/\/koylio-seura.fi\/wp-content\/uploads\/2023\/07\/cropped-KS-logo-23.png","contentUrl":"https:\/\/koylio-seura.fi\/wp-content\/uploads\/2023\/07\/cropped-KS-logo-23.png","width":530,"height":619,"caption":"K\u00f6yli\u00f6-seura"},"image":{"@id":"https:\/\/koylio-seura.fi\/#\/schema\/logo\/image\/"}},{"@type":"Person","@id":"https:\/\/koylio-seura.fi\/#\/schema\/person\/fc8dd0da791a25161db3b36950c44188","name":"Kalevi Salmi","image":{"@type":"ImageObject","inLanguage":"fi","@id":"https:\/\/koylio-seura.fi\/#\/schema\/person\/image\/","url":"https:\/\/secure.gravatar.com\/avatar\/e7f1c7ac88f588202efcaf38835bdd03405bce50229f16223f8c2237b8a2809a?s=96&d=mm&r=g","contentUrl":"https:\/\/secure.gravatar.com\/avatar\/e7f1c7ac88f588202efcaf38835bdd03405bce50229f16223f8c2237b8a2809a?s=96&d=mm&r=g","caption":"Kalevi Salmi"},"url":"https:\/\/koylio-seura.fi\/?author=11"}]}},"_links":{"self":[{"href":"https:\/\/koylio-seura.fi\/index.php?rest_route=\/wp\/v2\/posts\/2056","targetHints":{"allow":["GET"]}}],"collection":[{"href":"https:\/\/koylio-seura.fi\/index.php?rest_route=\/wp\/v2\/posts"}],"about":[{"href":"https:\/\/koylio-seura.fi\/index.php?rest_route=\/wp\/v2\/types\/post"}],"author":[{"embeddable":true,"href":"https:\/\/koylio-seura.fi\/index.php?rest_route=\/wp\/v2\/users\/11"}],"replies":[{"embeddable":true,"href":"https:\/\/koylio-seura.fi\/index.php?rest_route=%2Fwp%2Fv2%2Fcomments&post=2056"}],"version-history":[{"count":2,"href":"https:\/\/koylio-seura.fi\/index.php?rest_route=\/wp\/v2\/posts\/2056\/revisions"}],"predecessor-version":[{"id":2058,"href":"https:\/\/koylio-seura.fi\/index.php?rest_route=\/wp\/v2\/posts\/2056\/revisions\/2058"}],"wp:attachment":[{"href":"https:\/\/koylio-seura.fi\/index.php?rest_route=%2Fwp%2Fv2%2Fmedia&parent=2056"}],"wp:term":[{"taxonomy":"category","embeddable":true,"href":"https:\/\/koylio-seura.fi\/index.php?rest_route=%2Fwp%2Fv2%2Fcategories&post=2056"},{"taxonomy":"post_tag","embeddable":true,"href":"https:\/\/koylio-seura.fi\/index.php?rest_route=%2Fwp%2Fv2%2Ftags&post=2056"}],"curies":[{"name":"wp","href":"https:\/\/api.w.org\/{rel}","templated":true}]}}