{"id":1849,"date":"2023-09-23T14:46:08","date_gmt":"2023-09-23T14:46:08","guid":{"rendered":"https:\/\/koylio-seura.eitcon.com\/?p=1849"},"modified":"2023-11-08T20:20:57","modified_gmt":"2023-11-08T20:20:57","slug":"sukukirjakurssitus-23-9-2023-osa-2","status":"publish","type":"post","link":"https:\/\/koylio-seura.fi\/?p=1849","title":{"rendered":"Sukukirjakurssitus 23.9.2023, osa 2"},"content":{"rendered":"\t\t<div data-elementor-type=\"wp-post\" data-elementor-id=\"1849\" class=\"elementor elementor-1849\" data-elementor-post-type=\"post\">\n\t\t\t\t\t\t<section class=\"elementor-section elementor-top-section elementor-element elementor-element-141edc33 elementor-section-boxed elementor-section-height-default elementor-section-height-default\" data-id=\"141edc33\" data-element_type=\"section\">\n\t\t\t\t\t\t<div class=\"elementor-container elementor-column-gap-default\">\n\t\t\t\t\t<div class=\"elementor-column elementor-col-100 elementor-top-column elementor-element elementor-element-106862a4\" data-id=\"106862a4\" data-element_type=\"column\">\n\t\t\t<div class=\"elementor-widget-wrap elementor-element-populated\">\n\t\t\t\t\t\t<div class=\"elementor-element elementor-element-16295091 elementor-widget elementor-widget-text-editor\" data-id=\"16295091\" data-element_type=\"widget\" data-widget_type=\"text-editor.default\">\n\t\t\t\t<div class=\"elementor-widget-container\">\n\t\t\t\t\t\t\t\t\t\n<p>K\u00f6yli\u00f6-seuran hallitus on hyv\u00e4ksynyt alla olevan kurssiohjelman ja -maksut.<br \/>Kurssille voi siis jo ilmoittautua. HUOMATKAA, ett\u00e4 my\u00f6s jo alustavasti ilmoittautuneiden tulee tehd\u00e4 virallinen ilmoittautuminen.<\/p>\n\n<p>Kurssin nimi: Sukukirjakurssitus<\/p>\n\n<p>J\u00e4rjest\u00e4j\u00e4: K\u00f6yli\u00f6-seura<br \/>Ajankohta: Lauantai 23.9.2023 klo 10.00 -16.00 (Katso my\u00f6s kohdasta Kurssituksesta lis\u00e4ksi huomioitavaa)<br \/>Kurssipaikka: Lallin koulu S\u00e4kyl\u00e4n K\u00f6yli\u00f6n Kankaanp\u00e4\u00e4ss\u00e4<br \/>Kurssivastaava: Kalevi Salmi<br \/>Kurssin hinta: 40 euroa\/hl\u00f6\/K\u00f6yli\u00f6-seuran j\u00e4sen. Ei j\u00e4sen 60 euroa. Hinta sis\u00e4lt\u00e4\u00e4 koulutuksen lis\u00e4ksi alkukahvin, p\u00e4iv\u00e4ruoan ja iltap\u00e4iv\u00e4kahvin.<br \/>Ilmoittautuminen: 1.9.2023 menness\u00e4 s\u00e4hk\u00f6postilla kalevi.salmi@fimnet.fi<br \/>Kurssimaksu 1.9.2023 menness\u00e4 Seuran tilille Alasatakunnan Osuuspankki Fi30 5476 6840 0112 91<br \/>Kurssin aikana kukin tekee pienehk\u00f6n sukumonisteen jaettavaksi esim. omille l\u00e4hisukulaisilleen. Samoilla opeilla voi my\u00f6hemmin tehd\u00e4 laajemmankin sukukirjan. Kurssille voi osallistua my\u00f6s pelkk\u00e4n\u00e4 kuunteluoppilaana.<br \/>Monisteen taiton kurssilaiset tekev\u00e4t omilla tietokoneillaan. Kirja \u201dtaitetaan\u201d word-ohjelmalla. My\u00f6s open office word on mahdollinen, mutta siit\u00e4 puuttuvat monet maksetun wordin ominaisuudet. Valokuvien k\u00e4sittelyss\u00e4 k\u00e4ytet\u00e4\u00e4n ilmaisohjelmaa paint.net tai sit\u00e4 ohjelmaa, jota olette tottuneet k\u00e4ytt\u00e4m\u00e4\u00e4n. Kurssilla k\u00e4ytet\u00e4\u00e4n my\u00f6s Ykk\u00f6skurssilla vuonna 2019 tietokoneisiin ladattua Sukujutut-ohjelmaa.<\/p>\n\n<p>P\u00e4iv\u00e4n ohjelma<\/p>\n\n<p>09.30-10.00 Kahvitus<br \/>10.00-12.30 Teoriaosuus: Sukumonisteen suunnittelu, tekstit, valokuvat.<br \/>12.30-13.30 Ruokailu ja kahvitus<br \/>13.30-16.00 Sukumonisteen taittoa<\/p>\n\n<p>Kurssituksesta lis\u00e4ksi huomioitavaa:<br \/>Vuoden 2019 ykk\u00f6skurssin aikana totesin, ett\u00e4 etuk\u00e4teen tulee varmistaa monia kurssilaisten tietokoneiseen ja niiden ohjelmiin liittyvi\u00e4 asioita, jotta voidaan keskitty\u00e4 koulutusp\u00e4iv\u00e4n\u00e4 itse asiaan. Olen siit\u00e4 syyst\u00e4 halunnut tiet\u00e4\u00e4 osallistujien nimet jo hyviss\u00e4 ajoin. Kuvittelen my\u00f6s, ett\u00e4 tarvitsemme my\u00f6s ennen varsinaista koulutusp\u00e4iv\u00e4\u00e4 1-2 tunnin hetken, jolloin testailemme koneita. Olen varannut kalenteristani perjantain 22.9.2023 klo 17.00-19.00. Kun ilmoittaudut kurssille, varaudu tulemaan my\u00f6s perjantaina. Ellei perjantai k\u00e4y, niin ilmoita. Varmaan voin hoitaa asian kanssasi muullakin tavalla.<\/p>\n\n<p>Kun olet ilmoittautunut, saat minulta s\u00e4hk\u00f6postin, jossa kerron yksityiskohdista tarkemmin<\/p>\n\n<p>Turussa 27.5.2023 Kalevi Salmi<br \/>Puh. 040 585 5292, s\u00e4hk\u00f6posti kalevi.salmi@fimnet.fi<\/p>\n\t\t\t\t\t\t\t\t<\/div>\n\t\t\t\t<\/div>\n\t\t\t\t\t<\/div>\n\t\t<\/div>\n\t\t\t\t\t<\/div>\n\t\t<\/section>\n\t\t\t\t<\/div>\n\t\t","protected":false},"excerpt":{"rendered":"<p>K\u00f6yli\u00f6-seuran hallitus on hyv\u00e4ksynyt alla olevan kurssiohjelman ja -maksut.Kurssille voi siis jo ilmoittautua. HUOMATKAA, ett\u00e4 my\u00f6s jo alustavasti ilmoittautuneiden tulee tehd\u00e4 virallinen ilmoittautuminen. Kurssin nimi: Sukukirjakurssitus J\u00e4rjest\u00e4j\u00e4: K\u00f6yli\u00f6-seuraAjankohta: Lauantai 23.9.2023 klo 10.00 -16.00 (Katso my\u00f6s kohdasta Kurssituksesta lis\u00e4ksi huomioitavaa)Kurssipaikka: Lallin &#8230; <a title=\"Sukukirjakurssitus 23.9.2023, osa 2\" class=\"read-more\" href=\"https:\/\/koylio-seura.fi\/?p=1849\" aria-label=\"Lue lis\u00e4\u00e4 aiheesta Sukukirjakurssitus 23.9.2023, osa 2\">Lue lis\u00e4\u00e4<\/a><\/p>\n","protected":false},"author":11,"featured_media":0,"comment_status":"open","ping_status":"closed","sticky":false,"template":"","format":"standard","meta":{"footnotes":""},"categories":[4],"tags":[],"class_list":["post-1849","post","type-post","status-publish","format-standard","hentry","category-koylio-seura","infinite-scroll-item"],"yoast_head":"<!-- This site is optimized with the Yoast SEO plugin v26.6 - https:\/\/yoast.com\/wordpress\/plugins\/seo\/ -->\n<title>Sukukirjakurssitus 23.9.2023, osa 2 - K\u00f6yli\u00f6-seura<\/title>\n<meta name=\"robots\" content=\"index, follow, max-snippet:-1, max-image-preview:large, max-video-preview:-1\" \/>\n<link rel=\"canonical\" href=\"https:\/\/koylio-seura.fi\/?p=1849\" \/>\n<meta property=\"og:locale\" content=\"fi_FI\" \/>\n<meta property=\"og:type\" content=\"article\" \/>\n<meta property=\"og:title\" content=\"Sukukirjakurssitus 23.9.2023, osa 2 - K\u00f6yli\u00f6-seura\" \/>\n<meta property=\"og:description\" content=\"K\u00f6yli\u00f6-seuran hallitus on hyv\u00e4ksynyt alla olevan kurssiohjelman ja -maksut.Kurssille voi siis jo ilmoittautua. HUOMATKAA, ett\u00e4 my\u00f6s jo alustavasti ilmoittautuneiden tulee tehd\u00e4 virallinen ilmoittautuminen. Kurssin nimi: Sukukirjakurssitus J\u00e4rjest\u00e4j\u00e4: K\u00f6yli\u00f6-seuraAjankohta: Lauantai 23.9.2023 klo 10.00 -16.00 (Katso my\u00f6s kohdasta Kurssituksesta lis\u00e4ksi huomioitavaa)Kurssipaikka: Lallin ... Lue lis\u00e4\u00e4\" \/>\n<meta property=\"og:url\" content=\"https:\/\/koylio-seura.fi\/?p=1849\" \/>\n<meta property=\"og:site_name\" content=\"K\u00f6yli\u00f6-seura\" \/>\n<meta property=\"article:published_time\" content=\"2023-09-23T14:46:08+00:00\" \/>\n<meta property=\"article:modified_time\" content=\"2023-11-08T20:20:57+00:00\" \/>\n<meta name=\"author\" content=\"Kalevi Salmi\" \/>\n<meta name=\"twitter:card\" content=\"summary_large_image\" \/>\n<meta name=\"twitter:label1\" content=\"Kirjoittanut\" \/>\n\t<meta name=\"twitter:data1\" content=\"Kalevi Salmi\" \/>\n\t<meta name=\"twitter:label2\" content=\"Arvioitu lukuaika\" \/>\n\t<meta name=\"twitter:data2\" content=\"2 minuuttia\" \/>\n<script type=\"application\/ld+json\" class=\"yoast-schema-graph\">{\"@context\":\"https:\/\/schema.org\",\"@graph\":[{\"@type\":\"Article\",\"@id\":\"https:\/\/koylio-seura.fi\/?p=1849#article\",\"isPartOf\":{\"@id\":\"https:\/\/koylio-seura.fi\/?p=1849\"},\"author\":{\"name\":\"Kalevi Salmi\",\"@id\":\"https:\/\/koylio-seura.fi\/#\/schema\/person\/fc8dd0da791a25161db3b36950c44188\"},\"headline\":\"Sukukirjakurssitus 23.9.2023, osa 2\",\"datePublished\":\"2023-09-23T14:46:08+00:00\",\"dateModified\":\"2023-11-08T20:20:57+00:00\",\"mainEntityOfPage\":{\"@id\":\"https:\/\/koylio-seura.fi\/?p=1849\"},\"wordCount\":313,\"commentCount\":0,\"publisher\":{\"@id\":\"https:\/\/koylio-seura.fi\/#organization\"},\"articleSection\":[\"K\u00f6yli\u00f6-seura\"],\"inLanguage\":\"fi\",\"potentialAction\":[{\"@type\":\"CommentAction\",\"name\":\"Comment\",\"target\":[\"https:\/\/koylio-seura.fi\/?p=1849#respond\"]}]},{\"@type\":\"WebPage\",\"@id\":\"https:\/\/koylio-seura.fi\/?p=1849\",\"url\":\"https:\/\/koylio-seura.fi\/?p=1849\",\"name\":\"Sukukirjakurssitus 23.9.2023, osa 2 - K\u00f6yli\u00f6-seura\",\"isPartOf\":{\"@id\":\"https:\/\/koylio-seura.fi\/#website\"},\"datePublished\":\"2023-09-23T14:46:08+00:00\",\"dateModified\":\"2023-11-08T20:20:57+00:00\",\"breadcrumb\":{\"@id\":\"https:\/\/koylio-seura.fi\/?p=1849#breadcrumb\"},\"inLanguage\":\"fi\",\"potentialAction\":[{\"@type\":\"ReadAction\",\"target\":[\"https:\/\/koylio-seura.fi\/?p=1849\"]}]},{\"@type\":\"BreadcrumbList\",\"@id\":\"https:\/\/koylio-seura.fi\/?p=1849#breadcrumb\",\"itemListElement\":[{\"@type\":\"ListItem\",\"position\":1,\"name\":\"Etusivu\",\"item\":\"https:\/\/koylio-seura.fi\/\"},{\"@type\":\"ListItem\",\"position\":2,\"name\":\"Sukukirjakurssitus 23.9.2023, osa 2\"}]},{\"@type\":\"WebSite\",\"@id\":\"https:\/\/koylio-seura.fi\/#website\",\"url\":\"https:\/\/koylio-seura.fi\/\",\"name\":\"K\u00f6yli\u00f6-seura\",\"description\":\"\",\"publisher\":{\"@id\":\"https:\/\/koylio-seura.fi\/#organization\"},\"potentialAction\":[{\"@type\":\"SearchAction\",\"target\":{\"@type\":\"EntryPoint\",\"urlTemplate\":\"https:\/\/koylio-seura.fi\/?s={search_term_string}\"},\"query-input\":{\"@type\":\"PropertyValueSpecification\",\"valueRequired\":true,\"valueName\":\"search_term_string\"}}],\"inLanguage\":\"fi\"},{\"@type\":\"Organization\",\"@id\":\"https:\/\/koylio-seura.fi\/#organization\",\"name\":\"K\u00f6yli\u00f6-seura\",\"url\":\"https:\/\/koylio-seura.fi\/\",\"logo\":{\"@type\":\"ImageObject\",\"inLanguage\":\"fi\",\"@id\":\"https:\/\/koylio-seura.fi\/#\/schema\/logo\/image\/\",\"url\":\"https:\/\/koylio-seura.fi\/wp-content\/uploads\/2023\/07\/cropped-KS-logo-23.png\",\"contentUrl\":\"https:\/\/koylio-seura.fi\/wp-content\/uploads\/2023\/07\/cropped-KS-logo-23.png\",\"width\":530,\"height\":619,\"caption\":\"K\u00f6yli\u00f6-seura\"},\"image\":{\"@id\":\"https:\/\/koylio-seura.fi\/#\/schema\/logo\/image\/\"}},{\"@type\":\"Person\",\"@id\":\"https:\/\/koylio-seura.fi\/#\/schema\/person\/fc8dd0da791a25161db3b36950c44188\",\"name\":\"Kalevi Salmi\",\"image\":{\"@type\":\"ImageObject\",\"inLanguage\":\"fi\",\"@id\":\"https:\/\/koylio-seura.fi\/#\/schema\/person\/image\/\",\"url\":\"https:\/\/secure.gravatar.com\/avatar\/e7f1c7ac88f588202efcaf38835bdd03405bce50229f16223f8c2237b8a2809a?s=96&d=mm&r=g\",\"contentUrl\":\"https:\/\/secure.gravatar.com\/avatar\/e7f1c7ac88f588202efcaf38835bdd03405bce50229f16223f8c2237b8a2809a?s=96&d=mm&r=g\",\"caption\":\"Kalevi Salmi\"},\"url\":\"https:\/\/koylio-seura.fi\/?author=11\"}]}<\/script>\n<!-- \/ Yoast SEO plugin. -->","yoast_head_json":{"title":"Sukukirjakurssitus 23.9.2023, osa 2 - K\u00f6yli\u00f6-seura","robots":{"index":"index","follow":"follow","max-snippet":"max-snippet:-1","max-image-preview":"max-image-preview:large","max-video-preview":"max-video-preview:-1"},"canonical":"https:\/\/koylio-seura.fi\/?p=1849","og_locale":"fi_FI","og_type":"article","og_title":"Sukukirjakurssitus 23.9.2023, osa 2 - K\u00f6yli\u00f6-seura","og_description":"K\u00f6yli\u00f6-seuran hallitus on hyv\u00e4ksynyt alla olevan kurssiohjelman ja -maksut.Kurssille voi siis jo ilmoittautua. HUOMATKAA, ett\u00e4 my\u00f6s jo alustavasti ilmoittautuneiden tulee tehd\u00e4 virallinen ilmoittautuminen. Kurssin nimi: Sukukirjakurssitus J\u00e4rjest\u00e4j\u00e4: K\u00f6yli\u00f6-seuraAjankohta: Lauantai 23.9.2023 klo 10.00 -16.00 (Katso my\u00f6s kohdasta Kurssituksesta lis\u00e4ksi huomioitavaa)Kurssipaikka: Lallin ... Lue lis\u00e4\u00e4","og_url":"https:\/\/koylio-seura.fi\/?p=1849","og_site_name":"K\u00f6yli\u00f6-seura","article_published_time":"2023-09-23T14:46:08+00:00","article_modified_time":"2023-11-08T20:20:57+00:00","author":"Kalevi Salmi","twitter_card":"summary_large_image","twitter_misc":{"Kirjoittanut":"Kalevi Salmi","Arvioitu lukuaika":"2 minuuttia"},"schema":{"@context":"https:\/\/schema.org","@graph":[{"@type":"Article","@id":"https:\/\/koylio-seura.fi\/?p=1849#article","isPartOf":{"@id":"https:\/\/koylio-seura.fi\/?p=1849"},"author":{"name":"Kalevi Salmi","@id":"https:\/\/koylio-seura.fi\/#\/schema\/person\/fc8dd0da791a25161db3b36950c44188"},"headline":"Sukukirjakurssitus 23.9.2023, osa 2","datePublished":"2023-09-23T14:46:08+00:00","dateModified":"2023-11-08T20:20:57+00:00","mainEntityOfPage":{"@id":"https:\/\/koylio-seura.fi\/?p=1849"},"wordCount":313,"commentCount":0,"publisher":{"@id":"https:\/\/koylio-seura.fi\/#organization"},"articleSection":["K\u00f6yli\u00f6-seura"],"inLanguage":"fi","potentialAction":[{"@type":"CommentAction","name":"Comment","target":["https:\/\/koylio-seura.fi\/?p=1849#respond"]}]},{"@type":"WebPage","@id":"https:\/\/koylio-seura.fi\/?p=1849","url":"https:\/\/koylio-seura.fi\/?p=1849","name":"Sukukirjakurssitus 23.9.2023, osa 2 - K\u00f6yli\u00f6-seura","isPartOf":{"@id":"https:\/\/koylio-seura.fi\/#website"},"datePublished":"2023-09-23T14:46:08+00:00","dateModified":"2023-11-08T20:20:57+00:00","breadcrumb":{"@id":"https:\/\/koylio-seura.fi\/?p=1849#breadcrumb"},"inLanguage":"fi","potentialAction":[{"@type":"ReadAction","target":["https:\/\/koylio-seura.fi\/?p=1849"]}]},{"@type":"BreadcrumbList","@id":"https:\/\/koylio-seura.fi\/?p=1849#breadcrumb","itemListElement":[{"@type":"ListItem","position":1,"name":"Etusivu","item":"https:\/\/koylio-seura.fi\/"},{"@type":"ListItem","position":2,"name":"Sukukirjakurssitus 23.9.2023, osa 2"}]},{"@type":"WebSite","@id":"https:\/\/koylio-seura.fi\/#website","url":"https:\/\/koylio-seura.fi\/","name":"K\u00f6yli\u00f6-seura","description":"","publisher":{"@id":"https:\/\/koylio-seura.fi\/#organization"},"potentialAction":[{"@type":"SearchAction","target":{"@type":"EntryPoint","urlTemplate":"https:\/\/koylio-seura.fi\/?s={search_term_string}"},"query-input":{"@type":"PropertyValueSpecification","valueRequired":true,"valueName":"search_term_string"}}],"inLanguage":"fi"},{"@type":"Organization","@id":"https:\/\/koylio-seura.fi\/#organization","name":"K\u00f6yli\u00f6-seura","url":"https:\/\/koylio-seura.fi\/","logo":{"@type":"ImageObject","inLanguage":"fi","@id":"https:\/\/koylio-seura.fi\/#\/schema\/logo\/image\/","url":"https:\/\/koylio-seura.fi\/wp-content\/uploads\/2023\/07\/cropped-KS-logo-23.png","contentUrl":"https:\/\/koylio-seura.fi\/wp-content\/uploads\/2023\/07\/cropped-KS-logo-23.png","width":530,"height":619,"caption":"K\u00f6yli\u00f6-seura"},"image":{"@id":"https:\/\/koylio-seura.fi\/#\/schema\/logo\/image\/"}},{"@type":"Person","@id":"https:\/\/koylio-seura.fi\/#\/schema\/person\/fc8dd0da791a25161db3b36950c44188","name":"Kalevi Salmi","image":{"@type":"ImageObject","inLanguage":"fi","@id":"https:\/\/koylio-seura.fi\/#\/schema\/person\/image\/","url":"https:\/\/secure.gravatar.com\/avatar\/e7f1c7ac88f588202efcaf38835bdd03405bce50229f16223f8c2237b8a2809a?s=96&d=mm&r=g","contentUrl":"https:\/\/secure.gravatar.com\/avatar\/e7f1c7ac88f588202efcaf38835bdd03405bce50229f16223f8c2237b8a2809a?s=96&d=mm&r=g","caption":"Kalevi Salmi"},"url":"https:\/\/koylio-seura.fi\/?author=11"}]}},"_links":{"self":[{"href":"https:\/\/koylio-seura.fi\/index.php?rest_route=\/wp\/v2\/posts\/1849","targetHints":{"allow":["GET"]}}],"collection":[{"href":"https:\/\/koylio-seura.fi\/index.php?rest_route=\/wp\/v2\/posts"}],"about":[{"href":"https:\/\/koylio-seura.fi\/index.php?rest_route=\/wp\/v2\/types\/post"}],"author":[{"embeddable":true,"href":"https:\/\/koylio-seura.fi\/index.php?rest_route=\/wp\/v2\/users\/11"}],"replies":[{"embeddable":true,"href":"https:\/\/koylio-seura.fi\/index.php?rest_route=%2Fwp%2Fv2%2Fcomments&post=1849"}],"version-history":[{"count":4,"href":"https:\/\/koylio-seura.fi\/index.php?rest_route=\/wp\/v2\/posts\/1849\/revisions"}],"predecessor-version":[{"id":2052,"href":"https:\/\/koylio-seura.fi\/index.php?rest_route=\/wp\/v2\/posts\/1849\/revisions\/2052"}],"wp:attachment":[{"href":"https:\/\/koylio-seura.fi\/index.php?rest_route=%2Fwp%2Fv2%2Fmedia&parent=1849"}],"wp:term":[{"taxonomy":"category","embeddable":true,"href":"https:\/\/koylio-seura.fi\/index.php?rest_route=%2Fwp%2Fv2%2Fcategories&post=1849"},{"taxonomy":"post_tag","embeddable":true,"href":"https:\/\/koylio-seura.fi\/index.php?rest_route=%2Fwp%2Fv2%2Ftags&post=1849"}],"curies":[{"name":"wp","href":"https:\/\/api.w.org\/{rel}","templated":true}]}}