{"id":16128,"date":"2026-01-23T18:11:00","date_gmt":"2026-01-23T18:11:00","guid":{"rendered":"https:\/\/koylio-seura.fi\/?p=16128"},"modified":"2026-02-24T07:13:37","modified_gmt":"2026-02-24T07:13:37","slug":"28-3-2026-klo-13-koylion-ystavien-teatterikaynti-tttn-kellariteatterissa","status":"publish","type":"post","link":"https:\/\/koylio-seura.fi\/?p=16128","title":{"rendered":"28.3.2026 klo 13 K\u00f6yli\u00f6n yst\u00e4vien teatterik\u00e4ynti TTT:n Kellariteatterissa"},"content":{"rendered":"\t\t<div data-elementor-type=\"wp-post\" data-elementor-id=\"16128\" class=\"elementor elementor-16128\" data-elementor-post-type=\"post\">\n\t\t\t\t\t\t<section class=\"elementor-section elementor-top-section elementor-element elementor-element-6d94a5fb elementor-section-boxed elementor-section-height-default elementor-section-height-default\" data-id=\"6d94a5fb\" data-element_type=\"section\">\n\t\t\t\t\t\t<div class=\"elementor-container elementor-column-gap-default\">\n\t\t\t\t\t<div class=\"elementor-column elementor-col-100 elementor-top-column elementor-element elementor-element-70f9512e\" data-id=\"70f9512e\" data-element_type=\"column\">\n\t\t\t<div class=\"elementor-widget-wrap elementor-element-populated\">\n\t\t\t\t\t\t<div class=\"elementor-element elementor-element-386ffe6c elementor-widget elementor-widget-text-editor\" data-id=\"386ffe6c\" data-element_type=\"widget\" data-widget_type=\"text-editor.default\">\n\t\t\t\t<div class=\"elementor-widget-container\">\n\t\t\t\t\t\t\t\t\t<p>TTT:n Kellariteatterissa katsomme suuren suosion saaneen n\u00e4ytelm\u00e4n \u201dV\u00e4yl\u00e4\u201d. Teatteriliput pit\u00e4\u00e4 lunastaa kuukautta ennen n\u00e4yt\u00f6st\u00e4, joten ilmoittaudu teatterik\u00e4yntiin allekirjoittaneelle ja maksa<br \/><strong>36 euroa<\/strong> Martti Erkkil\u00e4n <strong>tilille<\/strong> <strong>FI98 1146 3500 0088 07<\/strong> <strong>viimeist\u00e4\u00e4n ke 25.2.2026. (<\/strong>Viesti: K\u00f6yli\u00f6n yst\u00e4v\u00e4)<\/p>\n<p><!-- \/wp:paragraph --><!-- wp:paragraph --><\/p>\n<p><strong>Rosa Liksomin\u00a0<\/strong>romaaniin pohjautuva esitys \u201dV\u00e4yl\u00e4\u201d jatkaa\u00a0<strong>Mikko Roihan\u00a0<\/strong>dramatisoiman ja ohjaaman Ei kertonut katuvansa-produktiossa k\u00e4ynnistynytt\u00e4 sarjaa, jossa sotien aiheuttamia olosuhteita k\u00e4sitell\u00e4\u00e4n naisten n\u00e4k\u00f6kulmasta. V\u00e4yl\u00e4n esitt\u00e4\u00e4 TTT:n kellariteatterissa sukupolvensa vahvimpiin t\u00e4htiin kuuluva, Olavi Veist\u00e4j\u00e4 -palkittu n\u00e4yttelij\u00e4\u00a0<strong>Ella Mett\u00e4nen<\/strong>.<\/p>\n<p><!-- \/wp:paragraph --><!-- wp:paragraph --><\/p>\n<p>Terveisin<br \/>Pirkko Partanen,\u00a0<a href=\"mailto:pirkkopartanen13@gmail.com\" target=\"_blank\" rel=\"noreferrer noopener\">pirkkopartanen13@gmail.com<\/a>, p. 0458565633<br \/>Martti Erkkil\u00e4,\u00a0<a href=\"mailto:martti.erkkila@pp.inet.fi\" target=\"_blank\" rel=\"noreferrer noopener\">martti.erkkila@pp.inet.fi<\/a>, p. 0400425236<\/p>\n<p><!-- \/wp:paragraph --><\/p>\t\t\t\t\t\t\t\t<\/div>\n\t\t\t\t<\/div>\n\t\t\t\t\t<\/div>\n\t\t<\/div>\n\t\t\t\t\t<\/div>\n\t\t<\/section>\n\t\t\t\t<\/div>\n\t\t","protected":false},"excerpt":{"rendered":"<p>TTT:n Kellariteatterissa katsomme suuren suosion saaneen n\u00e4ytelm\u00e4n \u201dV\u00e4yl\u00e4\u201d. Teatteriliput pit\u00e4\u00e4 lunastaa kuukautta ennen n\u00e4yt\u00f6st\u00e4, joten ilmoittaudu teatterik\u00e4yntiin allekirjoittaneelle ja maksa36 euroa Martti Erkkil\u00e4n tilille FI98 1146 3500 0088 07 viimeist\u00e4\u00e4n ke 25.2.2026. (Viesti: K\u00f6yli\u00f6n yst\u00e4v\u00e4) Rosa Liksomin\u00a0romaaniin pohjautuva esitys \u201dV\u00e4yl\u00e4\u201d &#8230; <a title=\"28.3.2026 klo 13 K\u00f6yli\u00f6n yst\u00e4vien teatterik\u00e4ynti TTT:n Kellariteatterissa\" class=\"read-more\" href=\"https:\/\/koylio-seura.fi\/?p=16128\" aria-label=\"Lue lis\u00e4\u00e4 aiheesta 28.3.2026 klo 13 K\u00f6yli\u00f6n yst\u00e4vien teatterik\u00e4ynti TTT:n Kellariteatterissa\">Lue lis\u00e4\u00e4<\/a><\/p>\n","protected":false},"author":6,"featured_media":0,"comment_status":"closed","ping_status":"closed","sticky":false,"template":"","format":"standard","meta":{"footnotes":""},"categories":[4],"tags":[],"class_list":["post-16128","post","type-post","status-publish","format-standard","hentry","category-koylio-seura","infinite-scroll-item"],"yoast_head":"<!-- This site is optimized with the Yoast SEO plugin v26.6 - https:\/\/yoast.com\/wordpress\/plugins\/seo\/ -->\n<title>28.3.2026 klo 13 K\u00f6yli\u00f6n yst\u00e4vien teatterik\u00e4ynti TTT:n Kellariteatterissa - K\u00f6yli\u00f6-seura<\/title>\n<meta name=\"robots\" content=\"index, follow, max-snippet:-1, max-image-preview:large, max-video-preview:-1\" \/>\n<link rel=\"canonical\" href=\"https:\/\/koylio-seura.fi\/?p=16128\" \/>\n<meta property=\"og:locale\" content=\"fi_FI\" \/>\n<meta property=\"og:type\" content=\"article\" \/>\n<meta property=\"og:title\" content=\"28.3.2026 klo 13 K\u00f6yli\u00f6n yst\u00e4vien teatterik\u00e4ynti TTT:n Kellariteatterissa - K\u00f6yli\u00f6-seura\" \/>\n<meta property=\"og:description\" content=\"TTT:n Kellariteatterissa katsomme suuren suosion saaneen n\u00e4ytelm\u00e4n \u201dV\u00e4yl\u00e4\u201d. Teatteriliput pit\u00e4\u00e4 lunastaa kuukautta ennen n\u00e4yt\u00f6st\u00e4, joten ilmoittaudu teatterik\u00e4yntiin allekirjoittaneelle ja maksa36 euroa Martti Erkkil\u00e4n tilille FI98 1146 3500 0088 07 viimeist\u00e4\u00e4n ke 25.2.2026. (Viesti: K\u00f6yli\u00f6n yst\u00e4v\u00e4) Rosa Liksomin\u00a0romaaniin pohjautuva esitys \u201dV\u00e4yl\u00e4\u201d ... Lue lis\u00e4\u00e4\" \/>\n<meta property=\"og:url\" content=\"https:\/\/koylio-seura.fi\/?p=16128\" \/>\n<meta property=\"og:site_name\" content=\"K\u00f6yli\u00f6-seura\" \/>\n<meta property=\"article:published_time\" content=\"2026-01-23T18:11:00+00:00\" \/>\n<meta property=\"article:modified_time\" content=\"2026-02-24T07:13:37+00:00\" \/>\n<meta name=\"author\" content=\"Marita Holkeri\" \/>\n<meta name=\"twitter:card\" content=\"summary_large_image\" \/>\n<meta name=\"twitter:label1\" content=\"Kirjoittanut\" \/>\n\t<meta name=\"twitter:data1\" content=\"Marita Holkeri\" \/>\n\t<meta name=\"twitter:label2\" content=\"Arvioitu lukuaika\" \/>\n\t<meta name=\"twitter:data2\" content=\"1 minuutti\" \/>\n<script type=\"application\/ld+json\" class=\"yoast-schema-graph\">{\"@context\":\"https:\/\/schema.org\",\"@graph\":[{\"@type\":\"Article\",\"@id\":\"https:\/\/koylio-seura.fi\/?p=16128#article\",\"isPartOf\":{\"@id\":\"https:\/\/koylio-seura.fi\/?p=16128\"},\"author\":{\"name\":\"Marita Holkeri\",\"@id\":\"https:\/\/koylio-seura.fi\/#\/schema\/person\/df27e5a4e7c9a06b7b1b7d0fb9c6b2b9\"},\"headline\":\"28.3.2026 klo 13 K\u00f6yli\u00f6n yst\u00e4vien teatterik\u00e4ynti TTT:n Kellariteatterissa\",\"datePublished\":\"2026-01-23T18:11:00+00:00\",\"dateModified\":\"2026-02-24T07:13:37+00:00\",\"mainEntityOfPage\":{\"@id\":\"https:\/\/koylio-seura.fi\/?p=16128\"},\"wordCount\":118,\"publisher\":{\"@id\":\"https:\/\/koylio-seura.fi\/#organization\"},\"articleSection\":[\"K\u00f6yli\u00f6-seura\"],\"inLanguage\":\"fi\"},{\"@type\":\"WebPage\",\"@id\":\"https:\/\/koylio-seura.fi\/?p=16128\",\"url\":\"https:\/\/koylio-seura.fi\/?p=16128\",\"name\":\"28.3.2026 klo 13 K\u00f6yli\u00f6n yst\u00e4vien teatterik\u00e4ynti TTT:n Kellariteatterissa - K\u00f6yli\u00f6-seura\",\"isPartOf\":{\"@id\":\"https:\/\/koylio-seura.fi\/#website\"},\"datePublished\":\"2026-01-23T18:11:00+00:00\",\"dateModified\":\"2026-02-24T07:13:37+00:00\",\"breadcrumb\":{\"@id\":\"https:\/\/koylio-seura.fi\/?p=16128#breadcrumb\"},\"inLanguage\":\"fi\",\"potentialAction\":[{\"@type\":\"ReadAction\",\"target\":[\"https:\/\/koylio-seura.fi\/?p=16128\"]}]},{\"@type\":\"BreadcrumbList\",\"@id\":\"https:\/\/koylio-seura.fi\/?p=16128#breadcrumb\",\"itemListElement\":[{\"@type\":\"ListItem\",\"position\":1,\"name\":\"Etusivu\",\"item\":\"https:\/\/koylio-seura.fi\/\"},{\"@type\":\"ListItem\",\"position\":2,\"name\":\"28.3.2026 klo 13 K\u00f6yli\u00f6n yst\u00e4vien teatterik\u00e4ynti TTT:n Kellariteatterissa\"}]},{\"@type\":\"WebSite\",\"@id\":\"https:\/\/koylio-seura.fi\/#website\",\"url\":\"https:\/\/koylio-seura.fi\/\",\"name\":\"K\u00f6yli\u00f6-seura\",\"description\":\"\",\"publisher\":{\"@id\":\"https:\/\/koylio-seura.fi\/#organization\"},\"potentialAction\":[{\"@type\":\"SearchAction\",\"target\":{\"@type\":\"EntryPoint\",\"urlTemplate\":\"https:\/\/koylio-seura.fi\/?s={search_term_string}\"},\"query-input\":{\"@type\":\"PropertyValueSpecification\",\"valueRequired\":true,\"valueName\":\"search_term_string\"}}],\"inLanguage\":\"fi\"},{\"@type\":\"Organization\",\"@id\":\"https:\/\/koylio-seura.fi\/#organization\",\"name\":\"K\u00f6yli\u00f6-seura\",\"url\":\"https:\/\/koylio-seura.fi\/\",\"logo\":{\"@type\":\"ImageObject\",\"inLanguage\":\"fi\",\"@id\":\"https:\/\/koylio-seura.fi\/#\/schema\/logo\/image\/\",\"url\":\"https:\/\/koylio-seura.fi\/wp-content\/uploads\/2023\/07\/cropped-KS-logo-23.png\",\"contentUrl\":\"https:\/\/koylio-seura.fi\/wp-content\/uploads\/2023\/07\/cropped-KS-logo-23.png\",\"width\":530,\"height\":619,\"caption\":\"K\u00f6yli\u00f6-seura\"},\"image\":{\"@id\":\"https:\/\/koylio-seura.fi\/#\/schema\/logo\/image\/\"}},{\"@type\":\"Person\",\"@id\":\"https:\/\/koylio-seura.fi\/#\/schema\/person\/df27e5a4e7c9a06b7b1b7d0fb9c6b2b9\",\"name\":\"Marita Holkeri\",\"image\":{\"@type\":\"ImageObject\",\"inLanguage\":\"fi\",\"@id\":\"https:\/\/koylio-seura.fi\/#\/schema\/person\/image\/\",\"url\":\"https:\/\/secure.gravatar.com\/avatar\/515eac4f85d7b2a6cf676cd832e866082201cebc019f8d4e6bb2872e20c2d0fa?s=96&d=mm&r=g\",\"contentUrl\":\"https:\/\/secure.gravatar.com\/avatar\/515eac4f85d7b2a6cf676cd832e866082201cebc019f8d4e6bb2872e20c2d0fa?s=96&d=mm&r=g\",\"caption\":\"Marita Holkeri\"},\"url\":\"https:\/\/koylio-seura.fi\/?author=6\"}]}<\/script>\n<!-- \/ Yoast SEO plugin. -->","yoast_head_json":{"title":"28.3.2026 klo 13 K\u00f6yli\u00f6n yst\u00e4vien teatterik\u00e4ynti TTT:n Kellariteatterissa - K\u00f6yli\u00f6-seura","robots":{"index":"index","follow":"follow","max-snippet":"max-snippet:-1","max-image-preview":"max-image-preview:large","max-video-preview":"max-video-preview:-1"},"canonical":"https:\/\/koylio-seura.fi\/?p=16128","og_locale":"fi_FI","og_type":"article","og_title":"28.3.2026 klo 13 K\u00f6yli\u00f6n yst\u00e4vien teatterik\u00e4ynti TTT:n Kellariteatterissa - K\u00f6yli\u00f6-seura","og_description":"TTT:n Kellariteatterissa katsomme suuren suosion saaneen n\u00e4ytelm\u00e4n \u201dV\u00e4yl\u00e4\u201d. Teatteriliput pit\u00e4\u00e4 lunastaa kuukautta ennen n\u00e4yt\u00f6st\u00e4, joten ilmoittaudu teatterik\u00e4yntiin allekirjoittaneelle ja maksa36 euroa Martti Erkkil\u00e4n tilille FI98 1146 3500 0088 07 viimeist\u00e4\u00e4n ke 25.2.2026. (Viesti: K\u00f6yli\u00f6n yst\u00e4v\u00e4) Rosa Liksomin\u00a0romaaniin pohjautuva esitys \u201dV\u00e4yl\u00e4\u201d ... Lue lis\u00e4\u00e4","og_url":"https:\/\/koylio-seura.fi\/?p=16128","og_site_name":"K\u00f6yli\u00f6-seura","article_published_time":"2026-01-23T18:11:00+00:00","article_modified_time":"2026-02-24T07:13:37+00:00","author":"Marita Holkeri","twitter_card":"summary_large_image","twitter_misc":{"Kirjoittanut":"Marita Holkeri","Arvioitu lukuaika":"1 minuutti"},"schema":{"@context":"https:\/\/schema.org","@graph":[{"@type":"Article","@id":"https:\/\/koylio-seura.fi\/?p=16128#article","isPartOf":{"@id":"https:\/\/koylio-seura.fi\/?p=16128"},"author":{"name":"Marita Holkeri","@id":"https:\/\/koylio-seura.fi\/#\/schema\/person\/df27e5a4e7c9a06b7b1b7d0fb9c6b2b9"},"headline":"28.3.2026 klo 13 K\u00f6yli\u00f6n yst\u00e4vien teatterik\u00e4ynti TTT:n Kellariteatterissa","datePublished":"2026-01-23T18:11:00+00:00","dateModified":"2026-02-24T07:13:37+00:00","mainEntityOfPage":{"@id":"https:\/\/koylio-seura.fi\/?p=16128"},"wordCount":118,"publisher":{"@id":"https:\/\/koylio-seura.fi\/#organization"},"articleSection":["K\u00f6yli\u00f6-seura"],"inLanguage":"fi"},{"@type":"WebPage","@id":"https:\/\/koylio-seura.fi\/?p=16128","url":"https:\/\/koylio-seura.fi\/?p=16128","name":"28.3.2026 klo 13 K\u00f6yli\u00f6n yst\u00e4vien teatterik\u00e4ynti TTT:n Kellariteatterissa - K\u00f6yli\u00f6-seura","isPartOf":{"@id":"https:\/\/koylio-seura.fi\/#website"},"datePublished":"2026-01-23T18:11:00+00:00","dateModified":"2026-02-24T07:13:37+00:00","breadcrumb":{"@id":"https:\/\/koylio-seura.fi\/?p=16128#breadcrumb"},"inLanguage":"fi","potentialAction":[{"@type":"ReadAction","target":["https:\/\/koylio-seura.fi\/?p=16128"]}]},{"@type":"BreadcrumbList","@id":"https:\/\/koylio-seura.fi\/?p=16128#breadcrumb","itemListElement":[{"@type":"ListItem","position":1,"name":"Etusivu","item":"https:\/\/koylio-seura.fi\/"},{"@type":"ListItem","position":2,"name":"28.3.2026 klo 13 K\u00f6yli\u00f6n yst\u00e4vien teatterik\u00e4ynti TTT:n Kellariteatterissa"}]},{"@type":"WebSite","@id":"https:\/\/koylio-seura.fi\/#website","url":"https:\/\/koylio-seura.fi\/","name":"K\u00f6yli\u00f6-seura","description":"","publisher":{"@id":"https:\/\/koylio-seura.fi\/#organization"},"potentialAction":[{"@type":"SearchAction","target":{"@type":"EntryPoint","urlTemplate":"https:\/\/koylio-seura.fi\/?s={search_term_string}"},"query-input":{"@type":"PropertyValueSpecification","valueRequired":true,"valueName":"search_term_string"}}],"inLanguage":"fi"},{"@type":"Organization","@id":"https:\/\/koylio-seura.fi\/#organization","name":"K\u00f6yli\u00f6-seura","url":"https:\/\/koylio-seura.fi\/","logo":{"@type":"ImageObject","inLanguage":"fi","@id":"https:\/\/koylio-seura.fi\/#\/schema\/logo\/image\/","url":"https:\/\/koylio-seura.fi\/wp-content\/uploads\/2023\/07\/cropped-KS-logo-23.png","contentUrl":"https:\/\/koylio-seura.fi\/wp-content\/uploads\/2023\/07\/cropped-KS-logo-23.png","width":530,"height":619,"caption":"K\u00f6yli\u00f6-seura"},"image":{"@id":"https:\/\/koylio-seura.fi\/#\/schema\/logo\/image\/"}},{"@type":"Person","@id":"https:\/\/koylio-seura.fi\/#\/schema\/person\/df27e5a4e7c9a06b7b1b7d0fb9c6b2b9","name":"Marita Holkeri","image":{"@type":"ImageObject","inLanguage":"fi","@id":"https:\/\/koylio-seura.fi\/#\/schema\/person\/image\/","url":"https:\/\/secure.gravatar.com\/avatar\/515eac4f85d7b2a6cf676cd832e866082201cebc019f8d4e6bb2872e20c2d0fa?s=96&d=mm&r=g","contentUrl":"https:\/\/secure.gravatar.com\/avatar\/515eac4f85d7b2a6cf676cd832e866082201cebc019f8d4e6bb2872e20c2d0fa?s=96&d=mm&r=g","caption":"Marita Holkeri"},"url":"https:\/\/koylio-seura.fi\/?author=6"}]}},"_links":{"self":[{"href":"https:\/\/koylio-seura.fi\/index.php?rest_route=\/wp\/v2\/posts\/16128","targetHints":{"allow":["GET"]}}],"collection":[{"href":"https:\/\/koylio-seura.fi\/index.php?rest_route=\/wp\/v2\/posts"}],"about":[{"href":"https:\/\/koylio-seura.fi\/index.php?rest_route=\/wp\/v2\/types\/post"}],"author":[{"embeddable":true,"href":"https:\/\/koylio-seura.fi\/index.php?rest_route=\/wp\/v2\/users\/6"}],"replies":[{"embeddable":true,"href":"https:\/\/koylio-seura.fi\/index.php?rest_route=%2Fwp%2Fv2%2Fcomments&post=16128"}],"version-history":[{"count":7,"href":"https:\/\/koylio-seura.fi\/index.php?rest_route=\/wp\/v2\/posts\/16128\/revisions"}],"predecessor-version":[{"id":16348,"href":"https:\/\/koylio-seura.fi\/index.php?rest_route=\/wp\/v2\/posts\/16128\/revisions\/16348"}],"wp:attachment":[{"href":"https:\/\/koylio-seura.fi\/index.php?rest_route=%2Fwp%2Fv2%2Fmedia&parent=16128"}],"wp:term":[{"taxonomy":"category","embeddable":true,"href":"https:\/\/koylio-seura.fi\/index.php?rest_route=%2Fwp%2Fv2%2Fcategories&post=16128"},{"taxonomy":"post_tag","embeddable":true,"href":"https:\/\/koylio-seura.fi\/index.php?rest_route=%2Fwp%2Fv2%2Ftags&post=16128"}],"curies":[{"name":"wp","href":"https:\/\/api.w.org\/{rel}","templated":true}]}}