{"id":15661,"date":"2025-12-10T11:46:42","date_gmt":"2025-12-10T11:46:42","guid":{"rendered":"https:\/\/koylio-seura.fi\/?p=15661"},"modified":"2025-12-17T15:48:45","modified_gmt":"2025-12-17T15:48:45","slug":"7-31-1-2026-kaden-ja-silman-lahja-jaakko-ojalan-muistonayttely-euran-paakirjastossa","status":"publish","type":"post","link":"https:\/\/koylio-seura.fi\/?p=15661","title":{"rendered":"7.-30.1.2026 K\u00e4den ja silm\u00e4n lahja &#8211; Jaakko Ojalan muiston\u00e4yttely Euran p\u00e4\u00e4kirjastossa"},"content":{"rendered":"\t\t<div data-elementor-type=\"wp-post\" data-elementor-id=\"15661\" class=\"elementor elementor-15661\" data-elementor-post-type=\"post\">\n\t\t\t\t\t\t<section class=\"elementor-section elementor-top-section elementor-element elementor-element-696b8787 elementor-section-boxed elementor-section-height-default elementor-section-height-default\" data-id=\"696b8787\" data-element_type=\"section\">\n\t\t\t\t\t\t<div class=\"elementor-container elementor-column-gap-default\">\n\t\t\t\t\t<div class=\"elementor-column elementor-col-100 elementor-top-column elementor-element elementor-element-45d692a1\" data-id=\"45d692a1\" data-element_type=\"column\">\n\t\t\t<div class=\"elementor-widget-wrap elementor-element-populated\">\n\t\t\t\t\t\t<div class=\"elementor-element elementor-element-5820f73b elementor-widget elementor-widget-text-editor\" data-id=\"5820f73b\" data-element_type=\"widget\" data-widget_type=\"text-editor.default\">\n\t\t\t\t<div class=\"elementor-widget-container\">\n\t\t\t\t\t\t\t\t\t\n<p><a href=\"https:\/\/koylio-seura.fi\/wp-content\/uploads\/2025\/12\/Jaakko-Ojalan-muistonayttely-kotisivut.png\"><img fetchpriority=\"high\" decoding=\"async\" class=\"aligncenter size-full wp-image-15749\" src=\"https:\/\/koylio-seura.fi\/wp-content\/uploads\/2025\/12\/Jaakko-Ojalan-muistonayttely-kotisivut.png\" alt=\"\" width=\"1920\" height=\"1080\" srcset=\"https:\/\/koylio-seura.fi\/wp-content\/uploads\/2025\/12\/Jaakko-Ojalan-muistonayttely-kotisivut.png 1920w, https:\/\/koylio-seura.fi\/wp-content\/uploads\/2025\/12\/Jaakko-Ojalan-muistonayttely-kotisivut-300x169.png 300w, https:\/\/koylio-seura.fi\/wp-content\/uploads\/2025\/12\/Jaakko-Ojalan-muistonayttely-kotisivut-1024x576.png 1024w, https:\/\/koylio-seura.fi\/wp-content\/uploads\/2025\/12\/Jaakko-Ojalan-muistonayttely-kotisivut-768x432.png 768w, https:\/\/koylio-seura.fi\/wp-content\/uploads\/2025\/12\/Jaakko-Ojalan-muistonayttely-kotisivut-1536x864.png 1536w\" sizes=\"(max-width: 1920px) 100vw, 1920px\" \/><\/a><\/p>\n<p>Jaakko Ojalan el\u00e4m\u00e4nty\u00f6 valokuvaajana ja kotiseutukulttuurin vaalijana oli merkitt\u00e4v\u00e4. Euran p\u00e4\u00e4kirjastossa on esill\u00e4 palkitun muotokuvaajan valokuvatauluja ja vedoksia. Tule katsomaan, l\u00f6yd\u00e4tk\u00f6 oman kuvasi.\u00a0 K\u00f6yli\u00f6-seura on valinnut Jaakon studiolta satojen hienojen otosten joukosta noin 100 valokuvataulua, joista p\u00e4\u00e4osa on muotokuvia.<\/p>\n\n<p>Kuvista heijastuu Jaakon pehme\u00e4n l\u00e4mp\u00f6inen suhtautuminen malleihinsa, rakkaus ja kunnioitus ihmiseen ja h\u00e4nen yksil\u00f6llisyyteens\u00e4. My\u00f6s tekninen suoritus ja valon suorastaan veistoksellinen k\u00e4ytt\u00f6 ovat h\u00e4nen muotokuvilleen tyypillisi\u00e4.<\/p>\n\n<p>Esill\u00e4 on my\u00f6s K\u00f6yliist-kirjasarja.<\/p>\n\n<p>Tervetuloa ihastelemaan!<\/p>\n\n<p>ke 7.1 klo 12 avajaiset<br \/>ma 19.1. klo 17-18 Kirjaston kokoushuoneessa Samuli Vahteristo esittelee kuvien kautta Jaakko Ojalan el\u00e4m\u00e4nty\u00f6t\u00e4 valokuvaajana ja kotiseuturakkaana ihmisen\u00e4.<\/p>\n\t\t\t\t\t\t\t\t<\/div>\n\t\t\t\t<\/div>\n\t\t\t\t\t<\/div>\n\t\t<\/div>\n\t\t\t\t\t<\/div>\n\t\t<\/section>\n\t\t\t\t<\/div>\n\t\t","protected":false},"excerpt":{"rendered":"<p>Jaakko Ojalan el\u00e4m\u00e4nty\u00f6 valokuvaajana ja kotiseutukulttuurin vaalijana oli merkitt\u00e4v\u00e4. Euran p\u00e4\u00e4kirjastossa on esill\u00e4 palkitun muotokuvaajan valokuvatauluja ja vedoksia. Tule katsomaan, l\u00f6yd\u00e4tk\u00f6 oman kuvasi.\u00a0 K\u00f6yli\u00f6-seura on valinnut Jaakon studiolta satojen hienojen otosten joukosta noin 100 valokuvataulua, joista p\u00e4\u00e4osa on muotokuvia. Kuvista &#8230; <a title=\"7.-30.1.2026 K\u00e4den ja silm\u00e4n lahja &#8211; Jaakko Ojalan muiston\u00e4yttely Euran p\u00e4\u00e4kirjastossa\" class=\"read-more\" href=\"https:\/\/koylio-seura.fi\/?p=15661\" aria-label=\"Lue lis\u00e4\u00e4 aiheesta 7.-30.1.2026 K\u00e4den ja silm\u00e4n lahja &#8211; Jaakko Ojalan muiston\u00e4yttely Euran p\u00e4\u00e4kirjastossa\">Lue lis\u00e4\u00e4<\/a><\/p>\n","protected":false},"author":6,"featured_media":0,"comment_status":"closed","ping_status":"closed","sticky":false,"template":"","format":"standard","meta":{"footnotes":""},"categories":[4,9,5,7,8,6],"tags":[],"class_list":["post-15661","post","type-post","status-publish","format-standard","hentry","category-koylio-seura","category-koylion-lahialueet","category-paakaupunkiseutu","category-rauma-porin-seutu","category-tampereen-seutu","category-turun-seutu","infinite-scroll-item"],"yoast_head":"<!-- This site is optimized with the Yoast SEO plugin v26.6 - https:\/\/yoast.com\/wordpress\/plugins\/seo\/ -->\n<title>7.-30.1.2026 K\u00e4den ja silm\u00e4n lahja - Jaakko Ojalan muiston\u00e4yttely Euran p\u00e4\u00e4kirjastossa - K\u00f6yli\u00f6-seura<\/title>\n<meta name=\"robots\" content=\"index, follow, max-snippet:-1, max-image-preview:large, max-video-preview:-1\" \/>\n<link rel=\"canonical\" href=\"https:\/\/koylio-seura.fi\/?p=15661\" \/>\n<meta property=\"og:locale\" content=\"fi_FI\" \/>\n<meta property=\"og:type\" content=\"article\" \/>\n<meta property=\"og:title\" content=\"7.-30.1.2026 K\u00e4den ja silm\u00e4n lahja - Jaakko Ojalan muiston\u00e4yttely Euran p\u00e4\u00e4kirjastossa - K\u00f6yli\u00f6-seura\" \/>\n<meta property=\"og:description\" content=\"Jaakko Ojalan el\u00e4m\u00e4nty\u00f6 valokuvaajana ja kotiseutukulttuurin vaalijana oli merkitt\u00e4v\u00e4. Euran p\u00e4\u00e4kirjastossa on esill\u00e4 palkitun muotokuvaajan valokuvatauluja ja vedoksia. Tule katsomaan, l\u00f6yd\u00e4tk\u00f6 oman kuvasi.\u00a0 K\u00f6yli\u00f6-seura on valinnut Jaakon studiolta satojen hienojen otosten joukosta noin 100 valokuvataulua, joista p\u00e4\u00e4osa on muotokuvia. Kuvista ... Lue lis\u00e4\u00e4\" \/>\n<meta property=\"og:url\" content=\"https:\/\/koylio-seura.fi\/?p=15661\" \/>\n<meta property=\"og:site_name\" content=\"K\u00f6yli\u00f6-seura\" \/>\n<meta property=\"article:published_time\" content=\"2025-12-10T11:46:42+00:00\" \/>\n<meta property=\"article:modified_time\" content=\"2025-12-17T15:48:45+00:00\" \/>\n<meta property=\"og:image\" content=\"https:\/\/koylio-seura.fi\/wp-content\/uploads\/2025\/12\/Jaakko-Ojalan-muistonayttely-kotisivut-1024x576.png\" \/>\n\t<meta property=\"og:image:width\" content=\"1024\" \/>\n\t<meta property=\"og:image:height\" content=\"576\" \/>\n\t<meta property=\"og:image:type\" content=\"image\/png\" \/>\n<meta name=\"author\" content=\"Marita Holkeri\" \/>\n<meta name=\"twitter:card\" content=\"summary_large_image\" \/>\n<meta name=\"twitter:label1\" content=\"Kirjoittanut\" \/>\n\t<meta name=\"twitter:data1\" content=\"Marita Holkeri\" \/>\n\t<meta name=\"twitter:label2\" content=\"Arvioitu lukuaika\" \/>\n\t<meta name=\"twitter:data2\" content=\"1 minuutti\" \/>\n<script type=\"application\/ld+json\" class=\"yoast-schema-graph\">{\"@context\":\"https:\/\/schema.org\",\"@graph\":[{\"@type\":\"Article\",\"@id\":\"https:\/\/koylio-seura.fi\/?p=15661#article\",\"isPartOf\":{\"@id\":\"https:\/\/koylio-seura.fi\/?p=15661\"},\"author\":{\"name\":\"Marita Holkeri\",\"@id\":\"https:\/\/koylio-seura.fi\/#\/schema\/person\/df27e5a4e7c9a06b7b1b7d0fb9c6b2b9\"},\"headline\":\"7.-30.1.2026 K\u00e4den ja silm\u00e4n lahja &#8211; Jaakko Ojalan muiston\u00e4yttely Euran p\u00e4\u00e4kirjastossa\",\"datePublished\":\"2025-12-10T11:46:42+00:00\",\"dateModified\":\"2025-12-17T15:48:45+00:00\",\"mainEntityOfPage\":{\"@id\":\"https:\/\/koylio-seura.fi\/?p=15661\"},\"wordCount\":126,\"publisher\":{\"@id\":\"https:\/\/koylio-seura.fi\/#organization\"},\"image\":{\"@id\":\"https:\/\/koylio-seura.fi\/?p=15661#primaryimage\"},\"thumbnailUrl\":\"https:\/\/koylio-seura.fi\/wp-content\/uploads\/2025\/12\/Jaakko-Ojalan-muistonayttely-kotisivut.png\",\"articleSection\":[\"K\u00f6yli\u00f6-seura\",\"K\u00f6yli\u00f6n l\u00e4hialueet\",\"P\u00e4\u00e4kaupunkiseutu\",\"Rauma\/Porin seutu\",\"Tampereen seutu\",\"Turun seutu\"],\"inLanguage\":\"fi\"},{\"@type\":\"WebPage\",\"@id\":\"https:\/\/koylio-seura.fi\/?p=15661\",\"url\":\"https:\/\/koylio-seura.fi\/?p=15661\",\"name\":\"7.-30.1.2026 K\u00e4den ja silm\u00e4n lahja - Jaakko Ojalan muiston\u00e4yttely Euran p\u00e4\u00e4kirjastossa - K\u00f6yli\u00f6-seura\",\"isPartOf\":{\"@id\":\"https:\/\/koylio-seura.fi\/#website\"},\"primaryImageOfPage\":{\"@id\":\"https:\/\/koylio-seura.fi\/?p=15661#primaryimage\"},\"image\":{\"@id\":\"https:\/\/koylio-seura.fi\/?p=15661#primaryimage\"},\"thumbnailUrl\":\"https:\/\/koylio-seura.fi\/wp-content\/uploads\/2025\/12\/Jaakko-Ojalan-muistonayttely-kotisivut.png\",\"datePublished\":\"2025-12-10T11:46:42+00:00\",\"dateModified\":\"2025-12-17T15:48:45+00:00\",\"breadcrumb\":{\"@id\":\"https:\/\/koylio-seura.fi\/?p=15661#breadcrumb\"},\"inLanguage\":\"fi\",\"potentialAction\":[{\"@type\":\"ReadAction\",\"target\":[\"https:\/\/koylio-seura.fi\/?p=15661\"]}]},{\"@type\":\"ImageObject\",\"inLanguage\":\"fi\",\"@id\":\"https:\/\/koylio-seura.fi\/?p=15661#primaryimage\",\"url\":\"https:\/\/koylio-seura.fi\/wp-content\/uploads\/2025\/12\/Jaakko-Ojalan-muistonayttely-kotisivut.png\",\"contentUrl\":\"https:\/\/koylio-seura.fi\/wp-content\/uploads\/2025\/12\/Jaakko-Ojalan-muistonayttely-kotisivut.png\"},{\"@type\":\"BreadcrumbList\",\"@id\":\"https:\/\/koylio-seura.fi\/?p=15661#breadcrumb\",\"itemListElement\":[{\"@type\":\"ListItem\",\"position\":1,\"name\":\"Etusivu\",\"item\":\"https:\/\/koylio-seura.fi\/\"},{\"@type\":\"ListItem\",\"position\":2,\"name\":\"7.-30.1.2026 K\u00e4den ja silm\u00e4n lahja &#8211; Jaakko Ojalan muiston\u00e4yttely Euran p\u00e4\u00e4kirjastossa\"}]},{\"@type\":\"WebSite\",\"@id\":\"https:\/\/koylio-seura.fi\/#website\",\"url\":\"https:\/\/koylio-seura.fi\/\",\"name\":\"K\u00f6yli\u00f6-seura\",\"description\":\"\",\"publisher\":{\"@id\":\"https:\/\/koylio-seura.fi\/#organization\"},\"potentialAction\":[{\"@type\":\"SearchAction\",\"target\":{\"@type\":\"EntryPoint\",\"urlTemplate\":\"https:\/\/koylio-seura.fi\/?s={search_term_string}\"},\"query-input\":{\"@type\":\"PropertyValueSpecification\",\"valueRequired\":true,\"valueName\":\"search_term_string\"}}],\"inLanguage\":\"fi\"},{\"@type\":\"Organization\",\"@id\":\"https:\/\/koylio-seura.fi\/#organization\",\"name\":\"K\u00f6yli\u00f6-seura\",\"url\":\"https:\/\/koylio-seura.fi\/\",\"logo\":{\"@type\":\"ImageObject\",\"inLanguage\":\"fi\",\"@id\":\"https:\/\/koylio-seura.fi\/#\/schema\/logo\/image\/\",\"url\":\"https:\/\/koylio-seura.fi\/wp-content\/uploads\/2023\/07\/cropped-KS-logo-23.png\",\"contentUrl\":\"https:\/\/koylio-seura.fi\/wp-content\/uploads\/2023\/07\/cropped-KS-logo-23.png\",\"width\":530,\"height\":619,\"caption\":\"K\u00f6yli\u00f6-seura\"},\"image\":{\"@id\":\"https:\/\/koylio-seura.fi\/#\/schema\/logo\/image\/\"}},{\"@type\":\"Person\",\"@id\":\"https:\/\/koylio-seura.fi\/#\/schema\/person\/df27e5a4e7c9a06b7b1b7d0fb9c6b2b9\",\"name\":\"Marita Holkeri\",\"image\":{\"@type\":\"ImageObject\",\"inLanguage\":\"fi\",\"@id\":\"https:\/\/koylio-seura.fi\/#\/schema\/person\/image\/\",\"url\":\"https:\/\/secure.gravatar.com\/avatar\/515eac4f85d7b2a6cf676cd832e866082201cebc019f8d4e6bb2872e20c2d0fa?s=96&d=mm&r=g\",\"contentUrl\":\"https:\/\/secure.gravatar.com\/avatar\/515eac4f85d7b2a6cf676cd832e866082201cebc019f8d4e6bb2872e20c2d0fa?s=96&d=mm&r=g\",\"caption\":\"Marita Holkeri\"},\"url\":\"https:\/\/koylio-seura.fi\/?author=6\"}]}<\/script>\n<!-- \/ Yoast SEO plugin. -->","yoast_head_json":{"title":"7.-30.1.2026 K\u00e4den ja silm\u00e4n lahja - Jaakko Ojalan muiston\u00e4yttely Euran p\u00e4\u00e4kirjastossa - K\u00f6yli\u00f6-seura","robots":{"index":"index","follow":"follow","max-snippet":"max-snippet:-1","max-image-preview":"max-image-preview:large","max-video-preview":"max-video-preview:-1"},"canonical":"https:\/\/koylio-seura.fi\/?p=15661","og_locale":"fi_FI","og_type":"article","og_title":"7.-30.1.2026 K\u00e4den ja silm\u00e4n lahja - Jaakko Ojalan muiston\u00e4yttely Euran p\u00e4\u00e4kirjastossa - K\u00f6yli\u00f6-seura","og_description":"Jaakko Ojalan el\u00e4m\u00e4nty\u00f6 valokuvaajana ja kotiseutukulttuurin vaalijana oli merkitt\u00e4v\u00e4. Euran p\u00e4\u00e4kirjastossa on esill\u00e4 palkitun muotokuvaajan valokuvatauluja ja vedoksia. Tule katsomaan, l\u00f6yd\u00e4tk\u00f6 oman kuvasi.\u00a0 K\u00f6yli\u00f6-seura on valinnut Jaakon studiolta satojen hienojen otosten joukosta noin 100 valokuvataulua, joista p\u00e4\u00e4osa on muotokuvia. Kuvista ... Lue lis\u00e4\u00e4","og_url":"https:\/\/koylio-seura.fi\/?p=15661","og_site_name":"K\u00f6yli\u00f6-seura","article_published_time":"2025-12-10T11:46:42+00:00","article_modified_time":"2025-12-17T15:48:45+00:00","og_image":[{"width":1024,"height":576,"url":"https:\/\/koylio-seura.fi\/wp-content\/uploads\/2025\/12\/Jaakko-Ojalan-muistonayttely-kotisivut-1024x576.png","type":"image\/png"}],"author":"Marita Holkeri","twitter_card":"summary_large_image","twitter_misc":{"Kirjoittanut":"Marita Holkeri","Arvioitu lukuaika":"1 minuutti"},"schema":{"@context":"https:\/\/schema.org","@graph":[{"@type":"Article","@id":"https:\/\/koylio-seura.fi\/?p=15661#article","isPartOf":{"@id":"https:\/\/koylio-seura.fi\/?p=15661"},"author":{"name":"Marita Holkeri","@id":"https:\/\/koylio-seura.fi\/#\/schema\/person\/df27e5a4e7c9a06b7b1b7d0fb9c6b2b9"},"headline":"7.-30.1.2026 K\u00e4den ja silm\u00e4n lahja &#8211; Jaakko Ojalan muiston\u00e4yttely Euran p\u00e4\u00e4kirjastossa","datePublished":"2025-12-10T11:46:42+00:00","dateModified":"2025-12-17T15:48:45+00:00","mainEntityOfPage":{"@id":"https:\/\/koylio-seura.fi\/?p=15661"},"wordCount":126,"publisher":{"@id":"https:\/\/koylio-seura.fi\/#organization"},"image":{"@id":"https:\/\/koylio-seura.fi\/?p=15661#primaryimage"},"thumbnailUrl":"https:\/\/koylio-seura.fi\/wp-content\/uploads\/2025\/12\/Jaakko-Ojalan-muistonayttely-kotisivut.png","articleSection":["K\u00f6yli\u00f6-seura","K\u00f6yli\u00f6n l\u00e4hialueet","P\u00e4\u00e4kaupunkiseutu","Rauma\/Porin seutu","Tampereen seutu","Turun seutu"],"inLanguage":"fi"},{"@type":"WebPage","@id":"https:\/\/koylio-seura.fi\/?p=15661","url":"https:\/\/koylio-seura.fi\/?p=15661","name":"7.-30.1.2026 K\u00e4den ja silm\u00e4n lahja - Jaakko Ojalan muiston\u00e4yttely Euran p\u00e4\u00e4kirjastossa - K\u00f6yli\u00f6-seura","isPartOf":{"@id":"https:\/\/koylio-seura.fi\/#website"},"primaryImageOfPage":{"@id":"https:\/\/koylio-seura.fi\/?p=15661#primaryimage"},"image":{"@id":"https:\/\/koylio-seura.fi\/?p=15661#primaryimage"},"thumbnailUrl":"https:\/\/koylio-seura.fi\/wp-content\/uploads\/2025\/12\/Jaakko-Ojalan-muistonayttely-kotisivut.png","datePublished":"2025-12-10T11:46:42+00:00","dateModified":"2025-12-17T15:48:45+00:00","breadcrumb":{"@id":"https:\/\/koylio-seura.fi\/?p=15661#breadcrumb"},"inLanguage":"fi","potentialAction":[{"@type":"ReadAction","target":["https:\/\/koylio-seura.fi\/?p=15661"]}]},{"@type":"ImageObject","inLanguage":"fi","@id":"https:\/\/koylio-seura.fi\/?p=15661#primaryimage","url":"https:\/\/koylio-seura.fi\/wp-content\/uploads\/2025\/12\/Jaakko-Ojalan-muistonayttely-kotisivut.png","contentUrl":"https:\/\/koylio-seura.fi\/wp-content\/uploads\/2025\/12\/Jaakko-Ojalan-muistonayttely-kotisivut.png"},{"@type":"BreadcrumbList","@id":"https:\/\/koylio-seura.fi\/?p=15661#breadcrumb","itemListElement":[{"@type":"ListItem","position":1,"name":"Etusivu","item":"https:\/\/koylio-seura.fi\/"},{"@type":"ListItem","position":2,"name":"7.-30.1.2026 K\u00e4den ja silm\u00e4n lahja &#8211; Jaakko Ojalan muiston\u00e4yttely Euran p\u00e4\u00e4kirjastossa"}]},{"@type":"WebSite","@id":"https:\/\/koylio-seura.fi\/#website","url":"https:\/\/koylio-seura.fi\/","name":"K\u00f6yli\u00f6-seura","description":"","publisher":{"@id":"https:\/\/koylio-seura.fi\/#organization"},"potentialAction":[{"@type":"SearchAction","target":{"@type":"EntryPoint","urlTemplate":"https:\/\/koylio-seura.fi\/?s={search_term_string}"},"query-input":{"@type":"PropertyValueSpecification","valueRequired":true,"valueName":"search_term_string"}}],"inLanguage":"fi"},{"@type":"Organization","@id":"https:\/\/koylio-seura.fi\/#organization","name":"K\u00f6yli\u00f6-seura","url":"https:\/\/koylio-seura.fi\/","logo":{"@type":"ImageObject","inLanguage":"fi","@id":"https:\/\/koylio-seura.fi\/#\/schema\/logo\/image\/","url":"https:\/\/koylio-seura.fi\/wp-content\/uploads\/2023\/07\/cropped-KS-logo-23.png","contentUrl":"https:\/\/koylio-seura.fi\/wp-content\/uploads\/2023\/07\/cropped-KS-logo-23.png","width":530,"height":619,"caption":"K\u00f6yli\u00f6-seura"},"image":{"@id":"https:\/\/koylio-seura.fi\/#\/schema\/logo\/image\/"}},{"@type":"Person","@id":"https:\/\/koylio-seura.fi\/#\/schema\/person\/df27e5a4e7c9a06b7b1b7d0fb9c6b2b9","name":"Marita Holkeri","image":{"@type":"ImageObject","inLanguage":"fi","@id":"https:\/\/koylio-seura.fi\/#\/schema\/person\/image\/","url":"https:\/\/secure.gravatar.com\/avatar\/515eac4f85d7b2a6cf676cd832e866082201cebc019f8d4e6bb2872e20c2d0fa?s=96&d=mm&r=g","contentUrl":"https:\/\/secure.gravatar.com\/avatar\/515eac4f85d7b2a6cf676cd832e866082201cebc019f8d4e6bb2872e20c2d0fa?s=96&d=mm&r=g","caption":"Marita Holkeri"},"url":"https:\/\/koylio-seura.fi\/?author=6"}]}},"_links":{"self":[{"href":"https:\/\/koylio-seura.fi\/index.php?rest_route=\/wp\/v2\/posts\/15661","targetHints":{"allow":["GET"]}}],"collection":[{"href":"https:\/\/koylio-seura.fi\/index.php?rest_route=\/wp\/v2\/posts"}],"about":[{"href":"https:\/\/koylio-seura.fi\/index.php?rest_route=\/wp\/v2\/types\/post"}],"author":[{"embeddable":true,"href":"https:\/\/koylio-seura.fi\/index.php?rest_route=\/wp\/v2\/users\/6"}],"replies":[{"embeddable":true,"href":"https:\/\/koylio-seura.fi\/index.php?rest_route=%2Fwp%2Fv2%2Fcomments&post=15661"}],"version-history":[{"count":6,"href":"https:\/\/koylio-seura.fi\/index.php?rest_route=\/wp\/v2\/posts\/15661\/revisions"}],"predecessor-version":[{"id":15753,"href":"https:\/\/koylio-seura.fi\/index.php?rest_route=\/wp\/v2\/posts\/15661\/revisions\/15753"}],"wp:attachment":[{"href":"https:\/\/koylio-seura.fi\/index.php?rest_route=%2Fwp%2Fv2%2Fmedia&parent=15661"}],"wp:term":[{"taxonomy":"category","embeddable":true,"href":"https:\/\/koylio-seura.fi\/index.php?rest_route=%2Fwp%2Fv2%2Fcategories&post=15661"},{"taxonomy":"post_tag","embeddable":true,"href":"https:\/\/koylio-seura.fi\/index.php?rest_route=%2Fwp%2Fv2%2Ftags&post=15661"}],"curies":[{"name":"wp","href":"https:\/\/api.w.org\/{rel}","templated":true}]}}