{"id":15434,"date":"2025-10-27T13:51:39","date_gmt":"2025-10-27T13:51:39","guid":{"rendered":"https:\/\/koylio-seura.fi\/?p=15434"},"modified":"2025-12-17T14:27:53","modified_gmt":"2025-12-17T14:27:53","slug":"13-12-2025-klo-14-30-paakaupunkiseudun-koylion-ystavat-joulutunnelmissa-sinebrychoffin-taidemuseon-kotimuseossa","status":"publish","type":"post","link":"https:\/\/koylio-seura.fi\/?p=15434","title":{"rendered":"13.12.2025 klo 14.30 P\u00e4\u00e4kaupunkiseudun K\u00f6yli\u00f6n yst\u00e4v\u00e4t joulutunnelmissa Sinebrychoffin taidemuseon kotimuseossa"},"content":{"rendered":"\t\t<div data-elementor-type=\"wp-post\" data-elementor-id=\"15434\" class=\"elementor elementor-15434\" data-elementor-post-type=\"post\">\n\t\t\t\t\t\t<section class=\"elementor-section elementor-top-section elementor-element elementor-element-67e9bf17 elementor-section-boxed elementor-section-height-default elementor-section-height-default\" data-id=\"67e9bf17\" data-element_type=\"section\">\n\t\t\t\t\t\t<div class=\"elementor-container elementor-column-gap-default\">\n\t\t\t\t\t<div class=\"elementor-column elementor-col-100 elementor-top-column elementor-element elementor-element-1a391959\" data-id=\"1a391959\" data-element_type=\"column\">\n\t\t\t<div class=\"elementor-widget-wrap elementor-element-populated\">\n\t\t\t\t\t\t<div class=\"elementor-element elementor-element-5688d751 elementor-widget elementor-widget-text-editor\" data-id=\"5688d751\" data-element_type=\"widget\" data-widget_type=\"text-editor.default\">\n\t\t\t\t<div class=\"elementor-widget-container\">\n\t\t\t\t\t\t\t\t\t\n<p>Sinebrychoffin taidemuseon kotimuseossa (2.krs) p\u00e4\u00e4semme nauttimaan\u00a0<strong>Draamallisesta joulutunnelmasta\u00a0<\/strong>(vapaa p\u00e4\u00e4sy). \u201d Oppaat el\u00e4v\u00f6itt\u00e4v\u00e4t museota pienill\u00e4 draamakohtauksilla sek\u00e4 keskustelevat yleis\u00f6n kanssa\u201d, n\u00e4in lupaavat. Lis\u00e4\u00e4 tietoa on museon kotisivuilla. Sinne menemme lauantaina 13.12.2025 klo 14.30. Bulevardilta l\u00f6ytyy sitten paikkoja yhteiseen kahvitteluun (omakustanteista). Tuomaan markkinatkin ovat tuohon aikaan, niill\u00e4 k\u00e4ynnin voi mainiosti yhdist\u00e4\u00e4 t\u00e4h\u00e4n. TERVETULOA!<\/p>\n<p><a href=\"https:\/\/koylio-seura.fi\/wp-content\/uploads\/2025\/11\/Draamallista-joulutunnelmaa.pdf\" target=\"_blank\" rel=\"noopener\">Kutsu l\u00f6ytyy t\u00e4st\u00e4.<\/a><\/p>\n\n<p>Ilmoittautumiset ja tiedustelut<br \/>Tuula Nordlund, puh. 0505572952 tai <a href=\"mailto:tuulaailimaritta@gmail.com\">tuulaailimaritta@gmail.com<\/a><br \/>Paula Auerkari, puh. 0404117847 tai <a href=\"mailto:paula.auerkari@gmail.com\">paula.auerkari@gmail.com<\/a><\/p>\n<p><a href=\"https:\/\/koylio-seura.fi\/?page_id=1489\" target=\"_blank\" rel=\"noopener\">Kertomus yst\u00e4v\u00e4tapaamisesta t\u00e4st\u00e4 linkist\u00e4<\/a><\/p>\n\t\t\t\t\t\t\t\t<\/div>\n\t\t\t\t<\/div>\n\t\t\t\t\t<\/div>\n\t\t<\/div>\n\t\t\t\t\t<\/div>\n\t\t<\/section>\n\t\t\t\t<\/div>\n\t\t","protected":false},"excerpt":{"rendered":"<p>Sinebrychoffin taidemuseon kotimuseossa (2.krs) p\u00e4\u00e4semme nauttimaan\u00a0Draamallisesta joulutunnelmasta\u00a0(vapaa p\u00e4\u00e4sy). \u201d Oppaat el\u00e4v\u00f6itt\u00e4v\u00e4t museota pienill\u00e4 draamakohtauksilla sek\u00e4 keskustelevat yleis\u00f6n kanssa\u201d, n\u00e4in lupaavat. Lis\u00e4\u00e4 tietoa on museon kotisivuilla. Sinne menemme lauantaina 13.12.2025 klo 14.30. Bulevardilta l\u00f6ytyy sitten paikkoja yhteiseen kahvitteluun (omakustanteista). Tuomaan markkinatkin &#8230; <a title=\"13.12.2025 klo 14.30 P\u00e4\u00e4kaupunkiseudun K\u00f6yli\u00f6n yst\u00e4v\u00e4t joulutunnelmissa Sinebrychoffin taidemuseon kotimuseossa\" class=\"read-more\" href=\"https:\/\/koylio-seura.fi\/?p=15434\" aria-label=\"Lue lis\u00e4\u00e4 aiheesta 13.12.2025 klo 14.30 P\u00e4\u00e4kaupunkiseudun K\u00f6yli\u00f6n yst\u00e4v\u00e4t joulutunnelmissa Sinebrychoffin taidemuseon kotimuseossa\">Lue lis\u00e4\u00e4<\/a><\/p>\n","protected":false},"author":6,"featured_media":0,"comment_status":"closed","ping_status":"closed","sticky":false,"template":"","format":"standard","meta":{"footnotes":""},"categories":[4,5],"tags":[],"class_list":["post-15434","post","type-post","status-publish","format-standard","hentry","category-koylio-seura","category-paakaupunkiseutu","infinite-scroll-item"],"yoast_head":"<!-- This site is optimized with the Yoast SEO plugin v26.6 - https:\/\/yoast.com\/wordpress\/plugins\/seo\/ -->\n<title>13.12.2025 klo 14.30 P\u00e4\u00e4kaupunkiseudun K\u00f6yli\u00f6n yst\u00e4v\u00e4t joulutunnelmissa Sinebrychoffin taidemuseon kotimuseossa - K\u00f6yli\u00f6-seura<\/title>\n<meta name=\"robots\" content=\"index, follow, max-snippet:-1, max-image-preview:large, max-video-preview:-1\" \/>\n<link rel=\"canonical\" href=\"https:\/\/koylio-seura.fi\/?p=15434\" \/>\n<meta property=\"og:locale\" content=\"fi_FI\" \/>\n<meta property=\"og:type\" content=\"article\" \/>\n<meta property=\"og:title\" content=\"13.12.2025 klo 14.30 P\u00e4\u00e4kaupunkiseudun K\u00f6yli\u00f6n yst\u00e4v\u00e4t joulutunnelmissa Sinebrychoffin taidemuseon kotimuseossa - K\u00f6yli\u00f6-seura\" \/>\n<meta property=\"og:description\" content=\"Sinebrychoffin taidemuseon kotimuseossa (2.krs) p\u00e4\u00e4semme nauttimaan\u00a0Draamallisesta joulutunnelmasta\u00a0(vapaa p\u00e4\u00e4sy). \u201d Oppaat el\u00e4v\u00f6itt\u00e4v\u00e4t museota pienill\u00e4 draamakohtauksilla sek\u00e4 keskustelevat yleis\u00f6n kanssa\u201d, n\u00e4in lupaavat. Lis\u00e4\u00e4 tietoa on museon kotisivuilla. Sinne menemme lauantaina 13.12.2025 klo 14.30. Bulevardilta l\u00f6ytyy sitten paikkoja yhteiseen kahvitteluun (omakustanteista). Tuomaan markkinatkin ... Lue lis\u00e4\u00e4\" \/>\n<meta property=\"og:url\" content=\"https:\/\/koylio-seura.fi\/?p=15434\" \/>\n<meta property=\"og:site_name\" content=\"K\u00f6yli\u00f6-seura\" \/>\n<meta property=\"article:published_time\" content=\"2025-10-27T13:51:39+00:00\" \/>\n<meta property=\"article:modified_time\" content=\"2025-12-17T14:27:53+00:00\" \/>\n<meta name=\"author\" content=\"Marita Holkeri\" \/>\n<meta name=\"twitter:card\" content=\"summary_large_image\" \/>\n<meta name=\"twitter:label1\" content=\"Kirjoittanut\" \/>\n\t<meta name=\"twitter:data1\" content=\"Marita Holkeri\" \/>\n\t<meta name=\"twitter:label2\" content=\"Arvioitu lukuaika\" \/>\n\t<meta name=\"twitter:data2\" content=\"1 minuutti\" \/>\n<script type=\"application\/ld+json\" class=\"yoast-schema-graph\">{\"@context\":\"https:\/\/schema.org\",\"@graph\":[{\"@type\":\"Article\",\"@id\":\"https:\/\/koylio-seura.fi\/?p=15434#article\",\"isPartOf\":{\"@id\":\"https:\/\/koylio-seura.fi\/?p=15434\"},\"author\":{\"name\":\"Marita Holkeri\",\"@id\":\"https:\/\/koylio-seura.fi\/#\/schema\/person\/df27e5a4e7c9a06b7b1b7d0fb9c6b2b9\"},\"headline\":\"13.12.2025 klo 14.30 P\u00e4\u00e4kaupunkiseudun K\u00f6yli\u00f6n yst\u00e4v\u00e4t joulutunnelmissa Sinebrychoffin taidemuseon kotimuseossa\",\"datePublished\":\"2025-10-27T13:51:39+00:00\",\"dateModified\":\"2025-12-17T14:27:53+00:00\",\"mainEntityOfPage\":{\"@id\":\"https:\/\/koylio-seura.fi\/?p=15434\"},\"wordCount\":103,\"publisher\":{\"@id\":\"https:\/\/koylio-seura.fi\/#organization\"},\"articleSection\":[\"K\u00f6yli\u00f6-seura\",\"P\u00e4\u00e4kaupunkiseutu\"],\"inLanguage\":\"fi\"},{\"@type\":\"WebPage\",\"@id\":\"https:\/\/koylio-seura.fi\/?p=15434\",\"url\":\"https:\/\/koylio-seura.fi\/?p=15434\",\"name\":\"13.12.2025 klo 14.30 P\u00e4\u00e4kaupunkiseudun K\u00f6yli\u00f6n yst\u00e4v\u00e4t joulutunnelmissa Sinebrychoffin taidemuseon kotimuseossa - K\u00f6yli\u00f6-seura\",\"isPartOf\":{\"@id\":\"https:\/\/koylio-seura.fi\/#website\"},\"datePublished\":\"2025-10-27T13:51:39+00:00\",\"dateModified\":\"2025-12-17T14:27:53+00:00\",\"breadcrumb\":{\"@id\":\"https:\/\/koylio-seura.fi\/?p=15434#breadcrumb\"},\"inLanguage\":\"fi\",\"potentialAction\":[{\"@type\":\"ReadAction\",\"target\":[\"https:\/\/koylio-seura.fi\/?p=15434\"]}]},{\"@type\":\"BreadcrumbList\",\"@id\":\"https:\/\/koylio-seura.fi\/?p=15434#breadcrumb\",\"itemListElement\":[{\"@type\":\"ListItem\",\"position\":1,\"name\":\"Etusivu\",\"item\":\"https:\/\/koylio-seura.fi\/\"},{\"@type\":\"ListItem\",\"position\":2,\"name\":\"13.12.2025 klo 14.30 P\u00e4\u00e4kaupunkiseudun K\u00f6yli\u00f6n yst\u00e4v\u00e4t joulutunnelmissa Sinebrychoffin taidemuseon kotimuseossa\"}]},{\"@type\":\"WebSite\",\"@id\":\"https:\/\/koylio-seura.fi\/#website\",\"url\":\"https:\/\/koylio-seura.fi\/\",\"name\":\"K\u00f6yli\u00f6-seura\",\"description\":\"\",\"publisher\":{\"@id\":\"https:\/\/koylio-seura.fi\/#organization\"},\"potentialAction\":[{\"@type\":\"SearchAction\",\"target\":{\"@type\":\"EntryPoint\",\"urlTemplate\":\"https:\/\/koylio-seura.fi\/?s={search_term_string}\"},\"query-input\":{\"@type\":\"PropertyValueSpecification\",\"valueRequired\":true,\"valueName\":\"search_term_string\"}}],\"inLanguage\":\"fi\"},{\"@type\":\"Organization\",\"@id\":\"https:\/\/koylio-seura.fi\/#organization\",\"name\":\"K\u00f6yli\u00f6-seura\",\"url\":\"https:\/\/koylio-seura.fi\/\",\"logo\":{\"@type\":\"ImageObject\",\"inLanguage\":\"fi\",\"@id\":\"https:\/\/koylio-seura.fi\/#\/schema\/logo\/image\/\",\"url\":\"https:\/\/koylio-seura.fi\/wp-content\/uploads\/2023\/07\/cropped-KS-logo-23.png\",\"contentUrl\":\"https:\/\/koylio-seura.fi\/wp-content\/uploads\/2023\/07\/cropped-KS-logo-23.png\",\"width\":530,\"height\":619,\"caption\":\"K\u00f6yli\u00f6-seura\"},\"image\":{\"@id\":\"https:\/\/koylio-seura.fi\/#\/schema\/logo\/image\/\"}},{\"@type\":\"Person\",\"@id\":\"https:\/\/koylio-seura.fi\/#\/schema\/person\/df27e5a4e7c9a06b7b1b7d0fb9c6b2b9\",\"name\":\"Marita Holkeri\",\"image\":{\"@type\":\"ImageObject\",\"inLanguage\":\"fi\",\"@id\":\"https:\/\/koylio-seura.fi\/#\/schema\/person\/image\/\",\"url\":\"https:\/\/secure.gravatar.com\/avatar\/515eac4f85d7b2a6cf676cd832e866082201cebc019f8d4e6bb2872e20c2d0fa?s=96&d=mm&r=g\",\"contentUrl\":\"https:\/\/secure.gravatar.com\/avatar\/515eac4f85d7b2a6cf676cd832e866082201cebc019f8d4e6bb2872e20c2d0fa?s=96&d=mm&r=g\",\"caption\":\"Marita Holkeri\"},\"url\":\"https:\/\/koylio-seura.fi\/?author=6\"}]}<\/script>\n<!-- \/ Yoast SEO plugin. -->","yoast_head_json":{"title":"13.12.2025 klo 14.30 P\u00e4\u00e4kaupunkiseudun K\u00f6yli\u00f6n yst\u00e4v\u00e4t joulutunnelmissa Sinebrychoffin taidemuseon kotimuseossa - K\u00f6yli\u00f6-seura","robots":{"index":"index","follow":"follow","max-snippet":"max-snippet:-1","max-image-preview":"max-image-preview:large","max-video-preview":"max-video-preview:-1"},"canonical":"https:\/\/koylio-seura.fi\/?p=15434","og_locale":"fi_FI","og_type":"article","og_title":"13.12.2025 klo 14.30 P\u00e4\u00e4kaupunkiseudun K\u00f6yli\u00f6n yst\u00e4v\u00e4t joulutunnelmissa Sinebrychoffin taidemuseon kotimuseossa - K\u00f6yli\u00f6-seura","og_description":"Sinebrychoffin taidemuseon kotimuseossa (2.krs) p\u00e4\u00e4semme nauttimaan\u00a0Draamallisesta joulutunnelmasta\u00a0(vapaa p\u00e4\u00e4sy). \u201d Oppaat el\u00e4v\u00f6itt\u00e4v\u00e4t museota pienill\u00e4 draamakohtauksilla sek\u00e4 keskustelevat yleis\u00f6n kanssa\u201d, n\u00e4in lupaavat. Lis\u00e4\u00e4 tietoa on museon kotisivuilla. Sinne menemme lauantaina 13.12.2025 klo 14.30. Bulevardilta l\u00f6ytyy sitten paikkoja yhteiseen kahvitteluun (omakustanteista). Tuomaan markkinatkin ... Lue lis\u00e4\u00e4","og_url":"https:\/\/koylio-seura.fi\/?p=15434","og_site_name":"K\u00f6yli\u00f6-seura","article_published_time":"2025-10-27T13:51:39+00:00","article_modified_time":"2025-12-17T14:27:53+00:00","author":"Marita Holkeri","twitter_card":"summary_large_image","twitter_misc":{"Kirjoittanut":"Marita Holkeri","Arvioitu lukuaika":"1 minuutti"},"schema":{"@context":"https:\/\/schema.org","@graph":[{"@type":"Article","@id":"https:\/\/koylio-seura.fi\/?p=15434#article","isPartOf":{"@id":"https:\/\/koylio-seura.fi\/?p=15434"},"author":{"name":"Marita Holkeri","@id":"https:\/\/koylio-seura.fi\/#\/schema\/person\/df27e5a4e7c9a06b7b1b7d0fb9c6b2b9"},"headline":"13.12.2025 klo 14.30 P\u00e4\u00e4kaupunkiseudun K\u00f6yli\u00f6n yst\u00e4v\u00e4t joulutunnelmissa Sinebrychoffin taidemuseon kotimuseossa","datePublished":"2025-10-27T13:51:39+00:00","dateModified":"2025-12-17T14:27:53+00:00","mainEntityOfPage":{"@id":"https:\/\/koylio-seura.fi\/?p=15434"},"wordCount":103,"publisher":{"@id":"https:\/\/koylio-seura.fi\/#organization"},"articleSection":["K\u00f6yli\u00f6-seura","P\u00e4\u00e4kaupunkiseutu"],"inLanguage":"fi"},{"@type":"WebPage","@id":"https:\/\/koylio-seura.fi\/?p=15434","url":"https:\/\/koylio-seura.fi\/?p=15434","name":"13.12.2025 klo 14.30 P\u00e4\u00e4kaupunkiseudun K\u00f6yli\u00f6n yst\u00e4v\u00e4t joulutunnelmissa Sinebrychoffin taidemuseon kotimuseossa - K\u00f6yli\u00f6-seura","isPartOf":{"@id":"https:\/\/koylio-seura.fi\/#website"},"datePublished":"2025-10-27T13:51:39+00:00","dateModified":"2025-12-17T14:27:53+00:00","breadcrumb":{"@id":"https:\/\/koylio-seura.fi\/?p=15434#breadcrumb"},"inLanguage":"fi","potentialAction":[{"@type":"ReadAction","target":["https:\/\/koylio-seura.fi\/?p=15434"]}]},{"@type":"BreadcrumbList","@id":"https:\/\/koylio-seura.fi\/?p=15434#breadcrumb","itemListElement":[{"@type":"ListItem","position":1,"name":"Etusivu","item":"https:\/\/koylio-seura.fi\/"},{"@type":"ListItem","position":2,"name":"13.12.2025 klo 14.30 P\u00e4\u00e4kaupunkiseudun K\u00f6yli\u00f6n yst\u00e4v\u00e4t joulutunnelmissa Sinebrychoffin taidemuseon kotimuseossa"}]},{"@type":"WebSite","@id":"https:\/\/koylio-seura.fi\/#website","url":"https:\/\/koylio-seura.fi\/","name":"K\u00f6yli\u00f6-seura","description":"","publisher":{"@id":"https:\/\/koylio-seura.fi\/#organization"},"potentialAction":[{"@type":"SearchAction","target":{"@type":"EntryPoint","urlTemplate":"https:\/\/koylio-seura.fi\/?s={search_term_string}"},"query-input":{"@type":"PropertyValueSpecification","valueRequired":true,"valueName":"search_term_string"}}],"inLanguage":"fi"},{"@type":"Organization","@id":"https:\/\/koylio-seura.fi\/#organization","name":"K\u00f6yli\u00f6-seura","url":"https:\/\/koylio-seura.fi\/","logo":{"@type":"ImageObject","inLanguage":"fi","@id":"https:\/\/koylio-seura.fi\/#\/schema\/logo\/image\/","url":"https:\/\/koylio-seura.fi\/wp-content\/uploads\/2023\/07\/cropped-KS-logo-23.png","contentUrl":"https:\/\/koylio-seura.fi\/wp-content\/uploads\/2023\/07\/cropped-KS-logo-23.png","width":530,"height":619,"caption":"K\u00f6yli\u00f6-seura"},"image":{"@id":"https:\/\/koylio-seura.fi\/#\/schema\/logo\/image\/"}},{"@type":"Person","@id":"https:\/\/koylio-seura.fi\/#\/schema\/person\/df27e5a4e7c9a06b7b1b7d0fb9c6b2b9","name":"Marita Holkeri","image":{"@type":"ImageObject","inLanguage":"fi","@id":"https:\/\/koylio-seura.fi\/#\/schema\/person\/image\/","url":"https:\/\/secure.gravatar.com\/avatar\/515eac4f85d7b2a6cf676cd832e866082201cebc019f8d4e6bb2872e20c2d0fa?s=96&d=mm&r=g","contentUrl":"https:\/\/secure.gravatar.com\/avatar\/515eac4f85d7b2a6cf676cd832e866082201cebc019f8d4e6bb2872e20c2d0fa?s=96&d=mm&r=g","caption":"Marita Holkeri"},"url":"https:\/\/koylio-seura.fi\/?author=6"}]}},"_links":{"self":[{"href":"https:\/\/koylio-seura.fi\/index.php?rest_route=\/wp\/v2\/posts\/15434","targetHints":{"allow":["GET"]}}],"collection":[{"href":"https:\/\/koylio-seura.fi\/index.php?rest_route=\/wp\/v2\/posts"}],"about":[{"href":"https:\/\/koylio-seura.fi\/index.php?rest_route=\/wp\/v2\/types\/post"}],"author":[{"embeddable":true,"href":"https:\/\/koylio-seura.fi\/index.php?rest_route=\/wp\/v2\/users\/6"}],"replies":[{"embeddable":true,"href":"https:\/\/koylio-seura.fi\/index.php?rest_route=%2Fwp%2Fv2%2Fcomments&post=15434"}],"version-history":[{"count":7,"href":"https:\/\/koylio-seura.fi\/index.php?rest_route=\/wp\/v2\/posts\/15434\/revisions"}],"predecessor-version":[{"id":15748,"href":"https:\/\/koylio-seura.fi\/index.php?rest_route=\/wp\/v2\/posts\/15434\/revisions\/15748"}],"wp:attachment":[{"href":"https:\/\/koylio-seura.fi\/index.php?rest_route=%2Fwp%2Fv2%2Fmedia&parent=15434"}],"wp:term":[{"taxonomy":"category","embeddable":true,"href":"https:\/\/koylio-seura.fi\/index.php?rest_route=%2Fwp%2Fv2%2Fcategories&post=15434"},{"taxonomy":"post_tag","embeddable":true,"href":"https:\/\/koylio-seura.fi\/index.php?rest_route=%2Fwp%2Fv2%2Ftags&post=15434"}],"curies":[{"name":"wp","href":"https:\/\/api.w.org\/{rel}","templated":true}]}}