{"id":13382,"date":"2025-02-17T13:25:03","date_gmt":"2025-02-17T13:25:03","guid":{"rendered":"https:\/\/koylio-seura.fi\/?p=13382"},"modified":"2025-04-05T18:26:54","modified_gmt":"2025-04-05T18:26:54","slug":"7-4-2025-paasiaisaskartelua-kepolan-nuokk","status":"publish","type":"post","link":"https:\/\/koylio-seura.fi\/?p=13382","title":{"rendered":"7.4.2025 klo 17.30-19.30 P\u00e4\u00e4si\u00e4isaskartelua Kepolan nuokkarilla"},"content":{"rendered":"\t\t<div data-elementor-type=\"wp-post\" data-elementor-id=\"13382\" class=\"elementor elementor-13382\" data-elementor-post-type=\"post\">\n\t\t\t\t\t\t<section class=\"elementor-section elementor-top-section elementor-element elementor-element-89b487b elementor-section-boxed elementor-section-height-default elementor-section-height-default\" data-id=\"89b487b\" data-element_type=\"section\">\n\t\t\t\t\t\t<div class=\"elementor-container elementor-column-gap-default\">\n\t\t\t\t\t<div class=\"elementor-column elementor-col-100 elementor-top-column elementor-element elementor-element-c1bd789\" data-id=\"c1bd789\" data-element_type=\"column\">\n\t\t\t<div class=\"elementor-widget-wrap elementor-element-populated\">\n\t\t\t\t\t\t<div class=\"elementor-element elementor-element-fd91dd4 elementor-widget elementor-widget-accordion\" data-id=\"fd91dd4\" data-element_type=\"widget\" data-widget_type=\"accordion.default\">\n\t\t\t\t<div class=\"elementor-widget-container\">\n\t\t\t\t\t\t\t<div class=\"elementor-accordion\">\n\t\t\t\t\t\t\t<div class=\"elementor-accordion-item\">\n\t\t\t\t\t<div id=\"elementor-tab-title-2651\" class=\"elementor-tab-title\" data-tab=\"1\" role=\"button\" aria-controls=\"elementor-tab-content-2651\" aria-expanded=\"false\">\n\t\t\t\t\t\t\t\t\t\t\t\t\t<span class=\"elementor-accordion-icon elementor-accordion-icon-left\" aria-hidden=\"true\">\n\t\t\t\t\t\t\t\t\t\t\t\t\t\t\t<span class=\"elementor-accordion-icon-closed\"><i class=\"fas fa-plus\"><\/i><\/span>\n\t\t\t\t\t\t\t\t<span class=\"elementor-accordion-icon-opened\"><i class=\"fas fa-minus\"><\/i><\/span>\n\t\t\t\t\t\t\t\t\t\t\t\t\t\t<\/span>\n\t\t\t\t\t\t\t\t\t\t\t\t<a class=\"elementor-accordion-title\" tabindex=\"0\"><\/a>\n\t\t\t\t\t<\/div>\n\t\t\t\t\t<div id=\"elementor-tab-content-2651\" class=\"elementor-tab-content elementor-clearfix\" data-tab=\"1\" role=\"region\" aria-labelledby=\"elementor-tab-title-2651\"><p><a href=\"https:\/\/koylio-seura.fi\/wp-content\/uploads\/2025\/03\/Paasiaisaskartelu-7.4.jpg\"><img fetchpriority=\"high\" decoding=\"async\" class=\"size-large wp-image-13385\" src=\"https:\/\/koylio-seura.fi\/wp-content\/uploads\/2025\/03\/Paasiaisaskartelu-7.4-1024x587.jpg\" alt=\"\" width=\"1024\" height=\"587\" srcset=\"https:\/\/koylio-seura.fi\/wp-content\/uploads\/2025\/03\/Paasiaisaskartelu-7.4-1024x587.jpg 1024w, https:\/\/koylio-seura.fi\/wp-content\/uploads\/2025\/03\/Paasiaisaskartelu-7.4-300x172.jpg 300w, https:\/\/koylio-seura.fi\/wp-content\/uploads\/2025\/03\/Paasiaisaskartelu-7.4-768x440.jpg 768w, https:\/\/koylio-seura.fi\/wp-content\/uploads\/2025\/03\/Paasiaisaskartelu-7.4.jpg 1200w\" sizes=\"(max-width: 1024px) 100vw, 1024px\" \/><\/a> Tule askartelemaan p\u00e4\u00e4si\u00e4isaiheisia koristeita! Kuva Sirja Niinim\u00e4ki<\/p><\/div>\n\t\t\t\t<\/div>\n\t\t\t\t\t\t\t\t<\/div>\n\t\t\t\t\t\t<\/div>\n\t\t\t\t<\/div>\n\t\t\t\t\t<\/div>\n\t\t<\/div>\n\t\t\t\t\t<\/div>\n\t\t<\/section>\n\t\t\t\t<\/div>\n\t\t","protected":false},"excerpt":{"rendered":"<p>Tule askartelemaan p\u00e4\u00e4si\u00e4isaiheisia koristeita! Kuva Sirja Niinim\u00e4ki<\/p>\n","protected":false},"author":6,"featured_media":0,"comment_status":"closed","ping_status":"closed","sticky":false,"template":"","format":"standard","meta":{"footnotes":""},"categories":[4],"tags":[],"class_list":["post-13382","post","type-post","status-publish","format-standard","hentry","category-koylio-seura","infinite-scroll-item"],"yoast_head":"<!-- This site is optimized with the Yoast SEO plugin v26.6 - https:\/\/yoast.com\/wordpress\/plugins\/seo\/ -->\n<title>7.4.2025 klo 17.30-19.30 P\u00e4\u00e4si\u00e4isaskartelua Kepolan nuokkarilla - K\u00f6yli\u00f6-seura<\/title>\n<meta name=\"robots\" content=\"index, follow, max-snippet:-1, max-image-preview:large, max-video-preview:-1\" \/>\n<link rel=\"canonical\" href=\"https:\/\/koylio-seura.fi\/?p=13382\" \/>\n<meta property=\"og:locale\" content=\"fi_FI\" \/>\n<meta property=\"og:type\" content=\"article\" \/>\n<meta property=\"og:title\" content=\"7.4.2025 klo 17.30-19.30 P\u00e4\u00e4si\u00e4isaskartelua Kepolan nuokkarilla - K\u00f6yli\u00f6-seura\" \/>\n<meta property=\"og:description\" content=\"Tule askartelemaan p\u00e4\u00e4si\u00e4isaiheisia koristeita! Kuva Sirja Niinim\u00e4ki\" \/>\n<meta property=\"og:url\" content=\"https:\/\/koylio-seura.fi\/?p=13382\" \/>\n<meta property=\"og:site_name\" content=\"K\u00f6yli\u00f6-seura\" \/>\n<meta property=\"article:published_time\" content=\"2025-02-17T13:25:03+00:00\" \/>\n<meta property=\"article:modified_time\" content=\"2025-04-05T18:26:54+00:00\" \/>\n<meta property=\"og:image\" content=\"https:\/\/koylio-seura.fi\/wp-content\/uploads\/2025\/03\/Paasiaisaskartelu-7.4-1024x587.jpg\" \/>\n<meta name=\"author\" content=\"Marita Holkeri\" \/>\n<meta name=\"twitter:card\" content=\"summary_large_image\" \/>\n<meta name=\"twitter:label1\" content=\"Kirjoittanut\" \/>\n\t<meta name=\"twitter:data1\" content=\"Marita Holkeri\" \/>\n\t<meta name=\"twitter:label2\" content=\"Arvioitu lukuaika\" \/>\n\t<meta name=\"twitter:data2\" content=\"1 minuutti\" \/>\n<script type=\"application\/ld+json\" class=\"yoast-schema-graph\">{\"@context\":\"https:\/\/schema.org\",\"@graph\":[{\"@type\":\"Article\",\"@id\":\"https:\/\/koylio-seura.fi\/?p=13382#article\",\"isPartOf\":{\"@id\":\"https:\/\/koylio-seura.fi\/?p=13382\"},\"author\":{\"name\":\"Marita Holkeri\",\"@id\":\"https:\/\/koylio-seura.fi\/#\/schema\/person\/df27e5a4e7c9a06b7b1b7d0fb9c6b2b9\"},\"headline\":\"7.4.2025 klo 17.30-19.30 P\u00e4\u00e4si\u00e4isaskartelua Kepolan nuokkarilla\",\"datePublished\":\"2025-02-17T13:25:03+00:00\",\"dateModified\":\"2025-04-05T18:26:54+00:00\",\"mainEntityOfPage\":{\"@id\":\"https:\/\/koylio-seura.fi\/?p=13382\"},\"wordCount\":17,\"publisher\":{\"@id\":\"https:\/\/koylio-seura.fi\/#organization\"},\"image\":{\"@id\":\"https:\/\/koylio-seura.fi\/?p=13382#primaryimage\"},\"thumbnailUrl\":\"https:\/\/koylio-seura.fi\/wp-content\/uploads\/2025\/03\/Paasiaisaskartelu-7.4-1024x587.jpg\",\"articleSection\":[\"K\u00f6yli\u00f6-seura\"],\"inLanguage\":\"fi\"},{\"@type\":\"WebPage\",\"@id\":\"https:\/\/koylio-seura.fi\/?p=13382\",\"url\":\"https:\/\/koylio-seura.fi\/?p=13382\",\"name\":\"7.4.2025 klo 17.30-19.30 P\u00e4\u00e4si\u00e4isaskartelua Kepolan nuokkarilla - K\u00f6yli\u00f6-seura\",\"isPartOf\":{\"@id\":\"https:\/\/koylio-seura.fi\/#website\"},\"primaryImageOfPage\":{\"@id\":\"https:\/\/koylio-seura.fi\/?p=13382#primaryimage\"},\"image\":{\"@id\":\"https:\/\/koylio-seura.fi\/?p=13382#primaryimage\"},\"thumbnailUrl\":\"https:\/\/koylio-seura.fi\/wp-content\/uploads\/2025\/03\/Paasiaisaskartelu-7.4-1024x587.jpg\",\"datePublished\":\"2025-02-17T13:25:03+00:00\",\"dateModified\":\"2025-04-05T18:26:54+00:00\",\"breadcrumb\":{\"@id\":\"https:\/\/koylio-seura.fi\/?p=13382#breadcrumb\"},\"inLanguage\":\"fi\",\"potentialAction\":[{\"@type\":\"ReadAction\",\"target\":[\"https:\/\/koylio-seura.fi\/?p=13382\"]}]},{\"@type\":\"ImageObject\",\"inLanguage\":\"fi\",\"@id\":\"https:\/\/koylio-seura.fi\/?p=13382#primaryimage\",\"url\":\"https:\/\/koylio-seura.fi\/wp-content\/uploads\/2025\/03\/Paasiaisaskartelu-7.4.jpg\",\"contentUrl\":\"https:\/\/koylio-seura.fi\/wp-content\/uploads\/2025\/03\/Paasiaisaskartelu-7.4.jpg\",\"width\":1200,\"height\":688,\"caption\":\"Tule askartelemaan p\u00e4\u00e4si\u00e4isaiheisia koristeita! Kuva Sirja Niinim\u00e4ki\"},{\"@type\":\"BreadcrumbList\",\"@id\":\"https:\/\/koylio-seura.fi\/?p=13382#breadcrumb\",\"itemListElement\":[{\"@type\":\"ListItem\",\"position\":1,\"name\":\"Etusivu\",\"item\":\"https:\/\/koylio-seura.fi\/\"},{\"@type\":\"ListItem\",\"position\":2,\"name\":\"7.4.2025 klo 17.30-19.30 P\u00e4\u00e4si\u00e4isaskartelua Kepolan nuokkarilla\"}]},{\"@type\":\"WebSite\",\"@id\":\"https:\/\/koylio-seura.fi\/#website\",\"url\":\"https:\/\/koylio-seura.fi\/\",\"name\":\"K\u00f6yli\u00f6-seura\",\"description\":\"\",\"publisher\":{\"@id\":\"https:\/\/koylio-seura.fi\/#organization\"},\"potentialAction\":[{\"@type\":\"SearchAction\",\"target\":{\"@type\":\"EntryPoint\",\"urlTemplate\":\"https:\/\/koylio-seura.fi\/?s={search_term_string}\"},\"query-input\":{\"@type\":\"PropertyValueSpecification\",\"valueRequired\":true,\"valueName\":\"search_term_string\"}}],\"inLanguage\":\"fi\"},{\"@type\":\"Organization\",\"@id\":\"https:\/\/koylio-seura.fi\/#organization\",\"name\":\"K\u00f6yli\u00f6-seura\",\"url\":\"https:\/\/koylio-seura.fi\/\",\"logo\":{\"@type\":\"ImageObject\",\"inLanguage\":\"fi\",\"@id\":\"https:\/\/koylio-seura.fi\/#\/schema\/logo\/image\/\",\"url\":\"https:\/\/koylio-seura.fi\/wp-content\/uploads\/2023\/07\/cropped-KS-logo-23.png\",\"contentUrl\":\"https:\/\/koylio-seura.fi\/wp-content\/uploads\/2023\/07\/cropped-KS-logo-23.png\",\"width\":530,\"height\":619,\"caption\":\"K\u00f6yli\u00f6-seura\"},\"image\":{\"@id\":\"https:\/\/koylio-seura.fi\/#\/schema\/logo\/image\/\"}},{\"@type\":\"Person\",\"@id\":\"https:\/\/koylio-seura.fi\/#\/schema\/person\/df27e5a4e7c9a06b7b1b7d0fb9c6b2b9\",\"name\":\"Marita Holkeri\",\"image\":{\"@type\":\"ImageObject\",\"inLanguage\":\"fi\",\"@id\":\"https:\/\/koylio-seura.fi\/#\/schema\/person\/image\/\",\"url\":\"https:\/\/secure.gravatar.com\/avatar\/515eac4f85d7b2a6cf676cd832e866082201cebc019f8d4e6bb2872e20c2d0fa?s=96&d=mm&r=g\",\"contentUrl\":\"https:\/\/secure.gravatar.com\/avatar\/515eac4f85d7b2a6cf676cd832e866082201cebc019f8d4e6bb2872e20c2d0fa?s=96&d=mm&r=g\",\"caption\":\"Marita Holkeri\"},\"url\":\"https:\/\/koylio-seura.fi\/?author=6\"}]}<\/script>\n<!-- \/ Yoast SEO plugin. -->","yoast_head_json":{"title":"7.4.2025 klo 17.30-19.30 P\u00e4\u00e4si\u00e4isaskartelua Kepolan nuokkarilla - K\u00f6yli\u00f6-seura","robots":{"index":"index","follow":"follow","max-snippet":"max-snippet:-1","max-image-preview":"max-image-preview:large","max-video-preview":"max-video-preview:-1"},"canonical":"https:\/\/koylio-seura.fi\/?p=13382","og_locale":"fi_FI","og_type":"article","og_title":"7.4.2025 klo 17.30-19.30 P\u00e4\u00e4si\u00e4isaskartelua Kepolan nuokkarilla - K\u00f6yli\u00f6-seura","og_description":"Tule askartelemaan p\u00e4\u00e4si\u00e4isaiheisia koristeita! Kuva Sirja Niinim\u00e4ki","og_url":"https:\/\/koylio-seura.fi\/?p=13382","og_site_name":"K\u00f6yli\u00f6-seura","article_published_time":"2025-02-17T13:25:03+00:00","article_modified_time":"2025-04-05T18:26:54+00:00","og_image":[{"url":"https:\/\/koylio-seura.fi\/wp-content\/uploads\/2025\/03\/Paasiaisaskartelu-7.4-1024x587.jpg","type":"","width":"","height":""}],"author":"Marita Holkeri","twitter_card":"summary_large_image","twitter_misc":{"Kirjoittanut":"Marita Holkeri","Arvioitu lukuaika":"1 minuutti"},"schema":{"@context":"https:\/\/schema.org","@graph":[{"@type":"Article","@id":"https:\/\/koylio-seura.fi\/?p=13382#article","isPartOf":{"@id":"https:\/\/koylio-seura.fi\/?p=13382"},"author":{"name":"Marita Holkeri","@id":"https:\/\/koylio-seura.fi\/#\/schema\/person\/df27e5a4e7c9a06b7b1b7d0fb9c6b2b9"},"headline":"7.4.2025 klo 17.30-19.30 P\u00e4\u00e4si\u00e4isaskartelua Kepolan nuokkarilla","datePublished":"2025-02-17T13:25:03+00:00","dateModified":"2025-04-05T18:26:54+00:00","mainEntityOfPage":{"@id":"https:\/\/koylio-seura.fi\/?p=13382"},"wordCount":17,"publisher":{"@id":"https:\/\/koylio-seura.fi\/#organization"},"image":{"@id":"https:\/\/koylio-seura.fi\/?p=13382#primaryimage"},"thumbnailUrl":"https:\/\/koylio-seura.fi\/wp-content\/uploads\/2025\/03\/Paasiaisaskartelu-7.4-1024x587.jpg","articleSection":["K\u00f6yli\u00f6-seura"],"inLanguage":"fi"},{"@type":"WebPage","@id":"https:\/\/koylio-seura.fi\/?p=13382","url":"https:\/\/koylio-seura.fi\/?p=13382","name":"7.4.2025 klo 17.30-19.30 P\u00e4\u00e4si\u00e4isaskartelua Kepolan nuokkarilla - K\u00f6yli\u00f6-seura","isPartOf":{"@id":"https:\/\/koylio-seura.fi\/#website"},"primaryImageOfPage":{"@id":"https:\/\/koylio-seura.fi\/?p=13382#primaryimage"},"image":{"@id":"https:\/\/koylio-seura.fi\/?p=13382#primaryimage"},"thumbnailUrl":"https:\/\/koylio-seura.fi\/wp-content\/uploads\/2025\/03\/Paasiaisaskartelu-7.4-1024x587.jpg","datePublished":"2025-02-17T13:25:03+00:00","dateModified":"2025-04-05T18:26:54+00:00","breadcrumb":{"@id":"https:\/\/koylio-seura.fi\/?p=13382#breadcrumb"},"inLanguage":"fi","potentialAction":[{"@type":"ReadAction","target":["https:\/\/koylio-seura.fi\/?p=13382"]}]},{"@type":"ImageObject","inLanguage":"fi","@id":"https:\/\/koylio-seura.fi\/?p=13382#primaryimage","url":"https:\/\/koylio-seura.fi\/wp-content\/uploads\/2025\/03\/Paasiaisaskartelu-7.4.jpg","contentUrl":"https:\/\/koylio-seura.fi\/wp-content\/uploads\/2025\/03\/Paasiaisaskartelu-7.4.jpg","width":1200,"height":688,"caption":"Tule askartelemaan p\u00e4\u00e4si\u00e4isaiheisia koristeita! Kuva Sirja Niinim\u00e4ki"},{"@type":"BreadcrumbList","@id":"https:\/\/koylio-seura.fi\/?p=13382#breadcrumb","itemListElement":[{"@type":"ListItem","position":1,"name":"Etusivu","item":"https:\/\/koylio-seura.fi\/"},{"@type":"ListItem","position":2,"name":"7.4.2025 klo 17.30-19.30 P\u00e4\u00e4si\u00e4isaskartelua Kepolan nuokkarilla"}]},{"@type":"WebSite","@id":"https:\/\/koylio-seura.fi\/#website","url":"https:\/\/koylio-seura.fi\/","name":"K\u00f6yli\u00f6-seura","description":"","publisher":{"@id":"https:\/\/koylio-seura.fi\/#organization"},"potentialAction":[{"@type":"SearchAction","target":{"@type":"EntryPoint","urlTemplate":"https:\/\/koylio-seura.fi\/?s={search_term_string}"},"query-input":{"@type":"PropertyValueSpecification","valueRequired":true,"valueName":"search_term_string"}}],"inLanguage":"fi"},{"@type":"Organization","@id":"https:\/\/koylio-seura.fi\/#organization","name":"K\u00f6yli\u00f6-seura","url":"https:\/\/koylio-seura.fi\/","logo":{"@type":"ImageObject","inLanguage":"fi","@id":"https:\/\/koylio-seura.fi\/#\/schema\/logo\/image\/","url":"https:\/\/koylio-seura.fi\/wp-content\/uploads\/2023\/07\/cropped-KS-logo-23.png","contentUrl":"https:\/\/koylio-seura.fi\/wp-content\/uploads\/2023\/07\/cropped-KS-logo-23.png","width":530,"height":619,"caption":"K\u00f6yli\u00f6-seura"},"image":{"@id":"https:\/\/koylio-seura.fi\/#\/schema\/logo\/image\/"}},{"@type":"Person","@id":"https:\/\/koylio-seura.fi\/#\/schema\/person\/df27e5a4e7c9a06b7b1b7d0fb9c6b2b9","name":"Marita Holkeri","image":{"@type":"ImageObject","inLanguage":"fi","@id":"https:\/\/koylio-seura.fi\/#\/schema\/person\/image\/","url":"https:\/\/secure.gravatar.com\/avatar\/515eac4f85d7b2a6cf676cd832e866082201cebc019f8d4e6bb2872e20c2d0fa?s=96&d=mm&r=g","contentUrl":"https:\/\/secure.gravatar.com\/avatar\/515eac4f85d7b2a6cf676cd832e866082201cebc019f8d4e6bb2872e20c2d0fa?s=96&d=mm&r=g","caption":"Marita Holkeri"},"url":"https:\/\/koylio-seura.fi\/?author=6"}]}},"_links":{"self":[{"href":"https:\/\/koylio-seura.fi\/index.php?rest_route=\/wp\/v2\/posts\/13382","targetHints":{"allow":["GET"]}}],"collection":[{"href":"https:\/\/koylio-seura.fi\/index.php?rest_route=\/wp\/v2\/posts"}],"about":[{"href":"https:\/\/koylio-seura.fi\/index.php?rest_route=\/wp\/v2\/types\/post"}],"author":[{"embeddable":true,"href":"https:\/\/koylio-seura.fi\/index.php?rest_route=\/wp\/v2\/users\/6"}],"replies":[{"embeddable":true,"href":"https:\/\/koylio-seura.fi\/index.php?rest_route=%2Fwp%2Fv2%2Fcomments&post=13382"}],"version-history":[{"count":9,"href":"https:\/\/koylio-seura.fi\/index.php?rest_route=\/wp\/v2\/posts\/13382\/revisions"}],"predecessor-version":[{"id":13414,"href":"https:\/\/koylio-seura.fi\/index.php?rest_route=\/wp\/v2\/posts\/13382\/revisions\/13414"}],"wp:attachment":[{"href":"https:\/\/koylio-seura.fi\/index.php?rest_route=%2Fwp%2Fv2%2Fmedia&parent=13382"}],"wp:term":[{"taxonomy":"category","embeddable":true,"href":"https:\/\/koylio-seura.fi\/index.php?rest_route=%2Fwp%2Fv2%2Fcategories&post=13382"},{"taxonomy":"post_tag","embeddable":true,"href":"https:\/\/koylio-seura.fi\/index.php?rest_route=%2Fwp%2Fv2%2Ftags&post=13382"}],"curies":[{"name":"wp","href":"https:\/\/api.w.org\/{rel}","templated":true}]}}