{"id":13379,"date":"2025-02-19T11:16:06","date_gmt":"2025-02-19T11:16:06","guid":{"rendered":"https:\/\/koylio-seura.fi\/?p=13379"},"modified":"2025-05-05T15:57:58","modified_gmt":"2025-05-05T15:57:58","slug":"tampereen-seudun-tapaaminen-14-4-2025-jaakko-ojalan-kuvien-parissa","status":"publish","type":"post","link":"https:\/\/koylio-seura.fi\/?p=13379","title":{"rendered":"14.4.2025 Tampereen seudun tapaaminen Jaakko Ojalan kuvien parissa"},"content":{"rendered":"\n<p>Tapaamme Tampereen yhteiskoulun filosofian luokassa maanantaina 14.4.2025 klo 18. Ilta vietet\u00e4\u00e4n Jaakko Ojalan kirjan &#8221;K\u00e4den ja silm\u00e4n lahja, kuvia ihmisist\u00e4&#8221; parissa. K\u00e4yt\u00f6ss\u00e4mme on my\u00f6s Samuli Vahteriston ker\u00e4\u00e4m\u00e4 aineisto Jaakosta kuvin ja sanoin. N\u00e4in p\u00e4\u00e4semme muistelemaan monitoimista K\u00f6yli\u00f6-seuran perustajaj\u00e4sent\u00e4, valokuvaaja Jaakko Ojalaa.<\/p>\n\n\n\n<p><a href=\"https:\/\/koylio-seura.fi\/wp-content\/uploads\/2025\/03\/Kuvan-arvo-syntyy-sisallosta-ja-kerronnasta.pdf\">T\u00e4st\u00e4 linkist\u00e4 lis\u00e4\u00e4<\/a><\/p>\n\n\n\n<p><\/p>\n","protected":false},"excerpt":{"rendered":"<p>Tapaamme Tampereen yhteiskoulun filosofian luokassa maanantaina 14.4.2025 klo 18. Ilta vietet\u00e4\u00e4n Jaakko Ojalan kirjan &#8221;K\u00e4den ja silm\u00e4n lahja, kuvia ihmisist\u00e4&#8221; parissa. K\u00e4yt\u00f6ss\u00e4mme on my\u00f6s Samuli Vahteriston ker\u00e4\u00e4m\u00e4 aineisto Jaakosta kuvin ja sanoin. N\u00e4in p\u00e4\u00e4semme muistelemaan monitoimista K\u00f6yli\u00f6-seuran perustajaj\u00e4sent\u00e4, valokuvaaja Jaakko &#8230; <a title=\"14.4.2025 Tampereen seudun tapaaminen Jaakko Ojalan kuvien parissa\" class=\"read-more\" href=\"https:\/\/koylio-seura.fi\/?p=13379\" aria-label=\"Lue lis\u00e4\u00e4 aiheesta 14.4.2025 Tampereen seudun tapaaminen Jaakko Ojalan kuvien parissa\">Lue lis\u00e4\u00e4<\/a><\/p>\n","protected":false},"author":4,"featured_media":0,"comment_status":"closed","ping_status":"closed","sticky":false,"template":"","format":"standard","meta":{"footnotes":""},"categories":[4,9,5,7,8,6],"tags":[],"class_list":["post-13379","post","type-post","status-publish","format-standard","hentry","category-koylio-seura","category-koylion-lahialueet","category-paakaupunkiseutu","category-rauma-porin-seutu","category-tampereen-seutu","category-turun-seutu","infinite-scroll-item"],"yoast_head":"<!-- This site is optimized with the Yoast SEO plugin v26.6 - https:\/\/yoast.com\/wordpress\/plugins\/seo\/ -->\n<title>14.4.2025 Tampereen seudun tapaaminen Jaakko Ojalan kuvien parissa - K\u00f6yli\u00f6-seura<\/title>\n<meta name=\"robots\" content=\"index, follow, max-snippet:-1, max-image-preview:large, max-video-preview:-1\" \/>\n<link rel=\"canonical\" href=\"https:\/\/koylio-seura.fi\/?p=13379\" \/>\n<meta property=\"og:locale\" content=\"fi_FI\" \/>\n<meta property=\"og:type\" content=\"article\" \/>\n<meta property=\"og:title\" content=\"14.4.2025 Tampereen seudun tapaaminen Jaakko Ojalan kuvien parissa - K\u00f6yli\u00f6-seura\" \/>\n<meta property=\"og:description\" content=\"Tapaamme Tampereen yhteiskoulun filosofian luokassa maanantaina 14.4.2025 klo 18. Ilta vietet\u00e4\u00e4n Jaakko Ojalan kirjan &#8221;K\u00e4den ja silm\u00e4n lahja, kuvia ihmisist\u00e4&#8221; parissa. K\u00e4yt\u00f6ss\u00e4mme on my\u00f6s Samuli Vahteriston ker\u00e4\u00e4m\u00e4 aineisto Jaakosta kuvin ja sanoin. N\u00e4in p\u00e4\u00e4semme muistelemaan monitoimista K\u00f6yli\u00f6-seuran perustajaj\u00e4sent\u00e4, valokuvaaja Jaakko ... Lue lis\u00e4\u00e4\" \/>\n<meta property=\"og:url\" content=\"https:\/\/koylio-seura.fi\/?p=13379\" \/>\n<meta property=\"og:site_name\" content=\"K\u00f6yli\u00f6-seura\" \/>\n<meta property=\"article:published_time\" content=\"2025-02-19T11:16:06+00:00\" \/>\n<meta property=\"article:modified_time\" content=\"2025-05-05T15:57:58+00:00\" \/>\n<meta name=\"author\" content=\"Martti Erkkil\u00e4\" \/>\n<meta name=\"twitter:card\" content=\"summary_large_image\" \/>\n<meta name=\"twitter:label1\" content=\"Kirjoittanut\" \/>\n\t<meta name=\"twitter:data1\" content=\"Martti Erkkil\u00e4\" \/>\n\t<meta name=\"twitter:label2\" content=\"Arvioitu lukuaika\" \/>\n\t<meta name=\"twitter:data2\" content=\"1 minuutti\" \/>\n<script type=\"application\/ld+json\" class=\"yoast-schema-graph\">{\"@context\":\"https:\/\/schema.org\",\"@graph\":[{\"@type\":\"Article\",\"@id\":\"https:\/\/koylio-seura.fi\/?p=13379#article\",\"isPartOf\":{\"@id\":\"https:\/\/koylio-seura.fi\/?p=13379\"},\"author\":{\"name\":\"Martti Erkkil\u00e4\",\"@id\":\"https:\/\/koylio-seura.fi\/#\/schema\/person\/2dac736fe995540d32bf7a987a8bd737\"},\"headline\":\"14.4.2025 Tampereen seudun tapaaminen Jaakko Ojalan kuvien parissa\",\"datePublished\":\"2025-02-19T11:16:06+00:00\",\"dateModified\":\"2025-05-05T15:57:58+00:00\",\"mainEntityOfPage\":{\"@id\":\"https:\/\/koylio-seura.fi\/?p=13379\"},\"wordCount\":63,\"publisher\":{\"@id\":\"https:\/\/koylio-seura.fi\/#organization\"},\"articleSection\":[\"K\u00f6yli\u00f6-seura\",\"K\u00f6yli\u00f6n l\u00e4hialueet\",\"P\u00e4\u00e4kaupunkiseutu\",\"Rauma\/Porin seutu\",\"Tampereen seutu\",\"Turun seutu\"],\"inLanguage\":\"fi\"},{\"@type\":\"WebPage\",\"@id\":\"https:\/\/koylio-seura.fi\/?p=13379\",\"url\":\"https:\/\/koylio-seura.fi\/?p=13379\",\"name\":\"14.4.2025 Tampereen seudun tapaaminen Jaakko Ojalan kuvien parissa - K\u00f6yli\u00f6-seura\",\"isPartOf\":{\"@id\":\"https:\/\/koylio-seura.fi\/#website\"},\"datePublished\":\"2025-02-19T11:16:06+00:00\",\"dateModified\":\"2025-05-05T15:57:58+00:00\",\"breadcrumb\":{\"@id\":\"https:\/\/koylio-seura.fi\/?p=13379#breadcrumb\"},\"inLanguage\":\"fi\",\"potentialAction\":[{\"@type\":\"ReadAction\",\"target\":[\"https:\/\/koylio-seura.fi\/?p=13379\"]}]},{\"@type\":\"BreadcrumbList\",\"@id\":\"https:\/\/koylio-seura.fi\/?p=13379#breadcrumb\",\"itemListElement\":[{\"@type\":\"ListItem\",\"position\":1,\"name\":\"Etusivu\",\"item\":\"https:\/\/koylio-seura.fi\/\"},{\"@type\":\"ListItem\",\"position\":2,\"name\":\"14.4.2025 Tampereen seudun tapaaminen Jaakko Ojalan kuvien parissa\"}]},{\"@type\":\"WebSite\",\"@id\":\"https:\/\/koylio-seura.fi\/#website\",\"url\":\"https:\/\/koylio-seura.fi\/\",\"name\":\"K\u00f6yli\u00f6-seura\",\"description\":\"\",\"publisher\":{\"@id\":\"https:\/\/koylio-seura.fi\/#organization\"},\"potentialAction\":[{\"@type\":\"SearchAction\",\"target\":{\"@type\":\"EntryPoint\",\"urlTemplate\":\"https:\/\/koylio-seura.fi\/?s={search_term_string}\"},\"query-input\":{\"@type\":\"PropertyValueSpecification\",\"valueRequired\":true,\"valueName\":\"search_term_string\"}}],\"inLanguage\":\"fi\"},{\"@type\":\"Organization\",\"@id\":\"https:\/\/koylio-seura.fi\/#organization\",\"name\":\"K\u00f6yli\u00f6-seura\",\"url\":\"https:\/\/koylio-seura.fi\/\",\"logo\":{\"@type\":\"ImageObject\",\"inLanguage\":\"fi\",\"@id\":\"https:\/\/koylio-seura.fi\/#\/schema\/logo\/image\/\",\"url\":\"https:\/\/koylio-seura.fi\/wp-content\/uploads\/2023\/07\/cropped-KS-logo-23.png\",\"contentUrl\":\"https:\/\/koylio-seura.fi\/wp-content\/uploads\/2023\/07\/cropped-KS-logo-23.png\",\"width\":530,\"height\":619,\"caption\":\"K\u00f6yli\u00f6-seura\"},\"image\":{\"@id\":\"https:\/\/koylio-seura.fi\/#\/schema\/logo\/image\/\"}},{\"@type\":\"Person\",\"@id\":\"https:\/\/koylio-seura.fi\/#\/schema\/person\/2dac736fe995540d32bf7a987a8bd737\",\"name\":\"Martti Erkkil\u00e4\",\"image\":{\"@type\":\"ImageObject\",\"inLanguage\":\"fi\",\"@id\":\"https:\/\/koylio-seura.fi\/#\/schema\/person\/image\/\",\"url\":\"https:\/\/secure.gravatar.com\/avatar\/787610ca9317e1e7201c5db19f91fb4f638f6d728dcc46c451f318fcab2803fc?s=96&d=mm&r=g\",\"contentUrl\":\"https:\/\/secure.gravatar.com\/avatar\/787610ca9317e1e7201c5db19f91fb4f638f6d728dcc46c451f318fcab2803fc?s=96&d=mm&r=g\",\"caption\":\"Martti Erkkil\u00e4\"},\"url\":\"https:\/\/koylio-seura.fi\/?author=4\"}]}<\/script>\n<!-- \/ Yoast SEO plugin. -->","yoast_head_json":{"title":"14.4.2025 Tampereen seudun tapaaminen Jaakko Ojalan kuvien parissa - K\u00f6yli\u00f6-seura","robots":{"index":"index","follow":"follow","max-snippet":"max-snippet:-1","max-image-preview":"max-image-preview:large","max-video-preview":"max-video-preview:-1"},"canonical":"https:\/\/koylio-seura.fi\/?p=13379","og_locale":"fi_FI","og_type":"article","og_title":"14.4.2025 Tampereen seudun tapaaminen Jaakko Ojalan kuvien parissa - K\u00f6yli\u00f6-seura","og_description":"Tapaamme Tampereen yhteiskoulun filosofian luokassa maanantaina 14.4.2025 klo 18. Ilta vietet\u00e4\u00e4n Jaakko Ojalan kirjan &#8221;K\u00e4den ja silm\u00e4n lahja, kuvia ihmisist\u00e4&#8221; parissa. K\u00e4yt\u00f6ss\u00e4mme on my\u00f6s Samuli Vahteriston ker\u00e4\u00e4m\u00e4 aineisto Jaakosta kuvin ja sanoin. N\u00e4in p\u00e4\u00e4semme muistelemaan monitoimista K\u00f6yli\u00f6-seuran perustajaj\u00e4sent\u00e4, valokuvaaja Jaakko ... Lue lis\u00e4\u00e4","og_url":"https:\/\/koylio-seura.fi\/?p=13379","og_site_name":"K\u00f6yli\u00f6-seura","article_published_time":"2025-02-19T11:16:06+00:00","article_modified_time":"2025-05-05T15:57:58+00:00","author":"Martti Erkkil\u00e4","twitter_card":"summary_large_image","twitter_misc":{"Kirjoittanut":"Martti Erkkil\u00e4","Arvioitu lukuaika":"1 minuutti"},"schema":{"@context":"https:\/\/schema.org","@graph":[{"@type":"Article","@id":"https:\/\/koylio-seura.fi\/?p=13379#article","isPartOf":{"@id":"https:\/\/koylio-seura.fi\/?p=13379"},"author":{"name":"Martti Erkkil\u00e4","@id":"https:\/\/koylio-seura.fi\/#\/schema\/person\/2dac736fe995540d32bf7a987a8bd737"},"headline":"14.4.2025 Tampereen seudun tapaaminen Jaakko Ojalan kuvien parissa","datePublished":"2025-02-19T11:16:06+00:00","dateModified":"2025-05-05T15:57:58+00:00","mainEntityOfPage":{"@id":"https:\/\/koylio-seura.fi\/?p=13379"},"wordCount":63,"publisher":{"@id":"https:\/\/koylio-seura.fi\/#organization"},"articleSection":["K\u00f6yli\u00f6-seura","K\u00f6yli\u00f6n l\u00e4hialueet","P\u00e4\u00e4kaupunkiseutu","Rauma\/Porin seutu","Tampereen seutu","Turun seutu"],"inLanguage":"fi"},{"@type":"WebPage","@id":"https:\/\/koylio-seura.fi\/?p=13379","url":"https:\/\/koylio-seura.fi\/?p=13379","name":"14.4.2025 Tampereen seudun tapaaminen Jaakko Ojalan kuvien parissa - K\u00f6yli\u00f6-seura","isPartOf":{"@id":"https:\/\/koylio-seura.fi\/#website"},"datePublished":"2025-02-19T11:16:06+00:00","dateModified":"2025-05-05T15:57:58+00:00","breadcrumb":{"@id":"https:\/\/koylio-seura.fi\/?p=13379#breadcrumb"},"inLanguage":"fi","potentialAction":[{"@type":"ReadAction","target":["https:\/\/koylio-seura.fi\/?p=13379"]}]},{"@type":"BreadcrumbList","@id":"https:\/\/koylio-seura.fi\/?p=13379#breadcrumb","itemListElement":[{"@type":"ListItem","position":1,"name":"Etusivu","item":"https:\/\/koylio-seura.fi\/"},{"@type":"ListItem","position":2,"name":"14.4.2025 Tampereen seudun tapaaminen Jaakko Ojalan kuvien parissa"}]},{"@type":"WebSite","@id":"https:\/\/koylio-seura.fi\/#website","url":"https:\/\/koylio-seura.fi\/","name":"K\u00f6yli\u00f6-seura","description":"","publisher":{"@id":"https:\/\/koylio-seura.fi\/#organization"},"potentialAction":[{"@type":"SearchAction","target":{"@type":"EntryPoint","urlTemplate":"https:\/\/koylio-seura.fi\/?s={search_term_string}"},"query-input":{"@type":"PropertyValueSpecification","valueRequired":true,"valueName":"search_term_string"}}],"inLanguage":"fi"},{"@type":"Organization","@id":"https:\/\/koylio-seura.fi\/#organization","name":"K\u00f6yli\u00f6-seura","url":"https:\/\/koylio-seura.fi\/","logo":{"@type":"ImageObject","inLanguage":"fi","@id":"https:\/\/koylio-seura.fi\/#\/schema\/logo\/image\/","url":"https:\/\/koylio-seura.fi\/wp-content\/uploads\/2023\/07\/cropped-KS-logo-23.png","contentUrl":"https:\/\/koylio-seura.fi\/wp-content\/uploads\/2023\/07\/cropped-KS-logo-23.png","width":530,"height":619,"caption":"K\u00f6yli\u00f6-seura"},"image":{"@id":"https:\/\/koylio-seura.fi\/#\/schema\/logo\/image\/"}},{"@type":"Person","@id":"https:\/\/koylio-seura.fi\/#\/schema\/person\/2dac736fe995540d32bf7a987a8bd737","name":"Martti Erkkil\u00e4","image":{"@type":"ImageObject","inLanguage":"fi","@id":"https:\/\/koylio-seura.fi\/#\/schema\/person\/image\/","url":"https:\/\/secure.gravatar.com\/avatar\/787610ca9317e1e7201c5db19f91fb4f638f6d728dcc46c451f318fcab2803fc?s=96&d=mm&r=g","contentUrl":"https:\/\/secure.gravatar.com\/avatar\/787610ca9317e1e7201c5db19f91fb4f638f6d728dcc46c451f318fcab2803fc?s=96&d=mm&r=g","caption":"Martti Erkkil\u00e4"},"url":"https:\/\/koylio-seura.fi\/?author=4"}]}},"_links":{"self":[{"href":"https:\/\/koylio-seura.fi\/index.php?rest_route=\/wp\/v2\/posts\/13379","targetHints":{"allow":["GET"]}}],"collection":[{"href":"https:\/\/koylio-seura.fi\/index.php?rest_route=\/wp\/v2\/posts"}],"about":[{"href":"https:\/\/koylio-seura.fi\/index.php?rest_route=\/wp\/v2\/types\/post"}],"author":[{"embeddable":true,"href":"https:\/\/koylio-seura.fi\/index.php?rest_route=\/wp\/v2\/users\/4"}],"replies":[{"embeddable":true,"href":"https:\/\/koylio-seura.fi\/index.php?rest_route=%2Fwp%2Fv2%2Fcomments&post=13379"}],"version-history":[{"count":4,"href":"https:\/\/koylio-seura.fi\/index.php?rest_route=\/wp\/v2\/posts\/13379\/revisions"}],"predecessor-version":[{"id":13724,"href":"https:\/\/koylio-seura.fi\/index.php?rest_route=\/wp\/v2\/posts\/13379\/revisions\/13724"}],"wp:attachment":[{"href":"https:\/\/koylio-seura.fi\/index.php?rest_route=%2Fwp%2Fv2%2Fmedia&parent=13379"}],"wp:term":[{"taxonomy":"category","embeddable":true,"href":"https:\/\/koylio-seura.fi\/index.php?rest_route=%2Fwp%2Fv2%2Fcategories&post=13379"},{"taxonomy":"post_tag","embeddable":true,"href":"https:\/\/koylio-seura.fi\/index.php?rest_route=%2Fwp%2Fv2%2Ftags&post=13379"}],"curies":[{"name":"wp","href":"https:\/\/api.w.org\/{rel}","templated":true}]}}