{"id":12914,"date":"2025-02-15T10:38:44","date_gmt":"2025-02-15T10:38:44","guid":{"rendered":"https:\/\/koylio-seura.fi\/?p=12914"},"modified":"2025-03-24T16:11:39","modified_gmt":"2025-03-24T16:11:39","slug":"23-3-2025-tavataan-cedercreutz-museolla","status":"publish","type":"post","link":"https:\/\/koylio-seura.fi\/?p=12914","title":{"rendered":"23.3.2025 tavataan Cedercreutz-museolla"},"content":{"rendered":"\t\t<div data-elementor-type=\"wp-post\" data-elementor-id=\"12914\" class=\"elementor elementor-12914\" data-elementor-post-type=\"post\">\n\t\t\t\t\t\t<section class=\"elementor-section elementor-top-section elementor-element elementor-element-65c378c0 elementor-section-boxed elementor-section-height-default elementor-section-height-default\" data-id=\"65c378c0\" data-element_type=\"section\">\n\t\t\t\t\t\t<div class=\"elementor-container elementor-column-gap-default\">\n\t\t\t\t\t<div class=\"elementor-column elementor-col-100 elementor-top-column elementor-element elementor-element-7afd9d7d\" data-id=\"7afd9d7d\" data-element_type=\"column\">\n\t\t\t<div class=\"elementor-widget-wrap elementor-element-populated\">\n\t\t\t\t\t\t<div class=\"elementor-element elementor-element-40a6a221 elementor-widget elementor-widget-text-editor\" data-id=\"40a6a221\" data-element_type=\"widget\" data-widget_type=\"text-editor.default\">\n\t\t\t\t<div class=\"elementor-widget-container\">\n\t\t\t\t\t\t\t\t\t<p><a href=\"https:\/\/koylio-seura.fi\/?page_id=1487\" target=\"_blank\" rel=\"noopener\">T\u00e4st\u00e4 aukeaa K\u00f6yli\u00f6n yst\u00e4v\u00e4t tapahtunutta.<\/a><\/p>\n<p>Tervetuloa viett\u00e4m\u00e4\u00e4n mukavaa iltap\u00e4iv\u00e4\u00e4 taiteen ja historian parissa <br \/>Emil Cedercreutzin museoon! Tapahtuma on K\u00f6yli\u00f6n naapurikuntien ja Pori-Rauman seudun K\u00f6yli\u00f6n Yst\u00e4vien j\u00e4jest\u00e4m\u00e4.\u00a0<br \/><strong>Ohjelma:<\/strong><br \/><strong>Klo 12<\/strong> Opastettu kierros taiteilijakoti Harjulaan<br \/><strong>Klo 13<\/strong> Keittolounas (broileri), kahvi ja suklaapiirakka (omakustanteinen)<br \/><strong>Klo 14<\/strong> K\u00f6yli\u00f6-seuran ajankohtaisia asioita ja kotisivujen esittely\u00e4<br \/><strong>Lopuksi:<\/strong> Tutustuminen K\u00f6yli\u00f6st\u00e4 kotoisin olevan taiteilija Seppo Anttilan n\u00e4yttelyyn \u201d<em>Kohti valoa \u2013 Seppo Anttila retrospektiivi\u201d<\/em> sek\u00e4 \u201d<em>Kotien ja museon aarteita\u201d<\/em> -n\u00e4yttelyyn<\/p>\n<p><strong>Lounaan hinta 25 \u20ac<\/strong>, ilmoittautuessa maksu K\u00f6yli\u00f6-seuran tilille <br \/>FI30 5476 6840 0112 91<\/p>\n<p><strong>Museo ja museokauppa ovat avoinna klo 12\u201316.<\/strong><\/p>\n<p><strong>P\u00e4\u00e4symaksu:<\/strong> 8 \u20ac (sis. opastuksen), Museokortti k\u00e4y<\/p>\n<p><strong>Ilmoittautumiset ja ruokavaliotiedot Pirkko Peltolalle 19.3. menness\u00e4:<\/strong><\/p>\n<p><img fetchpriority=\"high\" decoding=\"async\" class=\"alignleft wp-image-12932 size-full\" src=\"https:\/\/koylio-seura.fi\/wp-content\/uploads\/2025\/02\/Seppo_Anttila.jpg\" alt=\"\" width=\"350\" height=\"271\" srcset=\"https:\/\/koylio-seura.fi\/wp-content\/uploads\/2025\/02\/Seppo_Anttila.jpg 350w, https:\/\/koylio-seura.fi\/wp-content\/uploads\/2025\/02\/Seppo_Anttila-300x232.jpg 300w\" sizes=\"(max-width: 350px) 100vw, 350px\" \/><\/p>\n<p><!-- \/wp:paragraph --><!-- wp:paragraph --><\/p>\n<p><strong>Toivomme ilmoittautumista<\/strong>. Suosittelemme ilmoittautumista alla olevalla lomakkeella.<\/p>\n<p>Voitte my\u00f6s ilmoittautua <a href=\"mailto:pirkkokpeltola@gmail.com\" target=\"_blank\" rel=\"noopener\">pirkkokpeltola@gmail.com<\/a>\u00a0tai 040 043 7803<\/p>\n<p><!-- \/wp:paragraph --><!-- wp:paragraph --><!-- \/wp:paragraph --><!-- wp:paragraph --><!-- \/wp:paragraph --><!-- wp:paragraph --><!-- \/wp:paragraph --><\/p>\t\t\t\t\t\t\t\t<\/div>\n\t\t\t\t<\/div>\n\t\t\t\t<div class=\"elementor-element elementor-element-2e21c56 elementor-widget elementor-widget-shortcode\" data-id=\"2e21c56\" data-element_type=\"widget\" data-widget_type=\"shortcode.default\">\n\t\t\t\t<div class=\"elementor-widget-container\">\n\t\t\t\t\t\t\t<div class=\"elementor-shortcode\"><noscript class=\"ninja-forms-noscript-message\">\n\tHuomautus: JavaScript vaaditaan t\u00e4t\u00e4 sis\u00e4lt\u00f6\u00e4 varten.<\/noscript>\n<div id=\"nf-form-11-cont\" class=\"nf-form-cont\" aria-live=\"polite\" aria-labelledby=\"nf-form-title-11\" aria-describedby=\"nf-form-errors-11\" role=\"form\">\n\n    <div class=\"nf-loading-spinner\"><\/div>\n\n<\/div>\n        <!-- That data is being printed as a workaround to page builders reordering the order of the scripts loaded-->\n        <script>var formDisplay=1;var nfForms=nfForms||[];var form=[];form.id='11';form.settings={\"objectType\":\"Form Setting\",\"editActive\":true,\"title\":\"Ilmoittautumislomake tapahtumaan - K\\u00f6yli\\u00f6n l\\u00e4hialueet\",\"created_at\":\"2024-04-20 15:22:09\",\"default_label_pos\":\"above\",\"show_title\":\"1\",\"clear_complete\":\"1\",\"hide_complete\":\"1\",\"logged_in\":\"\",\"wrapper_class\":\"\",\"element_class\":\"\",\"form_title_heading_level\":\"3\",\"key\":\"\",\"add_submit\":\"1\",\"currency\":\"\",\"unique_field_error\":\"A form with this value has already been submitted.\",\"not_logged_in_msg\":\"\",\"sub_limit_msg\":\"The form has reached its submission limit.\",\"calculations\":[],\"formContentData\":[\"ilmoittaudun_tapahtumaan_23_3_2025_cedercreutz-museolla_1740650271065\",\"firstname_1703613671086\",\"sukunimi_1703610871742\",\"phone_1703609383895\",\"email_1703609392975\",\"address_1703609404365\",\"city_1703609415000\",\"ruoka-ainerajoitteet_1703609634704\",\"ilmoitan_tapahtumaan_samalla_seuraavat_henkilot_esitan_myos_ajatuksiani_1708932671263\",\"submit_1703613700034\"],\"changeEmailErrorMsg\":\"Anna voimassa oleva s\\u00e4hk\\u00f6postiosoite!\",\"changeDateErrorMsg\":\"Please enter a valid date!\",\"confirmFieldErrorMsg\":\"N\\u00e4iden kenttien on t\\u00e4sm\\u00e4tt\\u00e4v\\u00e4!\",\"fieldNumberNumMinError\":\"Numero minimi virhe\",\"fieldNumberNumMaxError\":\"Numero maksimi virhe\",\"fieldNumberIncrementBy\":\"Lis\\u00e4\\u00e4 m\\u00e4\\u00e4r\\u00e4ll\\u00e4 \",\"formErrorsCorrectErrors\":\"Korjaa virheet, ennen kuin l\\u00e4het\\u00e4t t\\u00e4m\\u00e4n lomakkeen.\",\"validateRequiredField\":\"T\\u00e4m\\u00e4 on pakollinen kentt\\u00e4.\",\"honeypotHoneypotError\":\"Honeypot-virhe\",\"fieldsMarkedRequired\":\"T\\u00e4hdell\\u00e4 <span class=\\\"ninja-forms-req-symbol\\\">*<\\\/span> merkityt kent\\u00e4t ovat pakollisia\",\"drawerDisabled\":false,\"allow_public_link\":0,\"embed_form\":\"\",\"ninjaForms\":\"Ninja-lomakkeet\",\"fieldTextareaRTEInsertLink\":\"Lis\\u00e4\\u00e4 linkki\",\"fieldTextareaRTEInsertMedia\":\"Lis\\u00e4\\u00e4 media\",\"fieldTextareaRTESelectAFile\":\"Valitse tiedosto\",\"formHoneypot\":\"Jos n\\u00e4et t\\u00e4m\\u00e4n kent\\u00e4n, j\\u00e4t\\u00e4 se tyhj\\u00e4ksi.\",\"fileUploadOldCodeFileUploadInProgress\":\"Tiedoston l\\u00e4hett\\u00e4minen menossa.\",\"fileUploadOldCodeFileUpload\":\"TIEDOSTON L\\u00c4HETT\\u00c4MINEN\",\"currencySymbol\":\"&euro;\",\"thousands_sep\":\"&nbsp;\",\"decimal_point\":\",\",\"siteLocale\":\"fi\",\"dateFormat\":\"m\\\/d\\\/Y\",\"startOfWeek\":\"1\",\"of\":\" \\\/ \",\"previousMonth\":\"Previous Month\",\"nextMonth\":\"Next Month\",\"months\":[\"January\",\"February\",\"March\",\"April\",\"May\",\"June\",\"July\",\"August\",\"September\",\"October\",\"November\",\"December\"],\"monthsShort\":[\"Jan\",\"Feb\",\"Mar\",\"Apr\",\"May\",\"Jun\",\"Jul\",\"Aug\",\"Sep\",\"Oct\",\"Nov\",\"Dec\"],\"weekdays\":[\"Sunday\",\"Monday\",\"Tuesday\",\"Wednesday\",\"Thursday\",\"Friday\",\"Saturday\"],\"weekdaysShort\":[\"Sun\",\"Mon\",\"Tue\",\"Wed\",\"Thu\",\"Fri\",\"Sat\"],\"weekdaysMin\":[\"Su\",\"Mo\",\"Tu\",\"We\",\"Th\",\"Fr\",\"Sa\"],\"recaptchaConsentMissing\":\"reCaptcha validation couldn&#039;t load.\",\"recaptchaMissingCookie\":\"reCaptcha v3 validation couldn&#039;t load the cookie needed to submit the form.\",\"recaptchaConsentEvent\":\"Accept reCaptcha cookies before sending the form.\",\"currency_symbol\":\"\",\"beforeForm\":\"\",\"beforeFields\":\"\",\"afterFields\":\"\",\"afterForm\":\"\"};form.fields=[{\"objectType\":\"Field\",\"objectDomain\":\"fields\",\"editActive\":false,\"order\":1,\"idAttribute\":\"id\",\"label\":\"Ilmoittaudun tapahtumaan 23.3.2025 Cedercreutz-museolla\",\"type\":\"checkbox\",\"key\":\"ilmoittaudun_tapahtumaan_23_3_2025_cedercreutz-museolla_1740650271065\",\"label_pos\":\"right\",\"required\":\"\",\"container_class\":\"\",\"element_class\":\"\",\"manual_key\":\"\",\"admin_label\":\"\",\"help_text\":\"\",\"default_value\":\"unchecked\",\"checked_value\":\"Tarkistettu\",\"unchecked_value\":\"Ei valittu\",\"checked_calc_value\":\"\",\"unchecked_calc_value\":\"\",\"drawerDisabled\":false,\"field_label\":\"Ilmoittaudun koulutusp\\u00e4iv\\u00e4\\u00e4n 11.4.2024\",\"field_key\":\"ilmoittaudun_koulutuspaivaan_11_4_2024_1710437662861\",\"id\":122,\"beforeField\":\"\",\"afterField\":\"\",\"value\":\"\",\"parentType\":\"checkbox\",\"element_templates\":[\"checkbox\",\"input\"],\"old_classname\":\"\",\"wrap_template\":\"wrap\"},{\"objectType\":\"Field\",\"objectDomain\":\"fields\",\"editActive\":false,\"order\":2,\"idAttribute\":\"id\",\"label\":\"Etunimi\",\"type\":\"firstname\",\"key\":\"firstname_1703613671086\",\"label_pos\":\"above\",\"required\":1,\"default\":\"\",\"placeholder\":\"\",\"container_class\":\"\",\"element_class\":\"\",\"admin_label\":\"\",\"help_text\":\"\",\"custom_name_attribute\":\"fname\",\"personally_identifiable\":1,\"value\":\"\",\"field_label\":\"Etunimi\",\"field_key\":\"firstname_1703613671086\",\"drawerDisabled\":false,\"id\":120,\"beforeField\":\"\",\"afterField\":\"\",\"parentType\":\"firstname\",\"element_templates\":[\"firstname\",\"input\"],\"old_classname\":\"\",\"wrap_template\":\"wrap\"},{\"objectType\":\"Field\",\"objectDomain\":\"fields\",\"editActive\":false,\"order\":3,\"idAttribute\":\"id\",\"label\":\"Sukunimi\",\"type\":\"lastname\",\"key\":\"sukunimi_1703610871742\",\"label_pos\":\"above\",\"required\":1,\"default\":\"\",\"placeholder\":\"\",\"container_class\":\"\",\"element_class\":\"\",\"admin_label\":\"\",\"help_text\":\"\",\"custom_name_attribute\":\"lname\",\"personally_identifiable\":1,\"value\":\"\",\"drawerDisabled\":\"\",\"field_label\":\"Sukunimi\",\"field_key\":\"sukunimi_1703610871742\",\"id\":112,\"beforeField\":\"\",\"afterField\":\"\",\"parentType\":\"lastname\",\"element_templates\":[\"lastname\",\"input\"],\"old_classname\":\"\",\"wrap_template\":\"wrap\"},{\"objectType\":\"Field\",\"objectDomain\":\"fields\",\"editActive\":false,\"order\":4,\"idAttribute\":\"id\",\"label\":\"Puhelin\",\"type\":\"phone\",\"key\":\"phone_1703609383895\",\"label_pos\":\"above\",\"required\":1,\"default\":\"\",\"placeholder\":\"\",\"container_class\":\"\",\"element_class\":\"\",\"input_limit\":\"\",\"input_limit_type\":\"characters\",\"input_limit_msg\":\"Merkkej\\u00e4 j\\u00e4ljell\\u00e4\",\"manual_key\":\"\",\"admin_label\":\"\",\"help_text\":\"\",\"mask\":\"\",\"custom_mask\":\"\",\"custom_name_attribute\":\"phone\",\"personally_identifiable\":1,\"value\":\"\",\"field_label\":\"Puhelin\",\"field_key\":\"phone_1703609383895\",\"id\":113,\"beforeField\":\"\",\"afterField\":\"\",\"parentType\":\"textbox\",\"element_templates\":[\"tel\",\"textbox\",\"input\"],\"old_classname\":\"\",\"wrap_template\":\"wrap\"},{\"objectType\":\"Field\",\"objectDomain\":\"fields\",\"editActive\":false,\"order\":5,\"idAttribute\":\"id\",\"label\":\"S\\u00e4hk\\u00f6posti\",\"type\":\"email\",\"key\":\"email_1703609392975\",\"label_pos\":\"above\",\"required\":1,\"default\":\"\",\"placeholder\":\"\",\"container_class\":\"\",\"element_class\":\"\",\"admin_label\":\"\",\"help_text\":\"\",\"custom_name_attribute\":\"email\",\"personally_identifiable\":1,\"value\":\"\",\"field_label\":\"S\\u00e4hk\\u00f6posti\",\"field_key\":\"email_1703609392975\",\"id\":114,\"beforeField\":\"\",\"afterField\":\"\",\"parentType\":\"email\",\"element_templates\":[\"email\",\"input\"],\"old_classname\":\"\",\"wrap_template\":\"wrap\"},{\"objectType\":\"Field\",\"objectDomain\":\"fields\",\"editActive\":false,\"order\":6,\"idAttribute\":\"id\",\"label\":\"Osoite\",\"type\":\"address\",\"key\":\"address_1703609404365\",\"label_pos\":\"above\",\"required\":\"\",\"default\":\"\",\"placeholder\":\"\",\"container_class\":\"\",\"element_class\":\"\",\"input_limit\":\"\",\"input_limit_type\":\"characters\",\"input_limit_msg\":\"Merkkej\\u00e4 j\\u00e4ljell\\u00e4\",\"manual_key\":\"\",\"admin_label\":\"\",\"help_text\":\"\",\"mask\":\"\",\"custom_mask\":\"\",\"custom_name_attribute\":\"address\",\"personally_identifiable\":1,\"value\":\"\",\"field_label\":\"Osoite\",\"field_key\":\"address_1703609404365\",\"id\":115,\"beforeField\":\"\",\"afterField\":\"\",\"parentType\":\"address\",\"element_templates\":[\"address\",\"textbox\",\"input\"],\"old_classname\":\"\",\"wrap_template\":\"wrap\"},{\"objectType\":\"Field\",\"objectDomain\":\"fields\",\"editActive\":false,\"order\":7,\"idAttribute\":\"id\",\"label\":\"Kaupunki\\\/postitoimipaikka\",\"type\":\"city\",\"key\":\"city_1703609415000\",\"label_pos\":\"above\",\"required\":\"\",\"default\":\"\",\"placeholder\":\"\",\"container_class\":\"\",\"element_class\":\"\",\"input_limit\":\"\",\"input_limit_type\":\"characters\",\"input_limit_msg\":\"Merkkej\\u00e4 j\\u00e4ljell\\u00e4\",\"manual_key\":\"\",\"admin_label\":\"\",\"help_text\":\"\",\"mask\":\"\",\"custom_mask\":\"\",\"custom_name_attribute\":\"city\",\"personally_identifiable\":\"\",\"value\":\"\",\"field_label\":\"Kaupunki\\\/postitoimipaikka\",\"field_key\":\"city_1703609415000\",\"id\":116,\"beforeField\":\"\",\"afterField\":\"\",\"parentType\":\"city\",\"element_templates\":[\"city\",\"textbox\",\"input\"],\"old_classname\":\"\",\"wrap_template\":\"wrap\"},{\"objectType\":\"Field\",\"objectDomain\":\"fields\",\"editActive\":false,\"order\":8,\"idAttribute\":\"id\",\"label\":\"Ruoka-ainerajoitteet\",\"type\":\"textarea\",\"key\":\"ruoka-ainerajoitteet_1703609634704\",\"label_pos\":\"above\",\"required\":0,\"default\":\"\",\"placeholder\":\"\",\"container_class\":\"\",\"element_class\":\"\",\"input_limit\":\"\",\"input_limit_type\":\"characters\",\"input_limit_msg\":\"Merkkej\\u00e4 j\\u00e4ljell\\u00e4\",\"manual_key\":\"\",\"admin_label\":\"\",\"help_text\":\"\",\"textarea_rte\":\"\",\"disable_rte_mobile\":\"\",\"textarea_media\":\"\",\"value\":\"\",\"drawerDisabled\":false,\"field_label\":\"Ruoka-ainerajoitteet\",\"field_key\":\"ruoka-ainerajoitteet_1703609634704\",\"id\":117,\"beforeField\":\"\",\"afterField\":\"\",\"parentType\":\"textarea\",\"element_templates\":[\"textarea\",\"input\"],\"old_classname\":\"\",\"wrap_template\":\"wrap\"},{\"objectType\":\"Field\",\"objectDomain\":\"fields\",\"editActive\":false,\"order\":9,\"idAttribute\":\"id\",\"label\":\"Ilmoitan tapahtumaan samalla seuraavat henkil\\u00f6t. Esit\\u00e4n my\\u00f6s ajatuksiani.\",\"type\":\"textarea\",\"key\":\"ilmoitan_tapahtumaan_samalla_seuraavat_henkilot_esitan_myos_ajatuksiani_1708932671263\",\"label_pos\":\"above\",\"required\":\"\",\"default\":\"\",\"placeholder\":\"\",\"container_class\":\"\",\"element_class\":\"\",\"input_limit\":\"\",\"input_limit_type\":\"characters\",\"input_limit_msg\":\"Merkkej\\u00e4 j\\u00e4ljell\\u00e4\",\"manual_key\":\"\",\"admin_label\":\"\",\"help_text\":\"\",\"textarea_rte\":\"\",\"disable_rte_mobile\":\"\",\"textarea_media\":\"\",\"value\":\"\",\"drawerDisabled\":\"\",\"field_label\":\"Ilmoitan tapahtumaan samalla seuraavat henkil\\u00f6t. Esit\\u00e4n my\\u00f6s ajatuksiani.\",\"field_key\":\"ilmoitan_tapahtumaan_samalla_seuraavat_henkilot_esitan_myos_ajatuksiani_1708932671263\",\"id\":118,\"beforeField\":\"\",\"afterField\":\"\",\"parentType\":\"textarea\",\"element_templates\":[\"textarea\",\"input\"],\"old_classname\":\"\",\"wrap_template\":\"wrap\"},{\"objectType\":\"Field\",\"objectDomain\":\"fields\",\"editActive\":false,\"order\":10,\"idAttribute\":\"id\",\"label\":\"L\\u00e4het\\u00e4\",\"type\":\"submit\",\"processing_label\":\"L\\u00e4hetet\\u00e4\\u00e4n\",\"container_class\":\"\",\"element_class\":\"\",\"key\":\"submit_1703613700034\",\"field_label\":\"L\\u00e4het\\u00e4\",\"field_key\":\"submit_1703613700034\",\"admin_label\":\"\",\"id\":121,\"beforeField\":\"\",\"afterField\":\"\",\"value\":\"\",\"label_pos\":\"above\",\"parentType\":\"textbox\",\"element_templates\":[\"submit\",\"button\",\"input\"],\"old_classname\":\"\",\"wrap_template\":\"wrap-no-label\"}];nfForms.push(form);<\/script>\n        <\/div>\n\t\t\t\t\t\t<\/div>\n\t\t\t\t<\/div>\n\t\t\t\t\t<\/div>\n\t\t<\/div>\n\t\t\t\t\t<\/div>\n\t\t<\/section>\n\t\t\t\t<\/div>\n\t\t","protected":false},"excerpt":{"rendered":"<p>T\u00e4st\u00e4 aukeaa K\u00f6yli\u00f6n yst\u00e4v\u00e4t tapahtunutta. Tervetuloa viett\u00e4m\u00e4\u00e4n mukavaa iltap\u00e4iv\u00e4\u00e4 taiteen ja historian parissa Emil Cedercreutzin museoon! Tapahtuma on K\u00f6yli\u00f6n naapurikuntien ja Pori-Rauman seudun K\u00f6yli\u00f6n Yst\u00e4vien j\u00e4jest\u00e4m\u00e4.\u00a0Ohjelma:Klo 12 Opastettu kierros taiteilijakoti HarjulaanKlo 13 Keittolounas (broileri), kahvi ja suklaapiirakka (omakustanteinen)Klo 14 K\u00f6yli\u00f6-seuran &#8230; <a title=\"23.3.2025 tavataan Cedercreutz-museolla\" class=\"read-more\" href=\"https:\/\/koylio-seura.fi\/?p=12914\" aria-label=\"Lue lis\u00e4\u00e4 aiheesta 23.3.2025 tavataan Cedercreutz-museolla\">Lue lis\u00e4\u00e4<\/a><\/p>\n","protected":false},"author":11,"featured_media":0,"comment_status":"closed","ping_status":"closed","sticky":false,"template":"","format":"standard","meta":{"footnotes":""},"categories":[4,9,7],"tags":[],"class_list":["post-12914","post","type-post","status-publish","format-standard","hentry","category-koylio-seura","category-koylion-lahialueet","category-rauma-porin-seutu","infinite-scroll-item"],"yoast_head":"<!-- This site is optimized with the Yoast SEO plugin v26.6 - https:\/\/yoast.com\/wordpress\/plugins\/seo\/ -->\n<title>23.3.2025 tavataan Cedercreutz-museolla - K\u00f6yli\u00f6-seura<\/title>\n<meta name=\"robots\" content=\"index, follow, max-snippet:-1, max-image-preview:large, max-video-preview:-1\" \/>\n<link rel=\"canonical\" href=\"https:\/\/koylio-seura.fi\/?p=12914\" \/>\n<meta property=\"og:locale\" content=\"fi_FI\" \/>\n<meta property=\"og:type\" content=\"article\" \/>\n<meta property=\"og:title\" content=\"23.3.2025 tavataan Cedercreutz-museolla - K\u00f6yli\u00f6-seura\" \/>\n<meta property=\"og:description\" content=\"T\u00e4st\u00e4 aukeaa K\u00f6yli\u00f6n yst\u00e4v\u00e4t tapahtunutta. Tervetuloa viett\u00e4m\u00e4\u00e4n mukavaa iltap\u00e4iv\u00e4\u00e4 taiteen ja historian parissa Emil Cedercreutzin museoon! Tapahtuma on K\u00f6yli\u00f6n naapurikuntien ja Pori-Rauman seudun K\u00f6yli\u00f6n Yst\u00e4vien j\u00e4jest\u00e4m\u00e4.\u00a0Ohjelma:Klo 12 Opastettu kierros taiteilijakoti HarjulaanKlo 13 Keittolounas (broileri), kahvi ja suklaapiirakka (omakustanteinen)Klo 14 K\u00f6yli\u00f6-seuran ... Lue lis\u00e4\u00e4\" \/>\n<meta property=\"og:url\" content=\"https:\/\/koylio-seura.fi\/?p=12914\" \/>\n<meta property=\"og:site_name\" content=\"K\u00f6yli\u00f6-seura\" \/>\n<meta property=\"article:published_time\" content=\"2025-02-15T10:38:44+00:00\" \/>\n<meta property=\"article:modified_time\" content=\"2025-03-24T16:11:39+00:00\" \/>\n<meta property=\"og:image\" content=\"https:\/\/koylio-seura.fi\/wp-content\/uploads\/2025\/02\/Seppo_Anttila.jpg\" \/>\n<meta name=\"author\" content=\"Kalevi Salmi\" \/>\n<meta name=\"twitter:card\" content=\"summary_large_image\" \/>\n<meta name=\"twitter:label1\" content=\"Kirjoittanut\" \/>\n\t<meta name=\"twitter:data1\" content=\"Kalevi Salmi\" \/>\n\t<meta name=\"twitter:label2\" content=\"Arvioitu lukuaika\" \/>\n\t<meta name=\"twitter:data2\" content=\"1 minuutti\" \/>\n<script type=\"application\/ld+json\" class=\"yoast-schema-graph\">{\"@context\":\"https:\/\/schema.org\",\"@graph\":[{\"@type\":\"Article\",\"@id\":\"https:\/\/koylio-seura.fi\/?p=12914#article\",\"isPartOf\":{\"@id\":\"https:\/\/koylio-seura.fi\/?p=12914\"},\"author\":{\"name\":\"Kalevi Salmi\",\"@id\":\"https:\/\/koylio-seura.fi\/#\/schema\/person\/fc8dd0da791a25161db3b36950c44188\"},\"headline\":\"23.3.2025 tavataan Cedercreutz-museolla\",\"datePublished\":\"2025-02-15T10:38:44+00:00\",\"dateModified\":\"2025-03-24T16:11:39+00:00\",\"mainEntityOfPage\":{\"@id\":\"https:\/\/koylio-seura.fi\/?p=12914\"},\"wordCount\":135,\"publisher\":{\"@id\":\"https:\/\/koylio-seura.fi\/#organization\"},\"image\":{\"@id\":\"https:\/\/koylio-seura.fi\/?p=12914#primaryimage\"},\"thumbnailUrl\":\"https:\/\/koylio-seura.fi\/wp-content\/uploads\/2025\/02\/Seppo_Anttila.jpg\",\"articleSection\":[\"K\u00f6yli\u00f6-seura\",\"K\u00f6yli\u00f6n l\u00e4hialueet\",\"Rauma\/Porin seutu\"],\"inLanguage\":\"fi\"},{\"@type\":\"WebPage\",\"@id\":\"https:\/\/koylio-seura.fi\/?p=12914\",\"url\":\"https:\/\/koylio-seura.fi\/?p=12914\",\"name\":\"23.3.2025 tavataan Cedercreutz-museolla - K\u00f6yli\u00f6-seura\",\"isPartOf\":{\"@id\":\"https:\/\/koylio-seura.fi\/#website\"},\"primaryImageOfPage\":{\"@id\":\"https:\/\/koylio-seura.fi\/?p=12914#primaryimage\"},\"image\":{\"@id\":\"https:\/\/koylio-seura.fi\/?p=12914#primaryimage\"},\"thumbnailUrl\":\"https:\/\/koylio-seura.fi\/wp-content\/uploads\/2025\/02\/Seppo_Anttila.jpg\",\"datePublished\":\"2025-02-15T10:38:44+00:00\",\"dateModified\":\"2025-03-24T16:11:39+00:00\",\"breadcrumb\":{\"@id\":\"https:\/\/koylio-seura.fi\/?p=12914#breadcrumb\"},\"inLanguage\":\"fi\",\"potentialAction\":[{\"@type\":\"ReadAction\",\"target\":[\"https:\/\/koylio-seura.fi\/?p=12914\"]}]},{\"@type\":\"ImageObject\",\"inLanguage\":\"fi\",\"@id\":\"https:\/\/koylio-seura.fi\/?p=12914#primaryimage\",\"url\":\"https:\/\/koylio-seura.fi\/wp-content\/uploads\/2025\/02\/Seppo_Anttila.jpg\",\"contentUrl\":\"https:\/\/koylio-seura.fi\/wp-content\/uploads\/2025\/02\/Seppo_Anttila.jpg\",\"width\":350,\"height\":271},{\"@type\":\"BreadcrumbList\",\"@id\":\"https:\/\/koylio-seura.fi\/?p=12914#breadcrumb\",\"itemListElement\":[{\"@type\":\"ListItem\",\"position\":1,\"name\":\"Etusivu\",\"item\":\"https:\/\/koylio-seura.fi\/\"},{\"@type\":\"ListItem\",\"position\":2,\"name\":\"23.3.2025 tavataan Cedercreutz-museolla\"}]},{\"@type\":\"WebSite\",\"@id\":\"https:\/\/koylio-seura.fi\/#website\",\"url\":\"https:\/\/koylio-seura.fi\/\",\"name\":\"K\u00f6yli\u00f6-seura\",\"description\":\"\",\"publisher\":{\"@id\":\"https:\/\/koylio-seura.fi\/#organization\"},\"potentialAction\":[{\"@type\":\"SearchAction\",\"target\":{\"@type\":\"EntryPoint\",\"urlTemplate\":\"https:\/\/koylio-seura.fi\/?s={search_term_string}\"},\"query-input\":{\"@type\":\"PropertyValueSpecification\",\"valueRequired\":true,\"valueName\":\"search_term_string\"}}],\"inLanguage\":\"fi\"},{\"@type\":\"Organization\",\"@id\":\"https:\/\/koylio-seura.fi\/#organization\",\"name\":\"K\u00f6yli\u00f6-seura\",\"url\":\"https:\/\/koylio-seura.fi\/\",\"logo\":{\"@type\":\"ImageObject\",\"inLanguage\":\"fi\",\"@id\":\"https:\/\/koylio-seura.fi\/#\/schema\/logo\/image\/\",\"url\":\"https:\/\/koylio-seura.fi\/wp-content\/uploads\/2023\/07\/cropped-KS-logo-23.png\",\"contentUrl\":\"https:\/\/koylio-seura.fi\/wp-content\/uploads\/2023\/07\/cropped-KS-logo-23.png\",\"width\":530,\"height\":619,\"caption\":\"K\u00f6yli\u00f6-seura\"},\"image\":{\"@id\":\"https:\/\/koylio-seura.fi\/#\/schema\/logo\/image\/\"}},{\"@type\":\"Person\",\"@id\":\"https:\/\/koylio-seura.fi\/#\/schema\/person\/fc8dd0da791a25161db3b36950c44188\",\"name\":\"Kalevi Salmi\",\"image\":{\"@type\":\"ImageObject\",\"inLanguage\":\"fi\",\"@id\":\"https:\/\/koylio-seura.fi\/#\/schema\/person\/image\/\",\"url\":\"https:\/\/secure.gravatar.com\/avatar\/e7f1c7ac88f588202efcaf38835bdd03405bce50229f16223f8c2237b8a2809a?s=96&d=mm&r=g\",\"contentUrl\":\"https:\/\/secure.gravatar.com\/avatar\/e7f1c7ac88f588202efcaf38835bdd03405bce50229f16223f8c2237b8a2809a?s=96&d=mm&r=g\",\"caption\":\"Kalevi Salmi\"},\"url\":\"https:\/\/koylio-seura.fi\/?author=11\"}]}<\/script>\n<!-- \/ Yoast SEO plugin. -->","yoast_head_json":{"title":"23.3.2025 tavataan Cedercreutz-museolla - K\u00f6yli\u00f6-seura","robots":{"index":"index","follow":"follow","max-snippet":"max-snippet:-1","max-image-preview":"max-image-preview:large","max-video-preview":"max-video-preview:-1"},"canonical":"https:\/\/koylio-seura.fi\/?p=12914","og_locale":"fi_FI","og_type":"article","og_title":"23.3.2025 tavataan Cedercreutz-museolla - K\u00f6yli\u00f6-seura","og_description":"T\u00e4st\u00e4 aukeaa K\u00f6yli\u00f6n yst\u00e4v\u00e4t tapahtunutta. Tervetuloa viett\u00e4m\u00e4\u00e4n mukavaa iltap\u00e4iv\u00e4\u00e4 taiteen ja historian parissa Emil Cedercreutzin museoon! Tapahtuma on K\u00f6yli\u00f6n naapurikuntien ja Pori-Rauman seudun K\u00f6yli\u00f6n Yst\u00e4vien j\u00e4jest\u00e4m\u00e4.\u00a0Ohjelma:Klo 12 Opastettu kierros taiteilijakoti HarjulaanKlo 13 Keittolounas (broileri), kahvi ja suklaapiirakka (omakustanteinen)Klo 14 K\u00f6yli\u00f6-seuran ... Lue lis\u00e4\u00e4","og_url":"https:\/\/koylio-seura.fi\/?p=12914","og_site_name":"K\u00f6yli\u00f6-seura","article_published_time":"2025-02-15T10:38:44+00:00","article_modified_time":"2025-03-24T16:11:39+00:00","og_image":[{"url":"https:\/\/koylio-seura.fi\/wp-content\/uploads\/2025\/02\/Seppo_Anttila.jpg","type":"","width":"","height":""}],"author":"Kalevi Salmi","twitter_card":"summary_large_image","twitter_misc":{"Kirjoittanut":"Kalevi Salmi","Arvioitu lukuaika":"1 minuutti"},"schema":{"@context":"https:\/\/schema.org","@graph":[{"@type":"Article","@id":"https:\/\/koylio-seura.fi\/?p=12914#article","isPartOf":{"@id":"https:\/\/koylio-seura.fi\/?p=12914"},"author":{"name":"Kalevi Salmi","@id":"https:\/\/koylio-seura.fi\/#\/schema\/person\/fc8dd0da791a25161db3b36950c44188"},"headline":"23.3.2025 tavataan Cedercreutz-museolla","datePublished":"2025-02-15T10:38:44+00:00","dateModified":"2025-03-24T16:11:39+00:00","mainEntityOfPage":{"@id":"https:\/\/koylio-seura.fi\/?p=12914"},"wordCount":135,"publisher":{"@id":"https:\/\/koylio-seura.fi\/#organization"},"image":{"@id":"https:\/\/koylio-seura.fi\/?p=12914#primaryimage"},"thumbnailUrl":"https:\/\/koylio-seura.fi\/wp-content\/uploads\/2025\/02\/Seppo_Anttila.jpg","articleSection":["K\u00f6yli\u00f6-seura","K\u00f6yli\u00f6n l\u00e4hialueet","Rauma\/Porin seutu"],"inLanguage":"fi"},{"@type":"WebPage","@id":"https:\/\/koylio-seura.fi\/?p=12914","url":"https:\/\/koylio-seura.fi\/?p=12914","name":"23.3.2025 tavataan Cedercreutz-museolla - K\u00f6yli\u00f6-seura","isPartOf":{"@id":"https:\/\/koylio-seura.fi\/#website"},"primaryImageOfPage":{"@id":"https:\/\/koylio-seura.fi\/?p=12914#primaryimage"},"image":{"@id":"https:\/\/koylio-seura.fi\/?p=12914#primaryimage"},"thumbnailUrl":"https:\/\/koylio-seura.fi\/wp-content\/uploads\/2025\/02\/Seppo_Anttila.jpg","datePublished":"2025-02-15T10:38:44+00:00","dateModified":"2025-03-24T16:11:39+00:00","breadcrumb":{"@id":"https:\/\/koylio-seura.fi\/?p=12914#breadcrumb"},"inLanguage":"fi","potentialAction":[{"@type":"ReadAction","target":["https:\/\/koylio-seura.fi\/?p=12914"]}]},{"@type":"ImageObject","inLanguage":"fi","@id":"https:\/\/koylio-seura.fi\/?p=12914#primaryimage","url":"https:\/\/koylio-seura.fi\/wp-content\/uploads\/2025\/02\/Seppo_Anttila.jpg","contentUrl":"https:\/\/koylio-seura.fi\/wp-content\/uploads\/2025\/02\/Seppo_Anttila.jpg","width":350,"height":271},{"@type":"BreadcrumbList","@id":"https:\/\/koylio-seura.fi\/?p=12914#breadcrumb","itemListElement":[{"@type":"ListItem","position":1,"name":"Etusivu","item":"https:\/\/koylio-seura.fi\/"},{"@type":"ListItem","position":2,"name":"23.3.2025 tavataan Cedercreutz-museolla"}]},{"@type":"WebSite","@id":"https:\/\/koylio-seura.fi\/#website","url":"https:\/\/koylio-seura.fi\/","name":"K\u00f6yli\u00f6-seura","description":"","publisher":{"@id":"https:\/\/koylio-seura.fi\/#organization"},"potentialAction":[{"@type":"SearchAction","target":{"@type":"EntryPoint","urlTemplate":"https:\/\/koylio-seura.fi\/?s={search_term_string}"},"query-input":{"@type":"PropertyValueSpecification","valueRequired":true,"valueName":"search_term_string"}}],"inLanguage":"fi"},{"@type":"Organization","@id":"https:\/\/koylio-seura.fi\/#organization","name":"K\u00f6yli\u00f6-seura","url":"https:\/\/koylio-seura.fi\/","logo":{"@type":"ImageObject","inLanguage":"fi","@id":"https:\/\/koylio-seura.fi\/#\/schema\/logo\/image\/","url":"https:\/\/koylio-seura.fi\/wp-content\/uploads\/2023\/07\/cropped-KS-logo-23.png","contentUrl":"https:\/\/koylio-seura.fi\/wp-content\/uploads\/2023\/07\/cropped-KS-logo-23.png","width":530,"height":619,"caption":"K\u00f6yli\u00f6-seura"},"image":{"@id":"https:\/\/koylio-seura.fi\/#\/schema\/logo\/image\/"}},{"@type":"Person","@id":"https:\/\/koylio-seura.fi\/#\/schema\/person\/fc8dd0da791a25161db3b36950c44188","name":"Kalevi Salmi","image":{"@type":"ImageObject","inLanguage":"fi","@id":"https:\/\/koylio-seura.fi\/#\/schema\/person\/image\/","url":"https:\/\/secure.gravatar.com\/avatar\/e7f1c7ac88f588202efcaf38835bdd03405bce50229f16223f8c2237b8a2809a?s=96&d=mm&r=g","contentUrl":"https:\/\/secure.gravatar.com\/avatar\/e7f1c7ac88f588202efcaf38835bdd03405bce50229f16223f8c2237b8a2809a?s=96&d=mm&r=g","caption":"Kalevi Salmi"},"url":"https:\/\/koylio-seura.fi\/?author=11"}]}},"_links":{"self":[{"href":"https:\/\/koylio-seura.fi\/index.php?rest_route=\/wp\/v2\/posts\/12914","targetHints":{"allow":["GET"]}}],"collection":[{"href":"https:\/\/koylio-seura.fi\/index.php?rest_route=\/wp\/v2\/posts"}],"about":[{"href":"https:\/\/koylio-seura.fi\/index.php?rest_route=\/wp\/v2\/types\/post"}],"author":[{"embeddable":true,"href":"https:\/\/koylio-seura.fi\/index.php?rest_route=\/wp\/v2\/users\/11"}],"replies":[{"embeddable":true,"href":"https:\/\/koylio-seura.fi\/index.php?rest_route=%2Fwp%2Fv2%2Fcomments&post=12914"}],"version-history":[{"count":34,"href":"https:\/\/koylio-seura.fi\/index.php?rest_route=\/wp\/v2\/posts\/12914\/revisions"}],"predecessor-version":[{"id":13433,"href":"https:\/\/koylio-seura.fi\/index.php?rest_route=\/wp\/v2\/posts\/12914\/revisions\/13433"}],"wp:attachment":[{"href":"https:\/\/koylio-seura.fi\/index.php?rest_route=%2Fwp%2Fv2%2Fmedia&parent=12914"}],"wp:term":[{"taxonomy":"category","embeddable":true,"href":"https:\/\/koylio-seura.fi\/index.php?rest_route=%2Fwp%2Fv2%2Fcategories&post=12914"},{"taxonomy":"post_tag","embeddable":true,"href":"https:\/\/koylio-seura.fi\/index.php?rest_route=%2Fwp%2Fv2%2Ftags&post=12914"}],"curies":[{"name":"wp","href":"https:\/\/api.w.org\/{rel}","templated":true}]}}