{"id":12308,"date":"2025-01-21T12:05:41","date_gmt":"2025-01-21T12:05:41","guid":{"rendered":"https:\/\/koylio-seura.fi\/?p=12308"},"modified":"2025-02-27T16:43:38","modified_gmt":"2025-02-27T16:43:38","slug":"25-2-2025-koyliolaisten-kuvien-ilta-turussa","status":"publish","type":"post","link":"https:\/\/koylio-seura.fi\/?p=12308","title":{"rendered":"25.2.2025 K\u00f6yli\u00f6l\u00e4isten kuvien ilta Turussa"},"content":{"rendered":"\t\t<div data-elementor-type=\"wp-post\" data-elementor-id=\"12308\" class=\"elementor elementor-12308\" data-elementor-post-type=\"post\">\n\t\t\t\t\t\t<section class=\"elementor-section elementor-top-section elementor-element elementor-element-5438c878 elementor-section-boxed elementor-section-height-default elementor-section-height-default\" data-id=\"5438c878\" data-element_type=\"section\">\n\t\t\t\t\t\t<div class=\"elementor-container elementor-column-gap-default\">\n\t\t\t\t\t<div class=\"elementor-column elementor-col-100 elementor-top-column elementor-element elementor-element-6b4b76a1\" data-id=\"6b4b76a1\" data-element_type=\"column\">\n\t\t\t<div class=\"elementor-widget-wrap elementor-element-populated\">\n\t\t\t\t\t\t<div class=\"elementor-element elementor-element-53d1fbe1 elementor-widget elementor-widget-text-editor\" data-id=\"53d1fbe1\" data-element_type=\"widget\" data-widget_type=\"text-editor.default\">\n\t\t\t\t<div class=\"elementor-widget-container\">\n\t\t\t\t\t\t\t\t\t\n<p>\u00a0<\/p>\n<p><a href=\"https:\/\/koylio-seura.fi\/?page_id=1499\" target=\"_blank\" rel=\"noopener\">T\u00e4st\u00e4 linkist\u00e4<\/a> avautuu kuvat ja kertomus K\u00f6yli\u00f6l\u00e4istenkuvien illasta.<\/p>\n<p>Hyv\u00e4t K\u00f6yli\u00f6n yst\u00e4v\u00e4t!<br \/>Tervetuloa k\u00f6yli\u00f6l\u00e4isten kuvien iltaan Turkuun 25.2.2025!<br \/>Kokoonnumme Panimoravintola Koulun Wecksell-kabinetissa klo 18. Osoite on Eerikinkatu 18, Turku.<br \/>Ohjelma:<br \/>&#8211; \u201dSilm\u00e4n ja k\u00e4den lahja &#8211; Jaakko Ojalan valokuvia\u201d, koonnut Samuli Vahteristo Jaakko Ojalan valokuva-arkistosta.<br \/>&#8211; Tiina Reunasen Lalli-dokumentti<br \/>&#8211; K\u00f6yli\u00f6-seuran uusien kotisivujen <a href=\"https:\/\/koylio-seura.fi\/\">https:\/\/koylio-seura.fi\/<\/a> esittely, Kalevi Salmi ja Marita Holkeri<br \/>&#8211; Asiaa syksyll\u00e4 ilmestyv\u00e4st\u00e4 K\u00f6yliist19 k\u00f6yli\u00f6l\u00e4isest\u00e4 murrekirjasta<\/p>\n\n<p>Ravintolan antimia nautimme omakustanteisesti. Sy\u00f6t\u00e4v\u00e4t tilataan Koulun Gastropubilistalta. Talon juomavalikoima on runsas. Panimoravintolan olut on kuuluisaa. <br \/><strong>Sitovat ilmoittautumiset 15.2.2025 menness\u00e4 <a href=\"mailto:marita.holkeri@gmail.fi\">marita.holkeri@gmail.com<\/a> tai Marita Holkeri <\/strong><strong>puh. 050 3426466<\/strong><\/p>\n\n<p>Viett\u00e4k\u00e4\u00e4mme yhdess\u00e4 leppoisa k\u00f6yli\u00f6l\u00e4isten ilta!<br \/>L\u00e4mpim\u00e4sti tervetuloa!<br \/>Toivottaa K\u00f6yli\u00f6-seuran Turun seudun K\u00f6yli\u00f6n yst\u00e4v\u00e4t<\/p>\n\n<p>K<a href=\"https:\/\/koylio-seura.fi\/wp-content\/uploads\/2025\/01\/Koylion-ystavat-kutsu-Turkuun-25.2.2025-1.pdf\" target=\"_blank\" rel=\"noopener\">utsu liitteen\u00e4<\/a><\/p>\n\n<p>\u00a0<\/p>\n\t\t\t\t\t\t\t\t<\/div>\n\t\t\t\t<\/div>\n\t\t\t\t\t<\/div>\n\t\t<\/div>\n\t\t\t\t\t<\/div>\n\t\t<\/section>\n\t\t\t\t<\/div>\n\t\t","protected":false},"excerpt":{"rendered":"<p>\u00a0 T\u00e4st\u00e4 linkist\u00e4 avautuu kuvat ja kertomus K\u00f6yli\u00f6l\u00e4istenkuvien illasta. Hyv\u00e4t K\u00f6yli\u00f6n yst\u00e4v\u00e4t!Tervetuloa k\u00f6yli\u00f6l\u00e4isten kuvien iltaan Turkuun 25.2.2025!Kokoonnumme Panimoravintola Koulun Wecksell-kabinetissa klo 18. Osoite on Eerikinkatu 18, Turku.Ohjelma:&#8211; \u201dSilm\u00e4n ja k\u00e4den lahja &#8211; Jaakko Ojalan valokuvia\u201d, koonnut Samuli Vahteristo Jaakko Ojalan &#8230; <a title=\"25.2.2025 K\u00f6yli\u00f6l\u00e4isten kuvien ilta Turussa\" class=\"read-more\" href=\"https:\/\/koylio-seura.fi\/?p=12308\" aria-label=\"Lue lis\u00e4\u00e4 aiheesta 25.2.2025 K\u00f6yli\u00f6l\u00e4isten kuvien ilta Turussa\">Lue lis\u00e4\u00e4<\/a><\/p>\n","protected":false},"author":6,"featured_media":0,"comment_status":"closed","ping_status":"closed","sticky":false,"template":"","format":"standard","meta":{"footnotes":""},"categories":[4,9,5,7,8,6],"tags":[],"class_list":["post-12308","post","type-post","status-publish","format-standard","hentry","category-koylio-seura","category-koylion-lahialueet","category-paakaupunkiseutu","category-rauma-porin-seutu","category-tampereen-seutu","category-turun-seutu","infinite-scroll-item"],"yoast_head":"<!-- This site is optimized with the Yoast SEO plugin v26.6 - https:\/\/yoast.com\/wordpress\/plugins\/seo\/ -->\n<title>25.2.2025 K\u00f6yli\u00f6l\u00e4isten kuvien ilta Turussa - K\u00f6yli\u00f6-seura<\/title>\n<meta name=\"robots\" content=\"index, follow, max-snippet:-1, max-image-preview:large, max-video-preview:-1\" \/>\n<link rel=\"canonical\" href=\"https:\/\/koylio-seura.fi\/?p=12308\" \/>\n<meta property=\"og:locale\" content=\"fi_FI\" \/>\n<meta property=\"og:type\" content=\"article\" \/>\n<meta property=\"og:title\" content=\"25.2.2025 K\u00f6yli\u00f6l\u00e4isten kuvien ilta Turussa - K\u00f6yli\u00f6-seura\" \/>\n<meta property=\"og:description\" content=\"\u00a0 T\u00e4st\u00e4 linkist\u00e4 avautuu kuvat ja kertomus K\u00f6yli\u00f6l\u00e4istenkuvien illasta. Hyv\u00e4t K\u00f6yli\u00f6n yst\u00e4v\u00e4t!Tervetuloa k\u00f6yli\u00f6l\u00e4isten kuvien iltaan Turkuun 25.2.2025!Kokoonnumme Panimoravintola Koulun Wecksell-kabinetissa klo 18. Osoite on Eerikinkatu 18, Turku.Ohjelma:&#8211; \u201dSilm\u00e4n ja k\u00e4den lahja &#8211; Jaakko Ojalan valokuvia\u201d, koonnut Samuli Vahteristo Jaakko Ojalan ... Lue lis\u00e4\u00e4\" \/>\n<meta property=\"og:url\" content=\"https:\/\/koylio-seura.fi\/?p=12308\" \/>\n<meta property=\"og:site_name\" content=\"K\u00f6yli\u00f6-seura\" \/>\n<meta property=\"article:published_time\" content=\"2025-01-21T12:05:41+00:00\" \/>\n<meta property=\"article:modified_time\" content=\"2025-02-27T16:43:38+00:00\" \/>\n<meta name=\"author\" content=\"Marita Holkeri\" \/>\n<meta name=\"twitter:card\" content=\"summary_large_image\" \/>\n<meta name=\"twitter:label1\" content=\"Kirjoittanut\" \/>\n\t<meta name=\"twitter:data1\" content=\"Marita Holkeri\" \/>\n\t<meta name=\"twitter:label2\" content=\"Arvioitu lukuaika\" \/>\n\t<meta name=\"twitter:data2\" content=\"1 minuutti\" \/>\n<script type=\"application\/ld+json\" class=\"yoast-schema-graph\">{\"@context\":\"https:\/\/schema.org\",\"@graph\":[{\"@type\":\"Article\",\"@id\":\"https:\/\/koylio-seura.fi\/?p=12308#article\",\"isPartOf\":{\"@id\":\"https:\/\/koylio-seura.fi\/?p=12308\"},\"author\":{\"name\":\"Marita Holkeri\",\"@id\":\"https:\/\/koylio-seura.fi\/#\/schema\/person\/df27e5a4e7c9a06b7b1b7d0fb9c6b2b9\"},\"headline\":\"25.2.2025 K\u00f6yli\u00f6l\u00e4isten kuvien ilta Turussa\",\"datePublished\":\"2025-01-21T12:05:41+00:00\",\"dateModified\":\"2025-02-27T16:43:38+00:00\",\"mainEntityOfPage\":{\"@id\":\"https:\/\/koylio-seura.fi\/?p=12308\"},\"wordCount\":149,\"publisher\":{\"@id\":\"https:\/\/koylio-seura.fi\/#organization\"},\"articleSection\":[\"K\u00f6yli\u00f6-seura\",\"K\u00f6yli\u00f6n l\u00e4hialueet\",\"P\u00e4\u00e4kaupunkiseutu\",\"Rauma\/Porin seutu\",\"Tampereen seutu\",\"Turun seutu\"],\"inLanguage\":\"fi\"},{\"@type\":\"WebPage\",\"@id\":\"https:\/\/koylio-seura.fi\/?p=12308\",\"url\":\"https:\/\/koylio-seura.fi\/?p=12308\",\"name\":\"25.2.2025 K\u00f6yli\u00f6l\u00e4isten kuvien ilta Turussa - K\u00f6yli\u00f6-seura\",\"isPartOf\":{\"@id\":\"https:\/\/koylio-seura.fi\/#website\"},\"datePublished\":\"2025-01-21T12:05:41+00:00\",\"dateModified\":\"2025-02-27T16:43:38+00:00\",\"breadcrumb\":{\"@id\":\"https:\/\/koylio-seura.fi\/?p=12308#breadcrumb\"},\"inLanguage\":\"fi\",\"potentialAction\":[{\"@type\":\"ReadAction\",\"target\":[\"https:\/\/koylio-seura.fi\/?p=12308\"]}]},{\"@type\":\"BreadcrumbList\",\"@id\":\"https:\/\/koylio-seura.fi\/?p=12308#breadcrumb\",\"itemListElement\":[{\"@type\":\"ListItem\",\"position\":1,\"name\":\"Etusivu\",\"item\":\"https:\/\/koylio-seura.fi\/\"},{\"@type\":\"ListItem\",\"position\":2,\"name\":\"25.2.2025 K\u00f6yli\u00f6l\u00e4isten kuvien ilta Turussa\"}]},{\"@type\":\"WebSite\",\"@id\":\"https:\/\/koylio-seura.fi\/#website\",\"url\":\"https:\/\/koylio-seura.fi\/\",\"name\":\"K\u00f6yli\u00f6-seura\",\"description\":\"\",\"publisher\":{\"@id\":\"https:\/\/koylio-seura.fi\/#organization\"},\"potentialAction\":[{\"@type\":\"SearchAction\",\"target\":{\"@type\":\"EntryPoint\",\"urlTemplate\":\"https:\/\/koylio-seura.fi\/?s={search_term_string}\"},\"query-input\":{\"@type\":\"PropertyValueSpecification\",\"valueRequired\":true,\"valueName\":\"search_term_string\"}}],\"inLanguage\":\"fi\"},{\"@type\":\"Organization\",\"@id\":\"https:\/\/koylio-seura.fi\/#organization\",\"name\":\"K\u00f6yli\u00f6-seura\",\"url\":\"https:\/\/koylio-seura.fi\/\",\"logo\":{\"@type\":\"ImageObject\",\"inLanguage\":\"fi\",\"@id\":\"https:\/\/koylio-seura.fi\/#\/schema\/logo\/image\/\",\"url\":\"https:\/\/koylio-seura.fi\/wp-content\/uploads\/2023\/07\/cropped-KS-logo-23.png\",\"contentUrl\":\"https:\/\/koylio-seura.fi\/wp-content\/uploads\/2023\/07\/cropped-KS-logo-23.png\",\"width\":530,\"height\":619,\"caption\":\"K\u00f6yli\u00f6-seura\"},\"image\":{\"@id\":\"https:\/\/koylio-seura.fi\/#\/schema\/logo\/image\/\"}},{\"@type\":\"Person\",\"@id\":\"https:\/\/koylio-seura.fi\/#\/schema\/person\/df27e5a4e7c9a06b7b1b7d0fb9c6b2b9\",\"name\":\"Marita Holkeri\",\"image\":{\"@type\":\"ImageObject\",\"inLanguage\":\"fi\",\"@id\":\"https:\/\/koylio-seura.fi\/#\/schema\/person\/image\/\",\"url\":\"https:\/\/secure.gravatar.com\/avatar\/515eac4f85d7b2a6cf676cd832e866082201cebc019f8d4e6bb2872e20c2d0fa?s=96&d=mm&r=g\",\"contentUrl\":\"https:\/\/secure.gravatar.com\/avatar\/515eac4f85d7b2a6cf676cd832e866082201cebc019f8d4e6bb2872e20c2d0fa?s=96&d=mm&r=g\",\"caption\":\"Marita Holkeri\"},\"url\":\"https:\/\/koylio-seura.fi\/?author=6\"}]}<\/script>\n<!-- \/ Yoast SEO plugin. -->","yoast_head_json":{"title":"25.2.2025 K\u00f6yli\u00f6l\u00e4isten kuvien ilta Turussa - K\u00f6yli\u00f6-seura","robots":{"index":"index","follow":"follow","max-snippet":"max-snippet:-1","max-image-preview":"max-image-preview:large","max-video-preview":"max-video-preview:-1"},"canonical":"https:\/\/koylio-seura.fi\/?p=12308","og_locale":"fi_FI","og_type":"article","og_title":"25.2.2025 K\u00f6yli\u00f6l\u00e4isten kuvien ilta Turussa - K\u00f6yli\u00f6-seura","og_description":"\u00a0 T\u00e4st\u00e4 linkist\u00e4 avautuu kuvat ja kertomus K\u00f6yli\u00f6l\u00e4istenkuvien illasta. Hyv\u00e4t K\u00f6yli\u00f6n yst\u00e4v\u00e4t!Tervetuloa k\u00f6yli\u00f6l\u00e4isten kuvien iltaan Turkuun 25.2.2025!Kokoonnumme Panimoravintola Koulun Wecksell-kabinetissa klo 18. Osoite on Eerikinkatu 18, Turku.Ohjelma:&#8211; \u201dSilm\u00e4n ja k\u00e4den lahja &#8211; Jaakko Ojalan valokuvia\u201d, koonnut Samuli Vahteristo Jaakko Ojalan ... Lue lis\u00e4\u00e4","og_url":"https:\/\/koylio-seura.fi\/?p=12308","og_site_name":"K\u00f6yli\u00f6-seura","article_published_time":"2025-01-21T12:05:41+00:00","article_modified_time":"2025-02-27T16:43:38+00:00","author":"Marita Holkeri","twitter_card":"summary_large_image","twitter_misc":{"Kirjoittanut":"Marita Holkeri","Arvioitu lukuaika":"1 minuutti"},"schema":{"@context":"https:\/\/schema.org","@graph":[{"@type":"Article","@id":"https:\/\/koylio-seura.fi\/?p=12308#article","isPartOf":{"@id":"https:\/\/koylio-seura.fi\/?p=12308"},"author":{"name":"Marita Holkeri","@id":"https:\/\/koylio-seura.fi\/#\/schema\/person\/df27e5a4e7c9a06b7b1b7d0fb9c6b2b9"},"headline":"25.2.2025 K\u00f6yli\u00f6l\u00e4isten kuvien ilta Turussa","datePublished":"2025-01-21T12:05:41+00:00","dateModified":"2025-02-27T16:43:38+00:00","mainEntityOfPage":{"@id":"https:\/\/koylio-seura.fi\/?p=12308"},"wordCount":149,"publisher":{"@id":"https:\/\/koylio-seura.fi\/#organization"},"articleSection":["K\u00f6yli\u00f6-seura","K\u00f6yli\u00f6n l\u00e4hialueet","P\u00e4\u00e4kaupunkiseutu","Rauma\/Porin seutu","Tampereen seutu","Turun seutu"],"inLanguage":"fi"},{"@type":"WebPage","@id":"https:\/\/koylio-seura.fi\/?p=12308","url":"https:\/\/koylio-seura.fi\/?p=12308","name":"25.2.2025 K\u00f6yli\u00f6l\u00e4isten kuvien ilta Turussa - K\u00f6yli\u00f6-seura","isPartOf":{"@id":"https:\/\/koylio-seura.fi\/#website"},"datePublished":"2025-01-21T12:05:41+00:00","dateModified":"2025-02-27T16:43:38+00:00","breadcrumb":{"@id":"https:\/\/koylio-seura.fi\/?p=12308#breadcrumb"},"inLanguage":"fi","potentialAction":[{"@type":"ReadAction","target":["https:\/\/koylio-seura.fi\/?p=12308"]}]},{"@type":"BreadcrumbList","@id":"https:\/\/koylio-seura.fi\/?p=12308#breadcrumb","itemListElement":[{"@type":"ListItem","position":1,"name":"Etusivu","item":"https:\/\/koylio-seura.fi\/"},{"@type":"ListItem","position":2,"name":"25.2.2025 K\u00f6yli\u00f6l\u00e4isten kuvien ilta Turussa"}]},{"@type":"WebSite","@id":"https:\/\/koylio-seura.fi\/#website","url":"https:\/\/koylio-seura.fi\/","name":"K\u00f6yli\u00f6-seura","description":"","publisher":{"@id":"https:\/\/koylio-seura.fi\/#organization"},"potentialAction":[{"@type":"SearchAction","target":{"@type":"EntryPoint","urlTemplate":"https:\/\/koylio-seura.fi\/?s={search_term_string}"},"query-input":{"@type":"PropertyValueSpecification","valueRequired":true,"valueName":"search_term_string"}}],"inLanguage":"fi"},{"@type":"Organization","@id":"https:\/\/koylio-seura.fi\/#organization","name":"K\u00f6yli\u00f6-seura","url":"https:\/\/koylio-seura.fi\/","logo":{"@type":"ImageObject","inLanguage":"fi","@id":"https:\/\/koylio-seura.fi\/#\/schema\/logo\/image\/","url":"https:\/\/koylio-seura.fi\/wp-content\/uploads\/2023\/07\/cropped-KS-logo-23.png","contentUrl":"https:\/\/koylio-seura.fi\/wp-content\/uploads\/2023\/07\/cropped-KS-logo-23.png","width":530,"height":619,"caption":"K\u00f6yli\u00f6-seura"},"image":{"@id":"https:\/\/koylio-seura.fi\/#\/schema\/logo\/image\/"}},{"@type":"Person","@id":"https:\/\/koylio-seura.fi\/#\/schema\/person\/df27e5a4e7c9a06b7b1b7d0fb9c6b2b9","name":"Marita Holkeri","image":{"@type":"ImageObject","inLanguage":"fi","@id":"https:\/\/koylio-seura.fi\/#\/schema\/person\/image\/","url":"https:\/\/secure.gravatar.com\/avatar\/515eac4f85d7b2a6cf676cd832e866082201cebc019f8d4e6bb2872e20c2d0fa?s=96&d=mm&r=g","contentUrl":"https:\/\/secure.gravatar.com\/avatar\/515eac4f85d7b2a6cf676cd832e866082201cebc019f8d4e6bb2872e20c2d0fa?s=96&d=mm&r=g","caption":"Marita Holkeri"},"url":"https:\/\/koylio-seura.fi\/?author=6"}]}},"_links":{"self":[{"href":"https:\/\/koylio-seura.fi\/index.php?rest_route=\/wp\/v2\/posts\/12308","targetHints":{"allow":["GET"]}}],"collection":[{"href":"https:\/\/koylio-seura.fi\/index.php?rest_route=\/wp\/v2\/posts"}],"about":[{"href":"https:\/\/koylio-seura.fi\/index.php?rest_route=\/wp\/v2\/types\/post"}],"author":[{"embeddable":true,"href":"https:\/\/koylio-seura.fi\/index.php?rest_route=\/wp\/v2\/users\/6"}],"replies":[{"embeddable":true,"href":"https:\/\/koylio-seura.fi\/index.php?rest_route=%2Fwp%2Fv2%2Fcomments&post=12308"}],"version-history":[{"count":28,"href":"https:\/\/koylio-seura.fi\/index.php?rest_route=\/wp\/v2\/posts\/12308\/revisions"}],"predecessor-version":[{"id":12985,"href":"https:\/\/koylio-seura.fi\/index.php?rest_route=\/wp\/v2\/posts\/12308\/revisions\/12985"}],"wp:attachment":[{"href":"https:\/\/koylio-seura.fi\/index.php?rest_route=%2Fwp%2Fv2%2Fmedia&parent=12308"}],"wp:term":[{"taxonomy":"category","embeddable":true,"href":"https:\/\/koylio-seura.fi\/index.php?rest_route=%2Fwp%2Fv2%2Fcategories&post=12308"},{"taxonomy":"post_tag","embeddable":true,"href":"https:\/\/koylio-seura.fi\/index.php?rest_route=%2Fwp%2Fv2%2Ftags&post=12308"}],"curies":[{"name":"wp","href":"https:\/\/api.w.org\/{rel}","templated":true}]}}